{"id":5260,"date":"2022-12-02T10:57:33","date_gmt":"2022-12-02T09:57:33","guid":{"rendered":"http:\/\/klauskunze.com\/blog\/?p=5260"},"modified":"2022-12-07T09:55:46","modified_gmt":"2022-12-07T08:55:46","slug":"dfb-elf-als-menetekel-einer-zerfallenden-gesellschaft","status":"publish","type":"post","link":"https:\/\/klauskunze.com\/blog\/2022\/12\/02\/dfb-elf-als-menetekel-einer-zerfallenden-gesellschaft\/","title":{"rendered":"DFB-Elf als Menetekel einer zerfallenden Gesellschaft"},"content":{"rendered":"\n<p>\u201eElf Freunde m\u00fc\u00dft ihr sein!\u201c So hatte 1957 ein Buchtitel Sammy Drechsels gelautet. Aus Freunden bestand der von Hansi Flick zusammengew\u00fcrfelte Flickenteppich erkennbar nicht, der bei der WM so j\u00e4mmerlich scheiterte. Die Neue Z\u00fcrcher Zeitung berichtete:<\/p>\n\n\n\n<blockquote class=\"wp-block-quote is-layout-flow wp-block-quote-is-layout-flow\"><p>Mehr oder minder unverbl\u00fcmt richtete sich die Kritik des Spielgestalters Ilkay G\u00fcndogan auch gegen seinen Kollegen aus der Premier League. Der Profi von Manchester City sagte: \u00abMan hatte das Gef\u00fchl, dass nicht jeder den Ball unbedingt haben wollte. Wir haben viel zu oft und viel zu einfach den Ball verloren.\u00bb Havertz zeigte sich nach dem Spiel irritiert \u00fcber die Worte G\u00fcndogans, er verwies auf die gro\u00dfe Anzahl an Torchancen. Die Episode illustriert allerdings auch: Mit jener Harmonie, die Au\u00dfenstehenden gegen\u00fcber gern behauptet wird, ist es im Team des viermaligen Weltmeisters nicht sonderlich weit her.<\/p><cite><a href=\"https:\/\/www.nzz.ch\/sport\/fussball-wm-fuer-deutschland-geht-es-um-alles-oder-nichts-ld.1714192\">Stefan Osterhaus, Mit dem R\u00fccken zur Wand: Vor dem Spiel gegen Spanien deutet viel auf Spannungen im deutschen Nationalteam hin, NZZ 27.11.2022<\/a><\/cite><\/blockquote>\n\n\n\n<p>Von einer Leidenschaft und Bereitschaft jedes Spielers, unbedingt alles f\u00fcr Mannschaft und Sieg zu geben, war nichts zu sehen &#8211; wie auch, bei einer so heterogenen Gesellschaft? Um als Mannschaft zu siegen, h\u00e4tten sie eine homogene Gemeinschaft bilden m\u00fcssen und nicht blo\u00df eine zusammengew\u00fcrfelte Gesellschaft.<\/p>\n\n\n\n<p>Nach au\u00dfen wurde den hochbezahlten Profis eine Homogenit\u00e4t vorgegeben: aber eine ideologische. Sie nahmen auch folgsam vor den Kameras ihre einstudierten Posen ein. Der Fisch f\u00e4ngt vom Kopf zu stinken an. Der DFB r\u00fcstete seine Truppe nicht zum Sieg auf dem Rasen aus, sondern mit woken Clownsfarben. Die vorgesehenen Herrenbinden am Oberarm, wo nach gewisser Tradition politische Armbinden zu sitzen haben, verstie\u00dfen nat\u00fcrlich gegen das FIFA-Verbot politischer Propaganda auf dem Platz. Die Regenbogenbinden seien \u00fcberhaupt nicht politisch, wie es vom peinlich dummen DFB-Verantwortlichen hie\u00df, geh\u00f6rte zum Einf\u00e4ltigsten, was ich je aus Fu\u00dfballermund geh\u00f6rt habe.<\/p>\n\n\n\n<p>Die deutschen Fu\u00dfballfans konnten damit mehrheitlich nichts anfangen. Die DFB-Elf wurde zum Propagandatr\u00e4ger des linksgr\u00fcnen Lagers aufgeblasen. Diesem war die nationale Begeisterung von millionen Deutschen bei fr\u00fcheren Weltmeisterschaften immer ein Stachel im internationalistischen Fleisch. Schwarz-rot-goldenes Fahnenschwenken pa\u00dft nicht zu Multikulti. Darum mu\u00dfte eine handverlesene und passend quotierte Multikulti-Truppe mit Regenbogenbinden nach Katar fliegen.<\/p>\n\n\n\n<p>Die Mehrheit der deutschen Fu\u00dfballanh\u00e4nger schaute sich die Gesichter an und wandte sie achselzuckend ab. Sie fremdelt mit den Spielern. Sie erkannte sich in ihnen nicht wieder. \u201eWas geht es mich an, wenn da Fremde gegen andere Fremde kicken?\u201c Mit Deutschland hatte das nichts mehr zu tun. Es ist kaum noch Identifikation mit diesen Spielern m\u00f6glich. Sie bleiben uns mehrheitlich fremd, auch wenn einzelne hochtalentierte Ballk\u00fcnstler sein m\u00f6gen. Ein verbindendes Wir-Gef\u00fchl kann nicht aufkommen, wenn schon der erste Blick dem Herzen sagt: Das sind Fremde, und sie bleiben uns fremd.<\/p>\n\n\n\n<h3 class=\"wp-block-heading\">Identit\u00e4t oder Entfremdung?<\/h3>\n\n\n\n<p>\u201eWie fremd sich Mannschaft und Publikum geworden sind\u201c, schildert Stefan Osterhaus in der NZZ vom 1.12.2022.<\/p>\n\n\n\n<blockquote class=\"wp-block-quote is-layout-flow wp-block-quote-is-layout-flow\"><p>Allerdings schalteten selbst zum Match gegen Spanien, in dem es f\u00fcr die Deutschen um viel ging, nicht mehr als 17 Millionen Leute ihre TV-Ger\u00e4te ein \u2013 fr\u00fcher waren es bei vergleichbaren Spielen schon einmal 25 Millionen oder mehr. Dieser Wert d\u00fcrfte auch am Donnerstag im letzten Gruppenspiel gegen Costa Rica kaum erreicht werden. &nbsp;Es sind Anzeichen einer schleichenden Entfremdung.<\/p><cite><a href=\"https:\/\/www.nzz.ch\/sport\/die-deutsche-nationalmannschaft-entfremdet-sich-immer-mehr-von-ihrem-publikum-ld.1714764?mktcid=smch&amp;mktcval=fbpost_2022-12-01\">Stefan Osterhaus, Die Mannschaft entfremdet sich immer mehr von ihrem Publikum, NZZ 1.12.2022<\/a><\/cite><\/blockquote>\n\n\n\n<p>Diese Entfremdung, schreibt Osterhaus, \u201eist me\u00dfbar. In Ticketverk\u00e4ufen an Heimspielen, in Einschaltquoten. Den ersten Match gegen Japan sahen am TV nicht mehr als neun Millionen Zuschauer \u2013 ein Tiefstand, wie er kaum f\u00fcr m\u00f6glich gehalten worden war.\u201c<\/p>\n\n\n\n<p>Dabei bildete die Kritik an Katar und seiner von unserer Kultur abweichenden Ideologie nur das Steckenpferd der \u00fcblichen Verd\u00e4chtigen in den Medien. Niemand glaubt, die Scheichs damit beeindrucken zu k\u00f6nnen. Es dient nur unserer eigenen politischen Domestizierung. Ein eingefleischter Fu\u00dfballfan interessiert sich f\u00fcr so etwas allenfalls beil\u00e4ufig. Wichtig sind ihm aber die richtigen Zeichen und Symbole. Doch der DFB setzte die falschen Zeichen.<\/p>\n\n\n\n<h3 class=\"wp-block-heading\">Gemeinschaft braucht Symbole<\/h3>\n\n\n\n<p>Die richtigen Zeichen sind f\u00fcr echte Fu\u00dfballfans unverzichtbar. Sie bestehen aus den Farben des eigenen Vereins und gegebenenfalls weiteren Symbolen wie beim 1. FC dem Gei\u00dfbock. In den eigenen Farben verdichtet sich das Zusammengeh\u00f6rigkeitsgef\u00fchl von Verein, Fans und Mannschaft zur vollst\u00e4ndigen Identifikation. Es bildet sich eine kollektive Gemeinschaftsidentit\u00e4t.<\/p>\n\n\n\n<figure class=\"wp-block-image size-large\"><img loading=\"lazy\" decoding=\"async\" width=\"1024\" height=\"713\" src=\"http:\/\/klauskunze.com\/blog\/wp-content\/uploads\/2022\/12\/1972-025-1.April-1972-1024x713.jpg\" alt=\"\" class=\"wp-image-5263\" srcset=\"https:\/\/klauskunze.com\/blog\/wp-content\/uploads\/2022\/12\/1972-025-1.April-1972-1024x713.jpg 1024w, https:\/\/klauskunze.com\/blog\/wp-content\/uploads\/2022\/12\/1972-025-1.April-1972-300x209.jpg 300w, https:\/\/klauskunze.com\/blog\/wp-content\/uploads\/2022\/12\/1972-025-1.April-1972-768x535.jpg 768w, https:\/\/klauskunze.com\/blog\/wp-content\/uploads\/2022\/12\/1972-025-1.April-1972-1536x1070.jpg 1536w, https:\/\/klauskunze.com\/blog\/wp-content\/uploads\/2022\/12\/1972-025-1.April-1972-2048x1427.jpg 2048w, https:\/\/klauskunze.com\/blog\/wp-content\/uploads\/2022\/12\/1972-025-1.April-1972-900x627.jpg 900w, https:\/\/klauskunze.com\/blog\/wp-content\/uploads\/2022\/12\/1972-025-1.April-1972-1280x892.jpg 1280w\" sizes=\"auto, (max-width: 1024px) 100vw, 1024px\" \/><figcaption><strong>&#8222;Unsere rot-wei\u00dfen Fahnen werden niemals untergehen!&#8220;<\/strong> &#8211; Der Verfasser am 1.4.1972 unter anderen K\u00f6lner FC-Fans bei einem Pokal-Ausw\u00e4rtsspiel in M\u00fcnchen.<\/figcaption><\/figure>\n\n\n\n<p>Der <a href=\"http:\/\/klauskunze.com\/blog\/2022\/12\/06\/noch-immer-die-alten-affen\/\">Biologe Mark W. Moffett <\/a>hat erforscht, da\u00df solche Zeichen des Zusammengeh\u00f6rens von Tieren und Menschen gleicherma\u00dfen verwendet werden. Er nennt sie Marker. Vom Geruch bei Ameisen bis zu markanter Kriegsbemalung bei steinzeitlichen St\u00e4mmen gibt es unz\u00e4hlige M\u00f6glichkeiten. Bei Menschen bildet das Aussehen einen pr\u00e4gnanten Marker, der durch bewu\u00dft gleiche Bekleidung, Sprache oder Riten bekr\u00e4ftigt wird.<\/p>\n\n\n\n<p>Immer geht es darum, die eigenen Leute, denen man grunds\u00e4tzlich vertrauen kann, von den anderen zu unterscheiden, denen man mit skeptischer Vorsicht begegnet. Der Anthropologe Mark Moffett wei\u00df:<\/p>\n\n\n\n<blockquote class=\"wp-block-quote is-layout-flow wp-block-quote-is-layout-flow\"><p>Ein Yankee-Trikot, ein Gothic-Outfit oder eine Berufsuniform kann man ablegen, ohne da\u00df wir nun etwas anderes von der betreffenden Person halten: Der Jugendliche macht eine Phase durch. Dagegen sehen Menschen ab einem Alter von drei Jahren in ihrer Gesellschaft, aber auch in ihrer <em>race<\/em> oder ethnischen Gruppe wesentliche unver\u00e4nderliche Aspekte ihrer Identit\u00e4t, die ebenso durch eine Wesensform dauerhaft festgelegt sind wie die biologische Art.<a id=\"_ftnref1\" href=\"#_ftn1\">[1]<\/a><\/p><cite>Mark W. Moffett, Was uns zusammenh\u00e4lt, Eine Naturgeschichte der Gesellschaft, 1. Auflage 2019. ISBN 978-3-10-002385-8, S.256. <a href=\"http:\/\/klauskunze.com\/blog\/2022\/12\/06\/noch-immer-die-alten-affen\/\">Lesen Sie auch die Rezension des Buchs<\/a>.<\/cite><\/blockquote>\n\n\n\n<p>Kulturelle Marker wie zum Beispiel die Sprache \u201everleihen Menschen die Z\u00e4higkeit, mit der sie anderen Mitgliedern treu bleiben.\u201c<a href=\"#_ftn2\" id=\"_ftnref2\">[2]<\/a> Die an solchen Markern ablesbare Zugeh\u00f6rigkeit zur Gemeinschaft l\u00e4\u00dft uns auch Unbekannte so behandeln, als z\u00e4hlten sie zur Familie. Fremde Marker lassen uns fremdeln. Darum mu\u00dften schon das fremde Aussehen der halben DFB-Mannschaft und zuletzt die in den Vordergrund ger\u00fcckten Regenbogenbinden die Verbundenheit der Deutschen mit ihr nachhaltig zerst\u00f6ren.<\/p>\n\n\n\n<h3 class=\"wp-block-heading\">Die falschen Zeichen<\/h3>\n\n\n\n<p>Warum soll ein Fu\u00dfballfan sich ein schwarz-rot-goldenes F\u00e4hnchen ans Auto stecken, wenn die DFB-Spieler uns so pr\u00e4sentiert werden, wie Nora Braatz es beschreibt:<\/p>\n\n\n\n<blockquote class=\"wp-block-quote is-layout-flow wp-block-quote-is-layout-flow\"><p>Auf Twitter ver\u00f6ffentlichte die Lufthansa ein Video mit dem Flugzeug. Auf dem Bauch der Maschine sind Personen, die in verschiedenen Haut- und Haarfarben gezeichnet wurden. Auch in Gr\u00f6\u00dfe und Geschlecht unterscheiden sich die Menschen, die Arm in Arm stehen. Laut der Fluggesellschaft sei das Ziel der Aktion \u201eeine klare Botschaft an die Welt\u201c zu senden.<\/p><cite>Nora Braatz, DFB-Elf reist mit besonderer Botschaft auf dem Flugzeug Richtung Katar,<a href=\"https:\/\/utopia.de\/news\/dfb-elf-reist-mit-besonderer-botschaft-auf-dem-flugzeug-richtung-katar\/\"> Utopia 14.11.2022<\/a>.<\/cite><\/blockquote>\n\n\n\n<p>Das Nachrichtenportal Utopia berichtete:<\/p>\n\n\n\n<figure class=\"wp-block-image size-full\"><img loading=\"lazy\" decoding=\"async\" width=\"654\" height=\"800\" src=\"http:\/\/klauskunze.com\/blog\/wp-content\/uploads\/2022\/12\/Zuschneiden_3.jpg\" alt=\"\" class=\"wp-image-5261\" srcset=\"https:\/\/klauskunze.com\/blog\/wp-content\/uploads\/2022\/12\/Zuschneiden_3.jpg 654w, https:\/\/klauskunze.com\/blog\/wp-content\/uploads\/2022\/12\/Zuschneiden_3-245x300.jpg 245w\" sizes=\"auto, (max-width: 654px) 100vw, 654px\" \/><figcaption><a href=\"https:\/\/utopia.de\/news\/dfb-elf-reist-mit-besonderer-botschaft-auf-dem-flugzeug-richtung-katar\/\">Berichterstattung auf &#8222;Utopia&#8220; 14.11.2022<\/a><\/figcaption><\/figure>\n\n\n\n<p>Kunterbunt ist nun einmal nicht Schwarz-Rot-Gold, und von einem Transvestiten m\u00f6gen sich die null-komma-x Prozent Transvestiten angezogen f\u00fchlen, aber nicht die Mehrheit des Volkes. Man hat sehr dick aufgetragen, um nur ja keine Zeichen in den Vordergrund zu r\u00fccken, die nationale Verbundenheit ausdr\u00fccken w\u00fcrden, sondern solche, die <em>Daiw\u00f6rsiti<\/em> propagieren: \u201eDiversity Wins\u201c, steht auf dem DFB-Flugzeug.<\/p>\n\n\n\n<p>Diversity hat aber verloren. Das haben sie nun davon. Viele Menschen k\u00f6nnten das f\u00fcr \u201eein Zeichen\u201c halten: In der Konstantin-Biographie des Eusebius von Caesarea hei\u00dft es, der Kaiser habe vor der siegreichen Schlacht im Jahre 312 die Vision eines Lichtkreuzes am Himmel gehabt, verbunden mit den Worten: in hoc signo vinces (\u201eIn diesem Zeichen wirst du siegen\u201c). Er sei daraufhin Christ geworden.<\/p>\n\n\n\n<figure class=\"wp-block-image size-full\"><img loading=\"lazy\" decoding=\"async\" width=\"624\" height=\"534\" src=\"http:\/\/klauskunze.com\/blog\/wp-content\/uploads\/2022\/12\/School_of_Raphael_-_Vision_of_the_Cross.jpg\" alt=\"\" class=\"wp-image-5265\" srcset=\"https:\/\/klauskunze.com\/blog\/wp-content\/uploads\/2022\/12\/School_of_Raphael_-_Vision_of_the_Cross.jpg 624w, https:\/\/klauskunze.com\/blog\/wp-content\/uploads\/2022\/12\/School_of_Raphael_-_Vision_of_the_Cross-300x257.jpg 300w\" sizes=\"auto, (max-width: 624px) 100vw, 624px\" \/><figcaption>&#8222;In diesem Zeichen wirst du siegen&#8220; &#8211; christliche Legende aus dem Jahr 312, Gem\u00e4lde u.a. von Raffael, <a href=\"http:\/\/Von Schule von Raffael - See below., Gemeinfrei, https:\/\/commons.wikimedia.org\/w\/index.php?curid=20199977\">Wikipedia, gemeinfrei<\/a>.<\/figcaption><\/figure>\n\n\n\n<p>Der DFB hat sich offenbar f\u00fcr die falschen Zeichen entschieden. Mit Daiw\u00f6rsiti ist kein Blumentopf zu gewinnen, nicht auf dem Platz und nicht im Lande. Das kl\u00e4gliche Scheitern der selbsternannten Moralweltmeister in der Realit\u00e4t des Wettkampfes bildet selbst ein \u201eZeichen\u201c, ein Menetekel, eine Flammenschrift an der Wand unseres Landes. Es kann kommen und gehen, wer will und ist zu nichts verpflichtet: Ohne Gemeinschaft ist eine Gesellschaft blo\u00df ein besserer H\u00fchnerhaufen.<\/p>\n\n\n\n<p>Er kr\u00e4ht st\u00e4ndig nach F\u00fctterung und l\u00e4uft schnell auseinander, wenn der Habicht kommt.<\/p>\n\n\n\n<hr class=\"wp-block-separator has-alpha-channel-opacity\"\/>\n\n\n\n<p><a href=\"#_ftnref1\" id=\"_ftn1\">[1]<\/a> Fu\u00dfnote von Moffett: C.L.Martin und S.Parker, Folk theories about sex and race differences, 1995, PersSocPsychol B.21:45-57.<\/p>\n\n\n\n<p><a href=\"#_ftnref2\" id=\"_ftn2\">[2]<\/a> Moffett (2019) S.378.<\/p>\n","protected":false},"excerpt":{"rendered":"<p>\u201eElf Freunde m\u00fc\u00dft ihr sein!\u201c So hatte 1957 ein Buchtitel Sammy Drechsels gelautet. Aus Freunden bestand der von Hansi Flick zusammengew\u00fcrfelte Flickenteppich erkennbar nicht, der bei der WM so j\u00e4mmerlich scheiterte. Die Neue Z\u00fcrcher Zeitung berichtete: Mehr oder minder unverbl\u00fcmt richtete sich die Kritik des Spielgestalters Ilkay G\u00fcndogan auch gegen seinen Kollegen aus der Premier [&hellip;]<\/p>\n","protected":false},"author":1,"featured_media":5265,"comment_status":"open","ping_status":"open","sticky":false,"template":"","format":"standard","meta":{"h5ap_radio_sources":[],"twitterCardType":"","cardImageID":0,"cardImage":"","cardTitle":"","cardDesc":"","cardImageAlt":"","cardPlayer":"","cardPlayerWidth":0,"cardPlayerHeight":0,"cardPlayerStream":"","cardPlayerCodec":"","footnotes":""},"categories":[1,20,17],"tags":[],"class_list":["post-5260","post","type-post","status-publish","format-standard","has-post-thumbnail","hentry","category-allgemein","category-philosophie","category-politik"],"yoast_head":"<!-- This site is optimized with the Yoast SEO plugin v27.5 - https:\/\/yoast.com\/product\/yoast-seo-wordpress\/ -->\n<title>DFB-Elf als Menetekel einer zerfallenden Gesellschaft - Klaus Kunze<\/title>\n<meta name=\"robots\" content=\"index, follow, max-snippet:-1, max-image-preview:large, max-video-preview:-1\" \/>\n<link rel=\"canonical\" href=\"https:\/\/klauskunze.com\/blog\/2022\/12\/02\/dfb-elf-als-menetekel-einer-zerfallenden-gesellschaft\/\" \/>\n<meta property=\"og:locale\" content=\"de_DE\" \/>\n<meta property=\"og:type\" content=\"article\" \/>\n<meta property=\"og:title\" content=\"DFB-Elf als Menetekel einer zerfallenden Gesellschaft - Klaus Kunze\" \/>\n<meta property=\"og:description\" content=\"\u201eElf Freunde m\u00fc\u00dft ihr sein!\u201c So hatte 1957 ein Buchtitel Sammy Drechsels gelautet. Aus Freunden bestand der von Hansi Flick zusammengew\u00fcrfelte Flickenteppich erkennbar nicht, der bei der WM so j\u00e4mmerlich scheiterte. Die Neue Z\u00fcrcher Zeitung berichtete: Mehr oder minder unverbl\u00fcmt richtete sich die Kritik des Spielgestalters Ilkay G\u00fcndogan auch gegen seinen Kollegen aus der Premier [&hellip;]\" \/>\n<meta property=\"og:url\" content=\"https:\/\/klauskunze.com\/blog\/2022\/12\/02\/dfb-elf-als-menetekel-einer-zerfallenden-gesellschaft\/\" \/>\n<meta property=\"og:site_name\" content=\"Klaus Kunze\" \/>\n<meta property=\"article:published_time\" content=\"2022-12-02T09:57:33+00:00\" \/>\n<meta property=\"article:modified_time\" content=\"2022-12-07T08:55:46+00:00\" \/>\n<meta property=\"og:image\" content=\"https:\/\/klauskunze.com\/blog\/wp-content\/uploads\/2022\/12\/School_of_Raphael_-_Vision_of_the_Cross.jpg\" \/>\n\t<meta property=\"og:image:width\" content=\"624\" \/>\n\t<meta property=\"og:image:height\" content=\"534\" \/>\n\t<meta property=\"og:image:type\" content=\"image\/jpeg\" \/>\n<meta name=\"author\" content=\"Klaus Kunze\" \/>\n<meta name=\"twitter:label1\" content=\"Verfasst von\" \/>\n\t<meta name=\"twitter:data1\" content=\"Klaus Kunze\" \/>\n\t<meta name=\"twitter:label2\" content=\"Gesch\u00e4tzte Lesezeit\" \/>\n\t<meta name=\"twitter:data2\" content=\"7\u00a0Minuten\" \/>\n<script type=\"application\/ld+json\" class=\"yoast-schema-graph\">{\"@context\":\"https:\\\/\\\/schema.org\",\"@graph\":[{\"@type\":\"Article\",\"@id\":\"https:\\\/\\\/klauskunze.com\\\/blog\\\/2022\\\/12\\\/02\\\/dfb-elf-als-menetekel-einer-zerfallenden-gesellschaft\\\/#article\",\"isPartOf\":{\"@id\":\"https:\\\/\\\/klauskunze.com\\\/blog\\\/2022\\\/12\\\/02\\\/dfb-elf-als-menetekel-einer-zerfallenden-gesellschaft\\\/\"},\"author\":{\"name\":\"Klaus Kunze\",\"@id\":\"https:\\\/\\\/klauskunze.com\\\/blog\\\/#\\\/schema\\\/person\\\/9c091cf30ab68b897db6a517e3c3b11b\"},\"headline\":\"DFB-Elf als Menetekel einer zerfallenden Gesellschaft\",\"datePublished\":\"2022-12-02T09:57:33+00:00\",\"dateModified\":\"2022-12-07T08:55:46+00:00\",\"mainEntityOfPage\":{\"@id\":\"https:\\\/\\\/klauskunze.com\\\/blog\\\/2022\\\/12\\\/02\\\/dfb-elf-als-menetekel-einer-zerfallenden-gesellschaft\\\/\"},\"wordCount\":1379,\"commentCount\":1,\"publisher\":{\"@id\":\"https:\\\/\\\/klauskunze.com\\\/blog\\\/#\\\/schema\\\/person\\\/9c091cf30ab68b897db6a517e3c3b11b\"},\"image\":{\"@id\":\"https:\\\/\\\/klauskunze.com\\\/blog\\\/2022\\\/12\\\/02\\\/dfb-elf-als-menetekel-einer-zerfallenden-gesellschaft\\\/#primaryimage\"},\"thumbnailUrl\":\"https:\\\/\\\/klauskunze.com\\\/blog\\\/wp-content\\\/uploads\\\/2022\\\/12\\\/School_of_Raphael_-_Vision_of_the_Cross.jpg\",\"articleSection\":{\"1\":\"Philosophie\",\"2\":\"Politik\"},\"inLanguage\":\"de\",\"potentialAction\":[{\"@type\":\"CommentAction\",\"name\":\"Comment\",\"target\":[\"https:\\\/\\\/klauskunze.com\\\/blog\\\/2022\\\/12\\\/02\\\/dfb-elf-als-menetekel-einer-zerfallenden-gesellschaft\\\/#respond\"]}]},{\"@type\":\"WebPage\",\"@id\":\"https:\\\/\\\/klauskunze.com\\\/blog\\\/2022\\\/12\\\/02\\\/dfb-elf-als-menetekel-einer-zerfallenden-gesellschaft\\\/\",\"url\":\"https:\\\/\\\/klauskunze.com\\\/blog\\\/2022\\\/12\\\/02\\\/dfb-elf-als-menetekel-einer-zerfallenden-gesellschaft\\\/\",\"name\":\"DFB-Elf als Menetekel einer zerfallenden Gesellschaft - Klaus Kunze\",\"isPartOf\":{\"@id\":\"https:\\\/\\\/klauskunze.com\\\/blog\\\/#website\"},\"primaryImageOfPage\":{\"@id\":\"https:\\\/\\\/klauskunze.com\\\/blog\\\/2022\\\/12\\\/02\\\/dfb-elf-als-menetekel-einer-zerfallenden-gesellschaft\\\/#primaryimage\"},\"image\":{\"@id\":\"https:\\\/\\\/klauskunze.com\\\/blog\\\/2022\\\/12\\\/02\\\/dfb-elf-als-menetekel-einer-zerfallenden-gesellschaft\\\/#primaryimage\"},\"thumbnailUrl\":\"https:\\\/\\\/klauskunze.com\\\/blog\\\/wp-content\\\/uploads\\\/2022\\\/12\\\/School_of_Raphael_-_Vision_of_the_Cross.jpg\",\"datePublished\":\"2022-12-02T09:57:33+00:00\",\"dateModified\":\"2022-12-07T08:55:46+00:00\",\"breadcrumb\":{\"@id\":\"https:\\\/\\\/klauskunze.com\\\/blog\\\/2022\\\/12\\\/02\\\/dfb-elf-als-menetekel-einer-zerfallenden-gesellschaft\\\/#breadcrumb\"},\"inLanguage\":\"de\",\"potentialAction\":[{\"@type\":\"ReadAction\",\"target\":[\"https:\\\/\\\/klauskunze.com\\\/blog\\\/2022\\\/12\\\/02\\\/dfb-elf-als-menetekel-einer-zerfallenden-gesellschaft\\\/\"]}]},{\"@type\":\"ImageObject\",\"inLanguage\":\"de\",\"@id\":\"https:\\\/\\\/klauskunze.com\\\/blog\\\/2022\\\/12\\\/02\\\/dfb-elf-als-menetekel-einer-zerfallenden-gesellschaft\\\/#primaryimage\",\"url\":\"https:\\\/\\\/klauskunze.com\\\/blog\\\/wp-content\\\/uploads\\\/2022\\\/12\\\/School_of_Raphael_-_Vision_of_the_Cross.jpg\",\"contentUrl\":\"https:\\\/\\\/klauskunze.com\\\/blog\\\/wp-content\\\/uploads\\\/2022\\\/12\\\/School_of_Raphael_-_Vision_of_the_Cross.jpg\",\"width\":624,\"height\":534},{\"@type\":\"BreadcrumbList\",\"@id\":\"https:\\\/\\\/klauskunze.com\\\/blog\\\/2022\\\/12\\\/02\\\/dfb-elf-als-menetekel-einer-zerfallenden-gesellschaft\\\/#breadcrumb\",\"itemListElement\":[{\"@type\":\"ListItem\",\"position\":1,\"name\":\"Startseite\",\"item\":\"https:\\\/\\\/klauskunze.com\\\/blog\\\/\"},{\"@type\":\"ListItem\",\"position\":2,\"name\":\"DFB-Elf als Menetekel einer zerfallenden Gesellschaft\"}]},{\"@type\":\"WebSite\",\"@id\":\"https:\\\/\\\/klauskunze.com\\\/blog\\\/#website\",\"url\":\"https:\\\/\\\/klauskunze.com\\\/blog\\\/\",\"name\":\"Klaus Kunze\",\"description\":\"Blog\",\"publisher\":{\"@id\":\"https:\\\/\\\/klauskunze.com\\\/blog\\\/#\\\/schema\\\/person\\\/9c091cf30ab68b897db6a517e3c3b11b\"},\"potentialAction\":[{\"@type\":\"SearchAction\",\"target\":{\"@type\":\"EntryPoint\",\"urlTemplate\":\"https:\\\/\\\/klauskunze.com\\\/blog\\\/?s={search_term_string}\"},\"query-input\":{\"@type\":\"PropertyValueSpecification\",\"valueRequired\":true,\"valueName\":\"search_term_string\"}}],\"inLanguage\":\"de\"},{\"@type\":[\"Person\",\"Organization\"],\"@id\":\"https:\\\/\\\/klauskunze.com\\\/blog\\\/#\\\/schema\\\/person\\\/9c091cf30ab68b897db6a517e3c3b11b\",\"name\":\"Klaus Kunze\",\"image\":{\"@type\":\"ImageObject\",\"inLanguage\":\"de\",\"@id\":\"https:\\\/\\\/secure.gravatar.com\\\/avatar\\\/5cd83cadbada9c331a79952fcca177ed3d3be4c7ad3239b9d934bf84adff15dd?s=96&d=blank&r=g\",\"url\":\"https:\\\/\\\/secure.gravatar.com\\\/avatar\\\/5cd83cadbada9c331a79952fcca177ed3d3be4c7ad3239b9d934bf84adff15dd?s=96&d=blank&r=g\",\"contentUrl\":\"https:\\\/\\\/secure.gravatar.com\\\/avatar\\\/5cd83cadbada9c331a79952fcca177ed3d3be4c7ad3239b9d934bf84adff15dd?s=96&d=blank&r=g\",\"caption\":\"Klaus Kunze\"},\"logo\":{\"@id\":\"https:\\\/\\\/secure.gravatar.com\\\/avatar\\\/5cd83cadbada9c331a79952fcca177ed3d3be4c7ad3239b9d934bf84adff15dd?s=96&d=blank&r=g\"},\"sameAs\":[\"http:\\\/\\\/KlausKunze.com\",\"https:\\\/\\\/x.com\\\/https:\\\/\\\/twitter.com\\\/KlausKunze3\"]}]}<\/script>\n<!-- \/ Yoast SEO plugin. -->","yoast_head_json":{"title":"DFB-Elf als Menetekel einer zerfallenden Gesellschaft - Klaus Kunze","robots":{"index":"index","follow":"follow","max-snippet":"max-snippet:-1","max-image-preview":"max-image-preview:large","max-video-preview":"max-video-preview:-1"},"canonical":"https:\/\/klauskunze.com\/blog\/2022\/12\/02\/dfb-elf-als-menetekel-einer-zerfallenden-gesellschaft\/","og_locale":"de_DE","og_type":"article","og_title":"DFB-Elf als Menetekel einer zerfallenden Gesellschaft - Klaus Kunze","og_description":"\u201eElf Freunde m\u00fc\u00dft ihr sein!\u201c So hatte 1957 ein Buchtitel Sammy Drechsels gelautet. Aus Freunden bestand der von Hansi Flick zusammengew\u00fcrfelte Flickenteppich erkennbar nicht, der bei der WM so j\u00e4mmerlich scheiterte. Die Neue Z\u00fcrcher Zeitung berichtete: Mehr oder minder unverbl\u00fcmt richtete sich die Kritik des Spielgestalters Ilkay G\u00fcndogan auch gegen seinen Kollegen aus der Premier [&hellip;]","og_url":"https:\/\/klauskunze.com\/blog\/2022\/12\/02\/dfb-elf-als-menetekel-einer-zerfallenden-gesellschaft\/","og_site_name":"Klaus Kunze","article_published_time":"2022-12-02T09:57:33+00:00","article_modified_time":"2022-12-07T08:55:46+00:00","og_image":[{"width":624,"height":534,"url":"https:\/\/klauskunze.com\/blog\/wp-content\/uploads\/2022\/12\/School_of_Raphael_-_Vision_of_the_Cross.jpg","type":"image\/jpeg"}],"author":"Klaus Kunze","twitter_misc":{"Verfasst von":"Klaus Kunze","Gesch\u00e4tzte Lesezeit":"7\u00a0Minuten"},"schema":{"@context":"https:\/\/schema.org","@graph":[{"@type":"Article","@id":"https:\/\/klauskunze.com\/blog\/2022\/12\/02\/dfb-elf-als-menetekel-einer-zerfallenden-gesellschaft\/#article","isPartOf":{"@id":"https:\/\/klauskunze.com\/blog\/2022\/12\/02\/dfb-elf-als-menetekel-einer-zerfallenden-gesellschaft\/"},"author":{"name":"Klaus Kunze","@id":"https:\/\/klauskunze.com\/blog\/#\/schema\/person\/9c091cf30ab68b897db6a517e3c3b11b"},"headline":"DFB-Elf als Menetekel einer zerfallenden Gesellschaft","datePublished":"2022-12-02T09:57:33+00:00","dateModified":"2022-12-07T08:55:46+00:00","mainEntityOfPage":{"@id":"https:\/\/klauskunze.com\/blog\/2022\/12\/02\/dfb-elf-als-menetekel-einer-zerfallenden-gesellschaft\/"},"wordCount":1379,"commentCount":1,"publisher":{"@id":"https:\/\/klauskunze.com\/blog\/#\/schema\/person\/9c091cf30ab68b897db6a517e3c3b11b"},"image":{"@id":"https:\/\/klauskunze.com\/blog\/2022\/12\/02\/dfb-elf-als-menetekel-einer-zerfallenden-gesellschaft\/#primaryimage"},"thumbnailUrl":"https:\/\/klauskunze.com\/blog\/wp-content\/uploads\/2022\/12\/School_of_Raphael_-_Vision_of_the_Cross.jpg","articleSection":{"1":"Philosophie","2":"Politik"},"inLanguage":"de","potentialAction":[{"@type":"CommentAction","name":"Comment","target":["https:\/\/klauskunze.com\/blog\/2022\/12\/02\/dfb-elf-als-menetekel-einer-zerfallenden-gesellschaft\/#respond"]}]},{"@type":"WebPage","@id":"https:\/\/klauskunze.com\/blog\/2022\/12\/02\/dfb-elf-als-menetekel-einer-zerfallenden-gesellschaft\/","url":"https:\/\/klauskunze.com\/blog\/2022\/12\/02\/dfb-elf-als-menetekel-einer-zerfallenden-gesellschaft\/","name":"DFB-Elf als Menetekel einer zerfallenden Gesellschaft - Klaus Kunze","isPartOf":{"@id":"https:\/\/klauskunze.com\/blog\/#website"},"primaryImageOfPage":{"@id":"https:\/\/klauskunze.com\/blog\/2022\/12\/02\/dfb-elf-als-menetekel-einer-zerfallenden-gesellschaft\/#primaryimage"},"image":{"@id":"https:\/\/klauskunze.com\/blog\/2022\/12\/02\/dfb-elf-als-menetekel-einer-zerfallenden-gesellschaft\/#primaryimage"},"thumbnailUrl":"https:\/\/klauskunze.com\/blog\/wp-content\/uploads\/2022\/12\/School_of_Raphael_-_Vision_of_the_Cross.jpg","datePublished":"2022-12-02T09:57:33+00:00","dateModified":"2022-12-07T08:55:46+00:00","breadcrumb":{"@id":"https:\/\/klauskunze.com\/blog\/2022\/12\/02\/dfb-elf-als-menetekel-einer-zerfallenden-gesellschaft\/#breadcrumb"},"inLanguage":"de","potentialAction":[{"@type":"ReadAction","target":["https:\/\/klauskunze.com\/blog\/2022\/12\/02\/dfb-elf-als-menetekel-einer-zerfallenden-gesellschaft\/"]}]},{"@type":"ImageObject","inLanguage":"de","@id":"https:\/\/klauskunze.com\/blog\/2022\/12\/02\/dfb-elf-als-menetekel-einer-zerfallenden-gesellschaft\/#primaryimage","url":"https:\/\/klauskunze.com\/blog\/wp-content\/uploads\/2022\/12\/School_of_Raphael_-_Vision_of_the_Cross.jpg","contentUrl":"https:\/\/klauskunze.com\/blog\/wp-content\/uploads\/2022\/12\/School_of_Raphael_-_Vision_of_the_Cross.jpg","width":624,"height":534},{"@type":"BreadcrumbList","@id":"https:\/\/klauskunze.com\/blog\/2022\/12\/02\/dfb-elf-als-menetekel-einer-zerfallenden-gesellschaft\/#breadcrumb","itemListElement":[{"@type":"ListItem","position":1,"name":"Startseite","item":"https:\/\/klauskunze.com\/blog\/"},{"@type":"ListItem","position":2,"name":"DFB-Elf als Menetekel einer zerfallenden Gesellschaft"}]},{"@type":"WebSite","@id":"https:\/\/klauskunze.com\/blog\/#website","url":"https:\/\/klauskunze.com\/blog\/","name":"Klaus Kunze","description":"Blog","publisher":{"@id":"https:\/\/klauskunze.com\/blog\/#\/schema\/person\/9c091cf30ab68b897db6a517e3c3b11b"},"potentialAction":[{"@type":"SearchAction","target":{"@type":"EntryPoint","urlTemplate":"https:\/\/klauskunze.com\/blog\/?s={search_term_string}"},"query-input":{"@type":"PropertyValueSpecification","valueRequired":true,"valueName":"search_term_string"}}],"inLanguage":"de"},{"@type":["Person","Organization"],"@id":"https:\/\/klauskunze.com\/blog\/#\/schema\/person\/9c091cf30ab68b897db6a517e3c3b11b","name":"Klaus Kunze","image":{"@type":"ImageObject","inLanguage":"de","@id":"https:\/\/secure.gravatar.com\/avatar\/5cd83cadbada9c331a79952fcca177ed3d3be4c7ad3239b9d934bf84adff15dd?s=96&d=blank&r=g","url":"https:\/\/secure.gravatar.com\/avatar\/5cd83cadbada9c331a79952fcca177ed3d3be4c7ad3239b9d934bf84adff15dd?s=96&d=blank&r=g","contentUrl":"https:\/\/secure.gravatar.com\/avatar\/5cd83cadbada9c331a79952fcca177ed3d3be4c7ad3239b9d934bf84adff15dd?s=96&d=blank&r=g","caption":"Klaus Kunze"},"logo":{"@id":"https:\/\/secure.gravatar.com\/avatar\/5cd83cadbada9c331a79952fcca177ed3d3be4c7ad3239b9d934bf84adff15dd?s=96&d=blank&r=g"},"sameAs":["http:\/\/KlausKunze.com","https:\/\/x.com\/https:\/\/twitter.com\/KlausKunze3"]}]}},"post_mailing_queue_ids":[],"_links":{"self":[{"href":"https:\/\/klauskunze.com\/blog\/wp-json\/wp\/v2\/posts\/5260","targetHints":{"allow":["GET"]}}],"collection":[{"href":"https:\/\/klauskunze.com\/blog\/wp-json\/wp\/v2\/posts"}],"about":[{"href":"https:\/\/klauskunze.com\/blog\/wp-json\/wp\/v2\/types\/post"}],"author":[{"embeddable":true,"href":"https:\/\/klauskunze.com\/blog\/wp-json\/wp\/v2\/users\/1"}],"replies":[{"embeddable":true,"href":"https:\/\/klauskunze.com\/blog\/wp-json\/wp\/v2\/comments?post=5260"}],"version-history":[{"count":8,"href":"https:\/\/klauskunze.com\/blog\/wp-json\/wp\/v2\/posts\/5260\/revisions"}],"predecessor-version":[{"id":5308,"href":"https:\/\/klauskunze.com\/blog\/wp-json\/wp\/v2\/posts\/5260\/revisions\/5308"}],"wp:featuredmedia":[{"embeddable":true,"href":"https:\/\/klauskunze.com\/blog\/wp-json\/wp\/v2\/media\/5265"}],"wp:attachment":[{"href":"https:\/\/klauskunze.com\/blog\/wp-json\/wp\/v2\/media?parent=5260"}],"wp:term":[{"taxonomy":"category","embeddable":true,"href":"https:\/\/klauskunze.com\/blog\/wp-json\/wp\/v2\/categories?post=5260"},{"taxonomy":"post_tag","embeddable":true,"href":"https:\/\/klauskunze.com\/blog\/wp-json\/wp\/v2\/tags?post=5260"}],"curies":[{"name":"wp","href":"https:\/\/api.w.org\/{rel}","templated":true}]}}