{"id":5342,"date":"2023-01-01T16:21:34","date_gmt":"2023-01-01T15:21:34","guid":{"rendered":"http:\/\/klauskunze.com\/blog\/?p=5342"},"modified":"2023-01-07T12:03:40","modified_gmt":"2023-01-07T11:03:40","slug":"2023-klaren-kopf-bewahren","status":"publish","type":"post","link":"https:\/\/klauskunze.com\/blog\/2023\/01\/01\/2023-klaren-kopf-bewahren\/","title":{"rendered":"2023 klaren Kopf bewahren"},"content":{"rendered":"\n<h3 class=\"wp-block-heading\">Sinnloses Schicksal<\/h3>\n\n\n\n<p>Wer sich die Wirkung des sinnlosen Zufalls nicht zu erkl\u00e4ren wei\u00df, nimmt gern Zuflucht bei einem Glauben: oft an esoterische, metaphysische Wesenheiten. Darunter leiden Menschen besonders, wenn die Erkl\u00e4rungsbed\u00fcrftigkeit des \u201eSchicksals\u201c die Kr\u00e4fte des Verstandes weit \u00fcbersteigt: Warum wird dieses Jahr der Kohl nicht fett? Warum mu\u00dfte gerade dieser gute Mensch bei einem Unfall sterben?<\/p>\n\n\n\n<p>F\u00fcr schlichte Gem\u00fcter bietet sich vor der harten <a href=\"http:\/\/klauskunze.com\/blog\/2022\/11\/22\/leiden-an-der-realitaet\/\">Realit\u00e4t <\/a>eine Zuflucht bei numinosen h\u00f6heren M\u00e4chten an. Von diesen erwartet er klare Anweisungen. Erf\u00fcllt er sie, sollte ihn das sch\u00fctzen. Viele Religionen nennen solche g\u00f6ttlichen Anweisungen \u201eGebote\u201c. Halb aufgekl\u00e4rten Schlaumeiern war die Vorstellung peinlich, da thronte irgendwo im Nirgendwo ein alter Herr mit Rauschebart, regiere die Welt und \u00fcberwache seine Gebote. Sie behaupteten als &#8222;Naturrechtler&#8220;, die moralischen Gebote seien von seiner Geburt an jedem Menschen immanent. Alle Welt habe sich darum gef\u00e4lligst an sie zu halten.<\/p>\n\n\n\n<h3 class=\"wp-block-heading\">Die vollendete Aufkl\u00e4rung<\/h3>\n\n\n\n<p>Nach Vollendung der Aufkl\u00e4rung erkannte man: Es gibt keine absolut, vorstaatlich und universell geltenden moralischen Gebote und Verbote. Diese existieren nur im Kopf jeweils des Menschen, der sie sich ausgedacht hat. Menschen k\u00f6nnen das ausgezeichnet. Jeder hat Vorstellungen davon, was moralisch gut oder b\u00f6se ist, richtig oder falsch. Diese Vorstellung widerspiegeln den innersten Charakter eines jeden Menschen, seine Bed\u00fcrfnisse und Hoffnungen, seine tiefsten \u00c4ngste und k\u00fchnsten Tr\u00e4ume.<\/p>\n\n\n\n<p>Menschen verm\u00f6gen es, ihrem Leben einen Sinn zu geben, gerade so, wie der Schmied einem Schwert oder einer Pflugschar Zweckbestimmung und Sinn verleiht. Selbstbestimmt seinem Leben einen Sinn zu geben w\u00e4re vergebene M\u00fche, h\u00e4tte das Leben jedes Menschen schon bei seiner Geburt einen Sinn erhalten, einen vorgegebenen Lebenssinn von oben, eine Sinnstiftung per orde Mufti sozusagen.<\/p>\n\n\n\n<figure class=\"wp-block-image size-large\"><img loading=\"lazy\" decoding=\"async\" width=\"824\" height=\"1024\" src=\"http:\/\/klauskunze.com\/blog\/wp-content\/uploads\/2023\/01\/cpg832__z4-040a-824x1024.jpg\" alt=\"\" class=\"wp-image-5345\" srcset=\"https:\/\/klauskunze.com\/blog\/wp-content\/uploads\/2023\/01\/cpg832__z4-040a-824x1024.jpg 824w, https:\/\/klauskunze.com\/blog\/wp-content\/uploads\/2023\/01\/cpg832__z4-040a-241x300.jpg 241w, https:\/\/klauskunze.com\/blog\/wp-content\/uploads\/2023\/01\/cpg832__z4-040a-768x954.jpg 768w, https:\/\/klauskunze.com\/blog\/wp-content\/uploads\/2023\/01\/cpg832__z4-040a-1236x1536.jpg 1236w, https:\/\/klauskunze.com\/blog\/wp-content\/uploads\/2023\/01\/cpg832__z4-040a-1648x2048.jpg 1648w, https:\/\/klauskunze.com\/blog\/wp-content\/uploads\/2023\/01\/cpg832__z4-040a-900x1118.jpg 900w, https:\/\/klauskunze.com\/blog\/wp-content\/uploads\/2023\/01\/cpg832__z4-040a-1280x1590.jpg 1280w\" sizes=\"auto, (max-width: 824px) 100vw, 824px\" \/><figcaption><strong>Einst glaubte man an Vorbestimmung, die man in den Sternen suchte<\/strong>. Was man fand, erwies sich sp\u00e4ter als Hokuspokus<br><a href=\"http:\/\/digi.ub.uni-heidelberg.de\/diglit\/cpg832\/0040\">Heidelberger Schicksalsbuch, nach 1491, Universit\u00e4t Heidelberg<\/a><\/figcaption><\/figure>\n\n\n\n<p>Alle Menschen sind frei geboren: frei n\u00e4mlich von metaphysischen Sinnstiftungen aus dem \u201eJenseits\u201c. Solche Sinnstiftungen k\u00f6nnen wir uns zwar vorstellen: Wir k\u00f6nnen uns einbilden, unserem Leben sei ein Sinn vorbestimmt, und um ihn zu erf\u00fcllen, m\u00fc\u00dften wir irgendwelche Gebote beachten, die listige \u201eSeelsorger\u201c uns ins Ohr fl\u00fcstern.<\/p>\n\n\n\n<h3 class=\"wp-block-heading\">Zigeuner am Rande des Universums<\/h3>\n\n\n\n<p>Tats\u00e4chlich existieren alle diese Gebote aber nur in unseren K\u00f6pfen. Au\u00dferhalb unseres \u201eirdischen Diesseits\u201c ist nichts &#8211; nihil, wie die Lateiner sagen. Nach den Worten den Nobelpreistr\u00e4gers <a href=\"https:\/\/de.wikipedia.org\/wiki\/Jacques_Monod_(Biologe)\">Jacques Monod<\/a> sind wir Menschen Zigeuner am Rande des Universums. Es ist taub f\u00fcr unser Flehen um Sinnstiftungen und Gebote.<\/p>\n\n\n\n<p>Wer das begriffen hat, kann unbeschwert und frei seinem Leben einen Sinn geben und seine moralische Landkarte individuell und flexibel gestalten. Er wei\u00df, da\u00df jedermann das kann. Menschen mit anderem moralischem Kompa\u00df zwinkert er verst\u00e4ndnisvoll zu: auch ein freier Mensch! Meinen Respekt!<\/p>\n\n\n\n<p>Moralische Arroganz aber verachtet er und verabscheut es, wenn andere Menschen ihre Herrschaft \u00fcber ihn mit Geboten ihrer Herrschaftsmoral begr\u00fcnden wollen. Gl\u00e4ubige Schafe dagegen fallen immer wieder auf solche Versuche von \u201eHirten\u201c herein:<\/p>\n\n\n\n<blockquote class=\"wp-block-quote is-layout-flow wp-block-quote-is-layout-flow\"><p>Ein neuer Nihilismus st\u00fcrzt die Menschen in totale Verzweiflung und l\u00e4\u00dft sie im Ha\u00df auf alles Gute und Sch\u00f6ne erstarren.<\/p><cite>Gerhard Kardinal M\u00fcller, <a href=\"https:\/\/www.tichyseinblick.de\/gastbeitrag\/mueller-heilswille-neujahr\/\">Wer an Gottes Heilswillen glaubt, braucht sich nicht von selbsternannten Erl\u00f6sern der Menschheit bet\u00f6ren zu lassen, Tichys Einblick 1.1.2023<\/a>.<\/cite><\/blockquote>\n\n\n\n<h3 class=\"wp-block-heading\">Die Verleumdung der Freiheit<\/h3>\n\n\n\n<p>Was f\u00fcr ein ausgemachter Unsinn! Welch groteske Verleumdung menschlicher Freiheit!<\/p>\n\n\n\n<p>Wer bemerkt, da\u00df die ihn gelehrten \u201eGebote\u201c vor Jahrtausenden von den Priestern irgendwelcher Ziegenhirten erfunden und aufgeschrieben worden sind, wird vielleicht verzweifelt sein, da\u00df er das nicht schon lange gemerkt hat. Dann kann er befreit und fr\u00f6hlich an sein Tagwerk gehen. Er erstarrt nicht \u201eim Ha\u00df auf alles Gute und Sch\u00f6ne\u201c, sondern darf sich ermutigt f\u00fchlen, ab sofort selbst zu bestimmen, was f\u00fcr ihn das Gute und das Sch\u00f6ne ist.<\/p>\n\n\n\n<p>Ihn plagt kein Gewissen, wenn er auf der Br\u00fchl\u2019schen Terrasse in Dresden nichtsahnend eine Treppe hochgeht und sich ein sch\u00f6ner Nackedei vor der Kamera eines Fotografen r\u00e4kelt. S\u00fcnde? Mu\u00df ich mir verkneifen, eine andere Frau zu begehren? Jeder freie Geist urteilt und handelt nach seiner eigenen Facon.<\/p>\n\n\n\n<figure class=\"wp-block-image size-large\"><img loading=\"lazy\" decoding=\"async\" width=\"1024\" height=\"954\" src=\"http:\/\/klauskunze.com\/blog\/wp-content\/uploads\/2023\/01\/2022-09-24-174-1024x954.jpg\" alt=\"\" class=\"wp-image-5343\" srcset=\"https:\/\/klauskunze.com\/blog\/wp-content\/uploads\/2023\/01\/2022-09-24-174-1024x954.jpg 1024w, https:\/\/klauskunze.com\/blog\/wp-content\/uploads\/2023\/01\/2022-09-24-174-300x279.jpg 300w, https:\/\/klauskunze.com\/blog\/wp-content\/uploads\/2023\/01\/2022-09-24-174-768x715.jpg 768w, https:\/\/klauskunze.com\/blog\/wp-content\/uploads\/2023\/01\/2022-09-24-174-1536x1431.jpg 1536w, https:\/\/klauskunze.com\/blog\/wp-content\/uploads\/2023\/01\/2022-09-24-174-2048x1908.jpg 2048w, https:\/\/klauskunze.com\/blog\/wp-content\/uploads\/2023\/01\/2022-09-24-174-900x838.jpg 900w, https:\/\/klauskunze.com\/blog\/wp-content\/uploads\/2023\/01\/2022-09-24-174-1280x1192.jpg 1280w\" sizes=\"auto, (max-width: 1024px) 100vw, 1024px\" \/><figcaption><strong>Wenn wir im Vordergrund etwas Sch\u00f6nes vor dem Hintergrund von Sch\u00f6nem sehen, darf jeder \u00fcber gut und b\u00f6se, sch\u00f6n und h\u00e4\u00dflich selbst frei entscheiden.<\/strong><br>(Dresden, Br\u00fchl&#8217;sche Terrasse, 24.9.2022, Foto-Session mit Model, Zufallsfoto des Verfassers in der \u00d6ffentlichkeit)<\/figcaption><\/figure>\n\n\n\n<p>Ha\u00df und Zorn der Priester perlen von ihm ab. Diese beschw\u00f6ren gegen ihn<\/p>\n\n\n\n<blockquote class=\"wp-block-quote is-layout-flow wp-block-quote-is-layout-flow\"><p>die j\u00fcdisch-christliche Auffassung von der Sch\u00f6pfung der Welt, wobei Zeit und Raum nur Koeffizienten des durch das Wort (den Logos) Gottes Gewordenen bilden. Da Gott Ursprung und Ziel des auf ihn hin geschaffenen Menschen ist, werden Raum und Zeit nicht mehr als der erbarmungslose Rhythmus des Werdens und Vergehens oder des blinden Naturgesetzes von Stirb und Werde gef\u00fcrchtet, sondern als vergebene M\u00f6glichkeiten der Entfaltung und Vollendung der menschlichen Person in der Liebe zu Gott und zum N\u00e4chsten und zur Annahme seiner selbst als Sohn und Tochter Gottes in Jesus Christus, seinem Sohn, der die Mitte der Zeit darstellt oder der der Zeit ihr Zentrum gegeben hat in seiner Person.<\/p><cite>Gerhard Kardinal M\u00fcller, <a href=\"https:\/\/www.tichyseinblick.de\/gastbeitrag\/mueller-heilswille-neujahr\/\">Wer an Gottes Heilswillen glaubt, braucht sich nicht von selbsternannten Erl\u00f6sern der Menschheit bet\u00f6ren zu lassen, Tichys Einblick 1.1.2023<\/a>.<\/cite><\/blockquote>\n\n\n\n<h3 class=\"wp-block-heading\">Der H\u00e4retiker gilt als Todfeind<\/h3>\n\n\n\n<p>H\u00f6ren Sie die Nachtigal trapsen? Wer dem auf den Leim geht, ist f\u00fcr eigene Sinnstiftung und Wertsetzung verloren. Kardinal M\u00fcller verunglimpft und verachtet zwar die Aufkl\u00e4rung dar\u00fcber, da\u00df es seine \u201echristlichen Werte\u201c nur in den K\u00f6pfen ihrer menschlichen Erfinder und Gl\u00e4ubigen gibt. <\/p>\n\n\n\n<figure class=\"wp-block-image size-large\"><img loading=\"lazy\" decoding=\"async\" width=\"757\" height=\"1024\" src=\"http:\/\/klauskunze.com\/blog\/wp-content\/uploads\/2023\/01\/20230101_160834-757x1024.jpg\" alt=\"\" class=\"wp-image-5348\" srcset=\"https:\/\/klauskunze.com\/blog\/wp-content\/uploads\/2023\/01\/20230101_160834-757x1024.jpg 757w, https:\/\/klauskunze.com\/blog\/wp-content\/uploads\/2023\/01\/20230101_160834-222x300.jpg 222w, https:\/\/klauskunze.com\/blog\/wp-content\/uploads\/2023\/01\/20230101_160834-768x1039.jpg 768w, https:\/\/klauskunze.com\/blog\/wp-content\/uploads\/2023\/01\/20230101_160834-1136x1536.jpg 1136w, https:\/\/klauskunze.com\/blog\/wp-content\/uploads\/2023\/01\/20230101_160834-1514x2048.jpg 1514w, https:\/\/klauskunze.com\/blog\/wp-content\/uploads\/2023\/01\/20230101_160834-900x1217.jpg 900w, https:\/\/klauskunze.com\/blog\/wp-content\/uploads\/2023\/01\/20230101_160834-1280x1731.jpg 1280w, https:\/\/klauskunze.com\/blog\/wp-content\/uploads\/2023\/01\/20230101_160834-scaled.jpg 1893w\" sizes=\"auto, (max-width: 757px) 100vw, 757px\" \/><figcaption><strong>Wer die christlichen Werte und ihre Moral nicht achtete, wurde in der H\u00f6lle gepiesackt<\/strong>. <strong>Der Glaube an absolte, universelle Werte kann sich bis zur Paranoia steigern.<\/strong><br>(<a href=\"https:\/\/de.wikipedia.org\/wiki\/Hieronymus_Bosch\">Hieronymus Bosch<\/a>, Garten der L\u00fcste, um 1490-1500.<\/figcaption><\/figure>\n\n\n\n<p>Tats\u00e4chlich aber schimpft er weniger \u00fcber tats\u00e4chliche Nihilisten, die metaphysisch \u201eh\u00f6here Werte\u201c bestreiten. Er wettert gegen ideologische Konkurrenz. Das sind Leute, die auch an \u201eh\u00f6here Werte\u201c glauben, aber nicht an seine:<\/p>\n\n\n\n<blockquote class=\"wp-block-quote is-layout-flow wp-block-quote-is-layout-flow\"><p>Man spricht darum auch von einer linearen Geschichtsauffassung im Christentum, die anstelle des zyklischen Weltbildes im Mythos und der antiken Kosmos-Philosophie getreten ist. Noch im modernen Fortschrittsdenken ist in s\u00e4kularisierter Weise der Gedanke der sittlichen Perfektibilt\u00e4t \u00fcbriggeblieben, verbunden mit der Hoffnung durch neueste Technik, Medizin und Kommunikationsmedien ideale Lebensbedingungen herstellen zu k\u00f6nnen. Aber in postmoderner Zeit ist auch die Ern\u00fcchterung nach dem Scheitern der ideologischen Narrative von einem materialistischen Paradies auf Erden eingetreten.<\/p><cite>Gerhard Kardinal M\u00fcller, <a href=\"https:\/\/www.tichyseinblick.de\/gastbeitrag\/mueller-heilswille-neujahr\/\">Wer an Gottes Heilswillen glaubt, braucht sich nicht von selbsternannten Erl\u00f6sern der Menschheit bet\u00f6ren zu lassen, Tichys Einblick 1.1.2023<\/a>.<\/cite><\/blockquote>\n\n\n\n<h3 class=\"wp-block-heading\">Vom Paradiesversprechen in die B\u00fcrgerkriegsh\u00f6lle<\/h3>\n\n\n\n<p>Die ein solches \u201eParadies auf Erden\u201c versprochen hatten, waren zum Beispiel&nbsp; die Kommunisten mit ihrer Utopie einer klassenlosen Endzeit-Gesellschaft. Sie sind wie die Christen und ihre Paradiesversprechen, nur ohne Gott. Jesus zufolge soll eher ein Kamel durch ein Nadel\u00f6hr gehen, als da\u00df ein Reicher in den Himmel kommt. Marxisten sind aus christlicher Sicht h\u00e4retische peinliche Verwandte.<\/p>\n\n\n\n<p>Wer alle Werte und Gebote als Produkte menschlichen Denkens erkennt, relativiert sie. Das bewahrt ihn vor der Versuchung, ha\u00dferf\u00fcllt alle \u201eUngl\u00e4ubigen\u201c bekehren oder vernichten zu wollen. Weil er selbst nichts glaubt, kennt er n\u00e4mlich keine \u201eUngl\u00e4ubigen\u201c.<\/p>\n\n\n\n<p>Ungl\u00e4ubige gibt es nur f\u00fcr Gl\u00e4ubige. Es scheint au\u00dferhalb des Denkhorizontes der freischwebenden Intelligenz Milosz Matuscheks zu liegen, da\u00df \u201edemokratie- und volksverachtende Politiker, NGOs und Stiftungen, staatsnahe ThinkTanks wie das \u00abZentrum f\u00fcr liberale Moderne\u00bb, gekaufte Wahrheitsministerien wie der \u00abVolksverpetzer\u00bb sowie willf\u00e4hrig-eifrigen Redakteure\u201c keineswegs Nihilisten sind, sondern begnadete Metaphysiker &#8211; aber von der anderen Feldpostnummer. Matuschek f\u00fchlt sich \u201eim W\u00fcrgegriff der Nihilisten\u201c und schreibt<\/p>\n\n\n\n<blockquote class=\"wp-block-quote is-layout-flow wp-block-quote-is-layout-flow\"><p>Die Verkehrung der Wirklichkeit ist kein Beiprodukt, es ist das Produkt. Genauer gesagt: Das Produkt einer neuer Riege nihilistischer Kr\u00e4fte, die sich einen Systemumbau von innen, bezahlt durch den B\u00fcrger durch Rundfunkzwangsgeb\u00fchren und Steuergelder auf die woken Regenbogenfahnen geschrieben haben. Dostojewskis D\u00e4monen geistern wieder durch die Welt. Ihr Erkennungszeichen: Sie wollen nie das naheliegende Machbare und Produktive, sondern stets das fernliegende, Utopische, Destruktive. So sind sie nie verantwortlich zu machen, denn das Ziel ist ja noch in weiter Ferne. Diese Nomenklatura des Nihilismus, man findet sie heute unter demokratie- und volksverachtenden Politikern, bei NGO\u00b4s und Stiftungen, in staatsnahen ThinkTanks wie dem \u00abZentrum f\u00fcr liberale Moderne\u00bb, gekauften Wahrheitsministerien wie dem \u00abVolksverpetzer\u00bb sowie unter willf\u00e4hrig-eifrigen Redakteuren.<\/p><cite>Milosz Matuschek, <a href=\"https:\/\/www.freischwebende-intelligenz.org\/p\/wuergegriff-nihilisten?publication_id=95541&amp;post_id=91101772&amp;isFreemail=true\">Im W\u00fcrgegriff der neuen Nihilisten, Freischwebende Intelligenz 18.12.2022<\/a><\/cite><\/blockquote>\n\n\n\n<p>Wir m\u00fcssen dieser von jener Nomenklatura ausgehenden Gefahr begegnen, aber durch Aufkl\u00e4rung, nicht durch Einfl\u00f6\u00dfen esoterischer Gifttr\u00e4nke. Matuschek will den Teufel jener Nomenklatura mit dem Beelzebub seines eigenen Glaubens austreiben, Glaube soll gegen Glauben streiten, H\u00e4retiker durch Rechtgl\u00e4ubigkeit gez\u00fcchtigt werden. Die alten G\u00f6tter historischer Glaubenskrieger steigen wieder aus ihren Gr\u00e4bern und ringen um Heil oder Unheil der Menschen.<\/p>\n\n\n\n<h3 class=\"wp-block-heading\">Die neue Menschheitsreligion<\/h3>\n\n\n\n<p>Es geh\u00f6rt nicht viel Aufkl\u00e4rung dazu, in der linksextremen und linksliberalen Nomenklatura ein \u00dcberma\u00df an metaphysischer, quasi religi\u00f6ser Glaubensgewi\u00dfheit zu erkennen. Die Herrschaften glauben aber nicht mehr an den christlichen oder andere G\u00f6tter, sondern verehren eine abstrakte Idee eines \u201eMenschen an sich\u201c. Ihr Glaube fordert, die metaphysische Gleichheit aller Menschen durch faktische Gleichheit zu kr\u00f6nen. Jede Herrschaft von Menschen \u00fcber Menschen ist ihr ein Greuel. Sie haben den Bodensatz der alten kommunistischen Ideologie geradezu mit L\u00f6ffeln gefressen.<\/p>\n\n\n\n<blockquote class=\"wp-block-quote is-layout-flow wp-block-quote-is-layout-flow\"><p>Der Glaube an den guten Menschen an sich und die Humanit\u00e4t sind substanziell Religion, weil er etwas im Menschen wohnendes Immaterielles behauptet; er ist durch den Modus des festen Glaubens seiner Anh\u00e4nger anstelle von Faktenwissen eine Religion, und er ist auch funktional Religion. Er hilft anscheinend seinen Anh\u00e4ngern, trotz t\u00e4glicher schlechter Nachrichten \u00fcber alles Schreckliche, das Menschen sich gegenseitig antun, den Glauben an \u201eden Menschen\u201c zu bewahren und damit gesellschaftlichen Sinn zu stiften. Dieser Sinn soll diejenige Gemeinschaft stiften, die in der modernen Atomisierung der alten sozialen Einheiten und Verb\u00e4nde verlorengegangen ist. Mit diesem Sinn w\u00e4chst ihm auch eine Funktion im Rahmen einer neuen Herrschaftsideologie zu, die diesen Glauben ben\u00f6tigt. Er soll die fluide gemachte Masse beherrschbar halten.<\/p><cite>Klaus Kunze, <a href=\"https:\/\/w55241n5q.homepage.t-online.de\/Unsere-Autoren\">Wie der Mensch sein eigener Gott wurde. Humanitarismus &#8211; die Religion der Gottlosen, Hrg. Die Deutschen Konservativen. 2022, S.55<\/a>.<\/cite><\/blockquote>\n\n\n\n<p>Gegen ihre roten, jetzt bunten Fahnen mit christlichen Monstranzen aufzumarschieren, erkl\u00e4rt offen den geistigen B\u00fcrgerkrieg. Wir erinnern uns gut an die konfessionellen B\u00fcrgerkriege in Frankreich und Deutschland des 16.-17. Jahrhunderts und den spanischen im 20.<\/p>\n\n\n\n<p>Es hilft nicht, in der linksextremen neuen Nomenklatura Ungl\u00e4ubige oder Verworfene zu sehen, Ketzer oder \u201eNihilisten\u201c &#8211; die sie gar nicht sind. Solche Begriffe sind sinnlos und hohl wie jeder ideologische Kampfbegriff, der nur auf dem Boden eines abweichenden Glaubens einen Sinn ergibt. Nur innerhalb der christlichen Blase sind Begriffe wie S\u00fcnder verst\u00e4ndlich, und nur innerhalb der woken Linken Begriffe wie Klimaleugner und Rassist.<\/p>\n\n\n\n<p>Wer seine geistige Unabh\u00e4ngigkeit bewahren m\u00f6chte, sollte um christliche Bu\u00dfprozessionen einen ebenso gro\u00dfen Bogen machen wie um die modernen woken Blockwarte und selbsternannten Volksp\u00e4dagogen.<\/p>\n\n\n\n<p><\/p>\n\n\n\n<p><\/p>\n\n\n<div class=\"wp-block-image\">\n<figure class=\"aligncenter size-full is-resized\"><img loading=\"lazy\" decoding=\"async\" src=\"http:\/\/klauskunze.com\/blog\/wp-content\/uploads\/2023\/01\/Zuschneiden_2a.jpg\" alt=\"\" class=\"wp-image-5410\" width=\"331\" height=\"196\" srcset=\"https:\/\/klauskunze.com\/blog\/wp-content\/uploads\/2023\/01\/Zuschneiden_2a.jpg 662w, https:\/\/klauskunze.com\/blog\/wp-content\/uploads\/2023\/01\/Zuschneiden_2a-300x178.jpg 300w\" sizes=\"auto, (max-width: 331px) 100vw, 331px\" \/><\/figure>\n<\/div>\n\n\n<p>Jeder Blogbeitrag hier greift einen Einzelaspekt auf und setzt dabei viele Denkgrundlagen bereits voraus. Wer etwa innig an Seelenwanderung oder die reale Existenz von Donald Duck glaubt, wird hier schon im Grunds\u00e4tzlichen widersprechen. Lesen Sie dieses Grunds\u00e4tzliche gern hier:<\/p>\n\n\n\n<p><blockquote class=\"wp-embedded-content\" data-secret=\"N3xOAniZsS\"><a href=\"http:\/\/klauskunze.com\/blog\/2022\/11\/30\/das-vermaechtnis-apollons\/\">Das Verm\u00e4chtnis Apollons<\/a><\/blockquote><iframe loading=\"lazy\" class=\"wp-embedded-content\" sandbox=\"allow-scripts\" security=\"restricted\" style=\"position: absolute; clip: rect(1px, 1px, 1px, 1px);\" title=\"&#8222;Das Verm\u00e4chtnis Apollons&#8220; &#8212; Klaus Kunze\" src=\"http:\/\/klauskunze.com\/blog\/2022\/11\/30\/das-vermaechtnis-apollons\/embed\/#?secret=mnY5HG21OC#?secret=N3xOAniZsS\" data-secret=\"N3xOAniZsS\" width=\"600\" height=\"338\" frameborder=\"0\" marginwidth=\"0\" marginheight=\"0\" scrolling=\"no\"><\/iframe><\/p>\n","protected":false},"excerpt":{"rendered":"<p>Sinnloses Schicksal Wer sich die Wirkung des sinnlosen Zufalls nicht zu erkl\u00e4ren wei\u00df, nimmt gern Zuflucht bei einem Glauben: oft an esoterische, metaphysische Wesenheiten. Darunter leiden Menschen besonders, wenn die Erkl\u00e4rungsbed\u00fcrftigkeit des \u201eSchicksals\u201c die Kr\u00e4fte des Verstandes weit \u00fcbersteigt: Warum wird dieses Jahr der Kohl nicht fett? Warum mu\u00dfte gerade dieser gute Mensch bei einem [&hellip;]<\/p>\n","protected":false},"author":1,"featured_media":5346,"comment_status":"open","ping_status":"open","sticky":false,"template":"","format":"standard","meta":{"h5ap_radio_sources":[],"twitterCardType":"","cardImageID":0,"cardImage":"","cardTitle":"","cardDesc":"","cardImageAlt":"","cardPlayer":"","cardPlayerWidth":0,"cardPlayerHeight":0,"cardPlayerStream":"","cardPlayerCodec":"","footnotes":""},"categories":[1,20,17],"tags":[],"class_list":["post-5342","post","type-post","status-publish","format-standard","has-post-thumbnail","hentry","category-allgemein","category-philosophie","category-politik"],"yoast_head":"<!-- This site is optimized with the Yoast SEO plugin v27.5 - https:\/\/yoast.com\/product\/yoast-seo-wordpress\/ -->\n<title>2023 klaren Kopf bewahren - Klaus Kunze<\/title>\n<meta name=\"robots\" content=\"index, follow, max-snippet:-1, max-image-preview:large, max-video-preview:-1\" \/>\n<link rel=\"canonical\" href=\"https:\/\/klauskunze.com\/blog\/2023\/01\/01\/2023-klaren-kopf-bewahren\/\" \/>\n<meta property=\"og:locale\" content=\"de_DE\" \/>\n<meta property=\"og:type\" content=\"article\" \/>\n<meta property=\"og:title\" content=\"2023 klaren Kopf bewahren - Klaus Kunze\" \/>\n<meta property=\"og:description\" content=\"Sinnloses Schicksal Wer sich die Wirkung des sinnlosen Zufalls nicht zu erkl\u00e4ren wei\u00df, nimmt gern Zuflucht bei einem Glauben: oft an esoterische, metaphysische Wesenheiten. Darunter leiden Menschen besonders, wenn die Erkl\u00e4rungsbed\u00fcrftigkeit des \u201eSchicksals\u201c die Kr\u00e4fte des Verstandes weit \u00fcbersteigt: Warum wird dieses Jahr der Kohl nicht fett? Warum mu\u00dfte gerade dieser gute Mensch bei einem [&hellip;]\" \/>\n<meta property=\"og:url\" content=\"https:\/\/klauskunze.com\/blog\/2023\/01\/01\/2023-klaren-kopf-bewahren\/\" \/>\n<meta property=\"og:site_name\" content=\"Klaus Kunze\" \/>\n<meta property=\"article:published_time\" content=\"2023-01-01T15:21:34+00:00\" \/>\n<meta property=\"article:modified_time\" content=\"2023-01-07T11:03:40+00:00\" \/>\n<meta property=\"og:image\" content=\"https:\/\/klauskunze.com\/blog\/wp-content\/uploads\/2023\/01\/cpg832__z4-040c-scaled-e1672584328217.jpg\" \/>\n\t<meta property=\"og:image:width\" content=\"1350\" \/>\n\t<meta property=\"og:image:height\" content=\"856\" \/>\n\t<meta property=\"og:image:type\" content=\"image\/jpeg\" \/>\n<meta name=\"author\" content=\"Klaus Kunze\" \/>\n<meta name=\"twitter:label1\" content=\"Verfasst von\" \/>\n\t<meta name=\"twitter:data1\" content=\"Klaus Kunze\" \/>\n\t<meta name=\"twitter:label2\" content=\"Gesch\u00e4tzte Lesezeit\" \/>\n\t<meta name=\"twitter:data2\" content=\"10\u00a0Minuten\" \/>\n<script type=\"application\/ld+json\" class=\"yoast-schema-graph\">{\"@context\":\"https:\\\/\\\/schema.org\",\"@graph\":[{\"@type\":\"Article\",\"@id\":\"https:\\\/\\\/klauskunze.com\\\/blog\\\/2023\\\/01\\\/01\\\/2023-klaren-kopf-bewahren\\\/#article\",\"isPartOf\":{\"@id\":\"https:\\\/\\\/klauskunze.com\\\/blog\\\/2023\\\/01\\\/01\\\/2023-klaren-kopf-bewahren\\\/\"},\"author\":{\"name\":\"Klaus Kunze\",\"@id\":\"https:\\\/\\\/klauskunze.com\\\/blog\\\/#\\\/schema\\\/person\\\/9c091cf30ab68b897db6a517e3c3b11b\"},\"headline\":\"2023 klaren Kopf bewahren\",\"datePublished\":\"2023-01-01T15:21:34+00:00\",\"dateModified\":\"2023-01-07T11:03:40+00:00\",\"mainEntityOfPage\":{\"@id\":\"https:\\\/\\\/klauskunze.com\\\/blog\\\/2023\\\/01\\\/01\\\/2023-klaren-kopf-bewahren\\\/\"},\"wordCount\":1908,\"commentCount\":0,\"publisher\":{\"@id\":\"https:\\\/\\\/klauskunze.com\\\/blog\\\/#\\\/schema\\\/person\\\/9c091cf30ab68b897db6a517e3c3b11b\"},\"image\":{\"@id\":\"https:\\\/\\\/klauskunze.com\\\/blog\\\/2023\\\/01\\\/01\\\/2023-klaren-kopf-bewahren\\\/#primaryimage\"},\"thumbnailUrl\":\"https:\\\/\\\/klauskunze.com\\\/blog\\\/wp-content\\\/uploads\\\/2023\\\/01\\\/cpg832__z4-040c-scaled-e1672584328217.jpg\",\"articleSection\":{\"1\":\"Philosophie\",\"2\":\"Politik\"},\"inLanguage\":\"de\",\"potentialAction\":[{\"@type\":\"CommentAction\",\"name\":\"Comment\",\"target\":[\"https:\\\/\\\/klauskunze.com\\\/blog\\\/2023\\\/01\\\/01\\\/2023-klaren-kopf-bewahren\\\/#respond\"]}]},{\"@type\":\"WebPage\",\"@id\":\"https:\\\/\\\/klauskunze.com\\\/blog\\\/2023\\\/01\\\/01\\\/2023-klaren-kopf-bewahren\\\/\",\"url\":\"https:\\\/\\\/klauskunze.com\\\/blog\\\/2023\\\/01\\\/01\\\/2023-klaren-kopf-bewahren\\\/\",\"name\":\"2023 klaren Kopf bewahren - Klaus Kunze\",\"isPartOf\":{\"@id\":\"https:\\\/\\\/klauskunze.com\\\/blog\\\/#website\"},\"primaryImageOfPage\":{\"@id\":\"https:\\\/\\\/klauskunze.com\\\/blog\\\/2023\\\/01\\\/01\\\/2023-klaren-kopf-bewahren\\\/#primaryimage\"},\"image\":{\"@id\":\"https:\\\/\\\/klauskunze.com\\\/blog\\\/2023\\\/01\\\/01\\\/2023-klaren-kopf-bewahren\\\/#primaryimage\"},\"thumbnailUrl\":\"https:\\\/\\\/klauskunze.com\\\/blog\\\/wp-content\\\/uploads\\\/2023\\\/01\\\/cpg832__z4-040c-scaled-e1672584328217.jpg\",\"datePublished\":\"2023-01-01T15:21:34+00:00\",\"dateModified\":\"2023-01-07T11:03:40+00:00\",\"breadcrumb\":{\"@id\":\"https:\\\/\\\/klauskunze.com\\\/blog\\\/2023\\\/01\\\/01\\\/2023-klaren-kopf-bewahren\\\/#breadcrumb\"},\"inLanguage\":\"de\",\"potentialAction\":[{\"@type\":\"ReadAction\",\"target\":[\"https:\\\/\\\/klauskunze.com\\\/blog\\\/2023\\\/01\\\/01\\\/2023-klaren-kopf-bewahren\\\/\"]}]},{\"@type\":\"ImageObject\",\"inLanguage\":\"de\",\"@id\":\"https:\\\/\\\/klauskunze.com\\\/blog\\\/2023\\\/01\\\/01\\\/2023-klaren-kopf-bewahren\\\/#primaryimage\",\"url\":\"https:\\\/\\\/klauskunze.com\\\/blog\\\/wp-content\\\/uploads\\\/2023\\\/01\\\/cpg832__z4-040c-scaled-e1672584328217.jpg\",\"contentUrl\":\"https:\\\/\\\/klauskunze.com\\\/blog\\\/wp-content\\\/uploads\\\/2023\\\/01\\\/cpg832__z4-040c-scaled-e1672584328217.jpg\",\"width\":1350,\"height\":856},{\"@type\":\"BreadcrumbList\",\"@id\":\"https:\\\/\\\/klauskunze.com\\\/blog\\\/2023\\\/01\\\/01\\\/2023-klaren-kopf-bewahren\\\/#breadcrumb\",\"itemListElement\":[{\"@type\":\"ListItem\",\"position\":1,\"name\":\"Startseite\",\"item\":\"https:\\\/\\\/klauskunze.com\\\/blog\\\/\"},{\"@type\":\"ListItem\",\"position\":2,\"name\":\"2023 klaren Kopf bewahren\"}]},{\"@type\":\"WebSite\",\"@id\":\"https:\\\/\\\/klauskunze.com\\\/blog\\\/#website\",\"url\":\"https:\\\/\\\/klauskunze.com\\\/blog\\\/\",\"name\":\"Klaus Kunze\",\"description\":\"Blog\",\"publisher\":{\"@id\":\"https:\\\/\\\/klauskunze.com\\\/blog\\\/#\\\/schema\\\/person\\\/9c091cf30ab68b897db6a517e3c3b11b\"},\"potentialAction\":[{\"@type\":\"SearchAction\",\"target\":{\"@type\":\"EntryPoint\",\"urlTemplate\":\"https:\\\/\\\/klauskunze.com\\\/blog\\\/?s={search_term_string}\"},\"query-input\":{\"@type\":\"PropertyValueSpecification\",\"valueRequired\":true,\"valueName\":\"search_term_string\"}}],\"inLanguage\":\"de\"},{\"@type\":[\"Person\",\"Organization\"],\"@id\":\"https:\\\/\\\/klauskunze.com\\\/blog\\\/#\\\/schema\\\/person\\\/9c091cf30ab68b897db6a517e3c3b11b\",\"name\":\"Klaus Kunze\",\"image\":{\"@type\":\"ImageObject\",\"inLanguage\":\"de\",\"@id\":\"https:\\\/\\\/secure.gravatar.com\\\/avatar\\\/5cd83cadbada9c331a79952fcca177ed3d3be4c7ad3239b9d934bf84adff15dd?s=96&d=blank&r=g\",\"url\":\"https:\\\/\\\/secure.gravatar.com\\\/avatar\\\/5cd83cadbada9c331a79952fcca177ed3d3be4c7ad3239b9d934bf84adff15dd?s=96&d=blank&r=g\",\"contentUrl\":\"https:\\\/\\\/secure.gravatar.com\\\/avatar\\\/5cd83cadbada9c331a79952fcca177ed3d3be4c7ad3239b9d934bf84adff15dd?s=96&d=blank&r=g\",\"caption\":\"Klaus Kunze\"},\"logo\":{\"@id\":\"https:\\\/\\\/secure.gravatar.com\\\/avatar\\\/5cd83cadbada9c331a79952fcca177ed3d3be4c7ad3239b9d934bf84adff15dd?s=96&d=blank&r=g\"},\"sameAs\":[\"http:\\\/\\\/KlausKunze.com\",\"https:\\\/\\\/x.com\\\/https:\\\/\\\/twitter.com\\\/KlausKunze3\"]}]}<\/script>\n<!-- \/ Yoast SEO plugin. -->","yoast_head_json":{"title":"2023 klaren Kopf bewahren - Klaus Kunze","robots":{"index":"index","follow":"follow","max-snippet":"max-snippet:-1","max-image-preview":"max-image-preview:large","max-video-preview":"max-video-preview:-1"},"canonical":"https:\/\/klauskunze.com\/blog\/2023\/01\/01\/2023-klaren-kopf-bewahren\/","og_locale":"de_DE","og_type":"article","og_title":"2023 klaren Kopf bewahren - Klaus Kunze","og_description":"Sinnloses Schicksal Wer sich die Wirkung des sinnlosen Zufalls nicht zu erkl\u00e4ren wei\u00df, nimmt gern Zuflucht bei einem Glauben: oft an esoterische, metaphysische Wesenheiten. Darunter leiden Menschen besonders, wenn die Erkl\u00e4rungsbed\u00fcrftigkeit des \u201eSchicksals\u201c die Kr\u00e4fte des Verstandes weit \u00fcbersteigt: Warum wird dieses Jahr der Kohl nicht fett? Warum mu\u00dfte gerade dieser gute Mensch bei einem [&hellip;]","og_url":"https:\/\/klauskunze.com\/blog\/2023\/01\/01\/2023-klaren-kopf-bewahren\/","og_site_name":"Klaus Kunze","article_published_time":"2023-01-01T15:21:34+00:00","article_modified_time":"2023-01-07T11:03:40+00:00","og_image":[{"width":1350,"height":856,"url":"https:\/\/klauskunze.com\/blog\/wp-content\/uploads\/2023\/01\/cpg832__z4-040c-scaled-e1672584328217.jpg","type":"image\/jpeg"}],"author":"Klaus Kunze","twitter_misc":{"Verfasst von":"Klaus Kunze","Gesch\u00e4tzte Lesezeit":"10\u00a0Minuten"},"schema":{"@context":"https:\/\/schema.org","@graph":[{"@type":"Article","@id":"https:\/\/klauskunze.com\/blog\/2023\/01\/01\/2023-klaren-kopf-bewahren\/#article","isPartOf":{"@id":"https:\/\/klauskunze.com\/blog\/2023\/01\/01\/2023-klaren-kopf-bewahren\/"},"author":{"name":"Klaus Kunze","@id":"https:\/\/klauskunze.com\/blog\/#\/schema\/person\/9c091cf30ab68b897db6a517e3c3b11b"},"headline":"2023 klaren Kopf bewahren","datePublished":"2023-01-01T15:21:34+00:00","dateModified":"2023-01-07T11:03:40+00:00","mainEntityOfPage":{"@id":"https:\/\/klauskunze.com\/blog\/2023\/01\/01\/2023-klaren-kopf-bewahren\/"},"wordCount":1908,"commentCount":0,"publisher":{"@id":"https:\/\/klauskunze.com\/blog\/#\/schema\/person\/9c091cf30ab68b897db6a517e3c3b11b"},"image":{"@id":"https:\/\/klauskunze.com\/blog\/2023\/01\/01\/2023-klaren-kopf-bewahren\/#primaryimage"},"thumbnailUrl":"https:\/\/klauskunze.com\/blog\/wp-content\/uploads\/2023\/01\/cpg832__z4-040c-scaled-e1672584328217.jpg","articleSection":{"1":"Philosophie","2":"Politik"},"inLanguage":"de","potentialAction":[{"@type":"CommentAction","name":"Comment","target":["https:\/\/klauskunze.com\/blog\/2023\/01\/01\/2023-klaren-kopf-bewahren\/#respond"]}]},{"@type":"WebPage","@id":"https:\/\/klauskunze.com\/blog\/2023\/01\/01\/2023-klaren-kopf-bewahren\/","url":"https:\/\/klauskunze.com\/blog\/2023\/01\/01\/2023-klaren-kopf-bewahren\/","name":"2023 klaren Kopf bewahren - Klaus Kunze","isPartOf":{"@id":"https:\/\/klauskunze.com\/blog\/#website"},"primaryImageOfPage":{"@id":"https:\/\/klauskunze.com\/blog\/2023\/01\/01\/2023-klaren-kopf-bewahren\/#primaryimage"},"image":{"@id":"https:\/\/klauskunze.com\/blog\/2023\/01\/01\/2023-klaren-kopf-bewahren\/#primaryimage"},"thumbnailUrl":"https:\/\/klauskunze.com\/blog\/wp-content\/uploads\/2023\/01\/cpg832__z4-040c-scaled-e1672584328217.jpg","datePublished":"2023-01-01T15:21:34+00:00","dateModified":"2023-01-07T11:03:40+00:00","breadcrumb":{"@id":"https:\/\/klauskunze.com\/blog\/2023\/01\/01\/2023-klaren-kopf-bewahren\/#breadcrumb"},"inLanguage":"de","potentialAction":[{"@type":"ReadAction","target":["https:\/\/klauskunze.com\/blog\/2023\/01\/01\/2023-klaren-kopf-bewahren\/"]}]},{"@type":"ImageObject","inLanguage":"de","@id":"https:\/\/klauskunze.com\/blog\/2023\/01\/01\/2023-klaren-kopf-bewahren\/#primaryimage","url":"https:\/\/klauskunze.com\/blog\/wp-content\/uploads\/2023\/01\/cpg832__z4-040c-scaled-e1672584328217.jpg","contentUrl":"https:\/\/klauskunze.com\/blog\/wp-content\/uploads\/2023\/01\/cpg832__z4-040c-scaled-e1672584328217.jpg","width":1350,"height":856},{"@type":"BreadcrumbList","@id":"https:\/\/klauskunze.com\/blog\/2023\/01\/01\/2023-klaren-kopf-bewahren\/#breadcrumb","itemListElement":[{"@type":"ListItem","position":1,"name":"Startseite","item":"https:\/\/klauskunze.com\/blog\/"},{"@type":"ListItem","position":2,"name":"2023 klaren Kopf bewahren"}]},{"@type":"WebSite","@id":"https:\/\/klauskunze.com\/blog\/#website","url":"https:\/\/klauskunze.com\/blog\/","name":"Klaus Kunze","description":"Blog","publisher":{"@id":"https:\/\/klauskunze.com\/blog\/#\/schema\/person\/9c091cf30ab68b897db6a517e3c3b11b"},"potentialAction":[{"@type":"SearchAction","target":{"@type":"EntryPoint","urlTemplate":"https:\/\/klauskunze.com\/blog\/?s={search_term_string}"},"query-input":{"@type":"PropertyValueSpecification","valueRequired":true,"valueName":"search_term_string"}}],"inLanguage":"de"},{"@type":["Person","Organization"],"@id":"https:\/\/klauskunze.com\/blog\/#\/schema\/person\/9c091cf30ab68b897db6a517e3c3b11b","name":"Klaus Kunze","image":{"@type":"ImageObject","inLanguage":"de","@id":"https:\/\/secure.gravatar.com\/avatar\/5cd83cadbada9c331a79952fcca177ed3d3be4c7ad3239b9d934bf84adff15dd?s=96&d=blank&r=g","url":"https:\/\/secure.gravatar.com\/avatar\/5cd83cadbada9c331a79952fcca177ed3d3be4c7ad3239b9d934bf84adff15dd?s=96&d=blank&r=g","contentUrl":"https:\/\/secure.gravatar.com\/avatar\/5cd83cadbada9c331a79952fcca177ed3d3be4c7ad3239b9d934bf84adff15dd?s=96&d=blank&r=g","caption":"Klaus Kunze"},"logo":{"@id":"https:\/\/secure.gravatar.com\/avatar\/5cd83cadbada9c331a79952fcca177ed3d3be4c7ad3239b9d934bf84adff15dd?s=96&d=blank&r=g"},"sameAs":["http:\/\/KlausKunze.com","https:\/\/x.com\/https:\/\/twitter.com\/KlausKunze3"]}]}},"post_mailing_queue_ids":[],"_links":{"self":[{"href":"https:\/\/klauskunze.com\/blog\/wp-json\/wp\/v2\/posts\/5342","targetHints":{"allow":["GET"]}}],"collection":[{"href":"https:\/\/klauskunze.com\/blog\/wp-json\/wp\/v2\/posts"}],"about":[{"href":"https:\/\/klauskunze.com\/blog\/wp-json\/wp\/v2\/types\/post"}],"author":[{"embeddable":true,"href":"https:\/\/klauskunze.com\/blog\/wp-json\/wp\/v2\/users\/1"}],"replies":[{"embeddable":true,"href":"https:\/\/klauskunze.com\/blog\/wp-json\/wp\/v2\/comments?post=5342"}],"version-history":[{"count":16,"href":"https:\/\/klauskunze.com\/blog\/wp-json\/wp\/v2\/posts\/5342\/revisions"}],"predecessor-version":[{"id":5414,"href":"https:\/\/klauskunze.com\/blog\/wp-json\/wp\/v2\/posts\/5342\/revisions\/5414"}],"wp:featuredmedia":[{"embeddable":true,"href":"https:\/\/klauskunze.com\/blog\/wp-json\/wp\/v2\/media\/5346"}],"wp:attachment":[{"href":"https:\/\/klauskunze.com\/blog\/wp-json\/wp\/v2\/media?parent=5342"}],"wp:term":[{"taxonomy":"category","embeddable":true,"href":"https:\/\/klauskunze.com\/blog\/wp-json\/wp\/v2\/categories?post=5342"},{"taxonomy":"post_tag","embeddable":true,"href":"https:\/\/klauskunze.com\/blog\/wp-json\/wp\/v2\/tags?post=5342"}],"curies":[{"name":"wp","href":"https:\/\/api.w.org\/{rel}","templated":true}]}}