{"id":540,"date":"2019-11-18T09:19:41","date_gmt":"2019-11-18T08:19:41","guid":{"rendered":"http:\/\/klauskunze.com\/blog\/?p=540"},"modified":"2019-11-18T09:23:31","modified_gmt":"2019-11-18T08:23:31","slug":"fliegt-der-feuerfalter-ins-auge-des-betrachters","status":"publish","type":"post","link":"https:\/\/klauskunze.com\/blog\/2019\/11\/18\/fliegt-der-feuerfalter-ins-auge-des-betrachters\/","title":{"rendered":"Fliegt der Feuerfalter ins Auge des Betrachters?"},"content":{"rendered":"<p>\n<!--StartFragment--><\/p>\n\n\n<p>Viele Schmetterlinge\nverhungern in offener Landschaft. Auf Wiesen, auf die Jahr um Jahr G\u00fclle\ngesch\u00fcttet wird, w\u00e4chst nicht viel mehr als Gras.<\/p>\n\n\n\n<figure class=\"wp-block-image size-large\"><img decoding=\"async\" src=\"http:\/\/klauskunze.com\/falter\/lycaenidae\/lycaena_tityrus_1.jpg\" alt=\"\"\/><\/figure>\n\n\n\n<p class=\"has-text-align-center\">Brauner Feuerfalter, Lycaena tityrus 5.8.2016<\/p>\n\n\n\n<p>Die Biene rechts \u00fcber dem kleinen Falter erm\u00f6glicht einen Gr\u00f6\u00dfenvergleich zwischen den beiden bl\u00fctenliebenden Insekten. F\u00fcr beide bildet der bl\u00fchende Steinbrech im Steingarten eine wichtige Nahrungsquelle. Futterpflanze der Raupen ist der Sauerampfer.<\/p>\n\n\n\n<p>Es gibt nur noch wenige Wiesen in der Feldmark, die\nhalbwegs nat\u00fcrlich sind und wenigstens einen Grundstock an Klee und wenigen\nanderen Bl\u00fchpflanzen aufweisen. Auf sie st\u00fcrzen sich die verbliebenen\nSchmetterlinge wie auf die letzte Tankstelle vor der Grenze.<\/p>\n\n\n\n<p>Es n\u00e4hrt aber nicht jede Bl\u00fcte jede\nSchmetterlingsart. Viele haben deutliche Vorlieben, die mit dem inneren Aufbau\nder Bl\u00fcten und der Beschaffenheit des Saugr\u00fcssels zusammenh\u00e4ngen k\u00f6nnen. Keiner\nder gro\u00dfen Edelfalter k\u00e4me auf die Idee, eine Kleebl\u00fcte anzufliegen, doch auf ihren\nLieblingsb\u00fcschen, dem Sommerflieder, finden wir keine Angeh\u00f6rigen der\nBl\u00e4ulingsfamilie.<\/p>\n\n\n\n<figure class=\"wp-block-image size-large\"><img decoding=\"async\" src=\"http:\/\/klauskunze.com\/falter\/lycaenidae\/lycaena_tityrus_3.jpg\" alt=\"\"\/><\/figure>\n\n\n\n<p class=\"has-text-align-center\">Kleetrunkener Feuerfalter<\/p>\n\n\n\n<p>Zu ihr z\u00e4hlen die Feuerfalter ungeachtet ihrer\ngew\u00f6hnlich orangen Farbe. Von ihr wiederum macht diese Art eine Ausnahme und\nhei\u00dft darum brauner Feuerfalter. <\/p>\n\n\n\n<p>Wie alle Schmetterlinge ist der Feuerfalter sch\u00f6n. Seine \u00e4sthetische Sch\u00f6nheit ist ebenso wirklich, wie es wirklich gerade und ungerade Zahlen, liebevolle Blicke oder das Strahlen der Sonne gibt. Alles das entsteht nicht erst, wenn es jemand wahrnimmt. Schmetterlinge waren bereits sch\u00f6n, als unsere haarigen Vorfahren sich noch von Ast zu Ast schwangen. Sie entwickelten sich parallel zu den Bl\u00fctenpflanzen vor rund 250 Millionen Jahren. Sprachen sie den letzten Sauriern der Kreidezeit Trost zu?<\/p>\n\n\n\n<p>Sch\u00f6nheit entsteht aus passender Proportion der einzelnen Bestandteile zueinander, aus Symmetrie, Ausgewogenheit und anderen Faktoren, um welche schon die alten Meister der Antike wu\u00dften. Sie lehrten sie ihre Sch\u00fcler, und bis heute verm\u00f6gen wir Menschen Sch\u00f6nheit zu erkennen, wenn wir sie mit unseren Augen erblicken.<\/p>\n\n\n\n<p>Diese Sch\u00f6nheit umgibt \u00fcberall und breitet sich vor unseren Augen aus. Sie liegt aber nicht etwa im Auge des Betrachters. Im Auge liegt \u00fcberhaupt nichts: Unser Sehnerv leitet Impulse weiter, und unser Gehirn setzt ein Abbild des Gesehenen zusammen. Die Sch\u00f6nheit, oft auch H\u00e4\u00dflichkeit, spiegelt sich in unserem Gehirn nur spiegelbildlich ab. Um sie abzuspiegeln, mu\u00df sie erst einmal in der Umwelt vorhanden sein. Unsere Vorstellung erzeugt die Sch\u00f6nheit nicht erst. Alles Sch\u00f6ne ist bereits vorhanden, ebenso wie ein aufgemaltes Quadrat nicht erst zum Quadrat wird, wenn wir es wahrnehmen. Wir erkennen ein Quadrat als Quadrat und Sch\u00f6nes als sch\u00f6n, konstruieren aber nicht in unserem Gehirn Quadrate und Sch\u00f6nheit.<\/p>\n\n\n\n<p>Sch\u00f6nheit liege im Auge des Betrachters, und alles sei Geschmackssache, ist die Lieblingsausrede derer, die kein Sch\u00f6nheitsempfinden oder keinen Geschmack haben. Es gibt Bedauernswerte, die blo\u00df viele Buchstaben sehen, aber das Wort nicht lesen k\u00f6nnen, und Gem\u00fctsathleten, die Freude und Leid nicht empathisch mitempfinden. So ist es auch mit der Sch\u00f6nheit: <\/p>\n\n\n\n<p>Der glei\u00dfende Sternenhimmel und das Fl\u00fcgelschlagen des Falters waren bereits vor Jahrmillionen sch\u00f6n, und der David Michelangelos wird selbst noch von menschlicher Sch\u00f6nheit k\u00fcnden, wenn die ausgestorbene Art Homo sapiens die Natursch\u00f6nheiten unseres Planeten&nbsp; vernichtet und diesen in eine h\u00e4\u00dfliche M\u00fcllkippe verwandelt haben wird.<\/p>\n\n\n\n<p>Suchen wir das zeitlos G\u00fcltige, werden wir es in menschlichen Gesetzen nicht finden. Vergeblich werden wir es in Religionen oder Moralvorstellungen suchen. Die spuken uns nur in schlaflosen N\u00e4chten als Gewissensbisse Kopf herum und scheuen das Tageslicht. Sch\u00f6nheit aber war vor uns Menschen schon da. Zeitlos und universell g\u00fcltig wird uns nur sie \u00fcberdauern. <\/p>\n\n\n\n<p class=\"has-text-align-center\">&#8212;<\/p>\n\n\n\n<p><\/p>\n\n\n\n<p> Sie k\u00f6nnen gern hier<\/p>\n\n\n\n<div class=\"wp-block-image\"><figure class=\"alignleft\"><a href=\"http:\/\/klauskunze.com\/heikun\/fa\/index.htm\"><img loading=\"lazy\" decoding=\"async\" width=\"643\" height=\"867\" src=\"http:\/\/klauskunze.com\/blog\/wp-content\/uploads\/2019\/10\/v.jpg\" alt=\"\" class=\"wp-image-182\" srcset=\"https:\/\/klauskunze.com\/blog\/wp-content\/uploads\/2019\/10\/v.jpg 643w, https:\/\/klauskunze.com\/blog\/wp-content\/uploads\/2019\/10\/v-222x300.jpg 222w\" sizes=\"auto, (max-width: 643px) 100vw, 643px\" \/><\/a><\/figure><\/div>\n\n\n\n<figure class=\"wp-block-image is-resized\"><a href=\"http:\/\/klauskunze.com\/heikun\/fa\/index.htm\"><img loading=\"lazy\" decoding=\"async\" src=\"http:\/\/klauskunze.com\/blog\/wp-content\/uploads\/2019\/10\/r.jpg\" alt=\"\" class=\"wp-image-183\" width=\"290\" height=\"408\" srcset=\"https:\/\/klauskunze.com\/blog\/wp-content\/uploads\/2019\/10\/r.jpg 600w, https:\/\/klauskunze.com\/blog\/wp-content\/uploads\/2019\/10\/r-213x300.jpg 213w\" sizes=\"auto, (max-width: 290px) 100vw, 290px\" \/><\/a><\/figure>\n\n\n\n<p><\/p>\n\n\n\n<p>weiterlesen.<\/p>\n\n\n<p><!--EndFragment--><\/p>","protected":false},"excerpt":{"rendered":"<p>Viele Schmetterlinge verhungern in offener Landschaft. Auf Wiesen, auf die Jahr um Jahr G\u00fclle gesch\u00fcttet wird, w\u00e4chst nicht viel mehr als Gras. Brauner Feuerfalter, Lycaena tityrus 5.8.2016 Die Biene rechts \u00fcber dem kleinen Falter erm\u00f6glicht einen Gr\u00f6\u00dfenvergleich zwischen den beiden bl\u00fctenliebenden Insekten. F\u00fcr beide bildet der bl\u00fchende Steinbrech im Steingarten eine wichtige Nahrungsquelle. Futterpflanze der [&hellip;]<\/p>\n","protected":false},"author":1,"featured_media":531,"comment_status":"open","ping_status":"open","sticky":false,"template":"","format":"standard","meta":{"h5ap_radio_sources":[],"twitterCardType":"","cardImageID":0,"cardImage":"","cardTitle":"","cardDesc":"","cardImageAlt":"","cardPlayer":"","cardPlayerWidth":0,"cardPlayerHeight":0,"cardPlayerStream":"","cardPlayerCodec":"","footnotes":""},"categories":[1,15,5],"tags":[],"class_list":["post-540","post","type-post","status-publish","format-standard","has-post-thumbnail","hentry","category-allgemein","category-natur","category-schmetterlinge"],"yoast_head":"<!-- This site is optimized with the Yoast SEO plugin v27.5 - https:\/\/yoast.com\/product\/yoast-seo-wordpress\/ -->\n<title>Fliegt der Feuerfalter ins Auge des Betrachters? - Klaus Kunze<\/title>\n<meta name=\"robots\" content=\"index, follow, max-snippet:-1, max-image-preview:large, max-video-preview:-1\" \/>\n<link rel=\"canonical\" href=\"https:\/\/klauskunze.com\/blog\/2019\/11\/18\/fliegt-der-feuerfalter-ins-auge-des-betrachters\/\" \/>\n<meta property=\"og:locale\" content=\"de_DE\" \/>\n<meta property=\"og:type\" content=\"article\" \/>\n<meta property=\"og:title\" content=\"Fliegt der Feuerfalter ins Auge des Betrachters? - Klaus Kunze\" \/>\n<meta property=\"og:description\" content=\"Viele Schmetterlinge verhungern in offener Landschaft. Auf Wiesen, auf die Jahr um Jahr G\u00fclle gesch\u00fcttet wird, w\u00e4chst nicht viel mehr als Gras. Brauner Feuerfalter, Lycaena tityrus 5.8.2016 Die Biene rechts \u00fcber dem kleinen Falter erm\u00f6glicht einen Gr\u00f6\u00dfenvergleich zwischen den beiden bl\u00fctenliebenden Insekten. F\u00fcr beide bildet der bl\u00fchende Steinbrech im Steingarten eine wichtige Nahrungsquelle. Futterpflanze der [&hellip;]\" \/>\n<meta property=\"og:url\" content=\"https:\/\/klauskunze.com\/blog\/2019\/11\/18\/fliegt-der-feuerfalter-ins-auge-des-betrachters\/\" \/>\n<meta property=\"og:site_name\" content=\"Klaus Kunze\" \/>\n<meta property=\"article:published_time\" content=\"2019-11-18T08:19:41+00:00\" \/>\n<meta property=\"article:modified_time\" content=\"2019-11-18T08:23:31+00:00\" \/>\n<meta property=\"og:image\" content=\"https:\/\/klauskunze.com\/blog\/wp-content\/uploads\/2019\/11\/2016-08-5-August_061b.jpg\" \/>\n\t<meta property=\"og:image:width\" content=\"2304\" \/>\n\t<meta property=\"og:image:height\" content=\"1188\" \/>\n\t<meta property=\"og:image:type\" content=\"image\/jpeg\" \/>\n<meta name=\"author\" content=\"Klaus Kunze\" \/>\n<meta name=\"twitter:label1\" content=\"Verfasst von\" \/>\n\t<meta name=\"twitter:data1\" content=\"Klaus Kunze\" \/>\n\t<meta name=\"twitter:label2\" content=\"Gesch\u00e4tzte Lesezeit\" \/>\n\t<meta name=\"twitter:data2\" content=\"3\u00a0Minuten\" \/>\n<script type=\"application\/ld+json\" class=\"yoast-schema-graph\">{\"@context\":\"https:\\\/\\\/schema.org\",\"@graph\":[{\"@type\":\"Article\",\"@id\":\"https:\\\/\\\/klauskunze.com\\\/blog\\\/2019\\\/11\\\/18\\\/fliegt-der-feuerfalter-ins-auge-des-betrachters\\\/#article\",\"isPartOf\":{\"@id\":\"https:\\\/\\\/klauskunze.com\\\/blog\\\/2019\\\/11\\\/18\\\/fliegt-der-feuerfalter-ins-auge-des-betrachters\\\/\"},\"author\":{\"name\":\"Klaus Kunze\",\"@id\":\"https:\\\/\\\/klauskunze.com\\\/blog\\\/#\\\/schema\\\/person\\\/9c091cf30ab68b897db6a517e3c3b11b\"},\"headline\":\"Fliegt der Feuerfalter ins Auge des Betrachters?\",\"datePublished\":\"2019-11-18T08:19:41+00:00\",\"dateModified\":\"2019-11-18T08:23:31+00:00\",\"mainEntityOfPage\":{\"@id\":\"https:\\\/\\\/klauskunze.com\\\/blog\\\/2019\\\/11\\\/18\\\/fliegt-der-feuerfalter-ins-auge-des-betrachters\\\/\"},\"wordCount\":621,\"commentCount\":1,\"publisher\":{\"@id\":\"https:\\\/\\\/klauskunze.com\\\/blog\\\/#\\\/schema\\\/person\\\/9c091cf30ab68b897db6a517e3c3b11b\"},\"image\":{\"@id\":\"https:\\\/\\\/klauskunze.com\\\/blog\\\/2019\\\/11\\\/18\\\/fliegt-der-feuerfalter-ins-auge-des-betrachters\\\/#primaryimage\"},\"thumbnailUrl\":\"https:\\\/\\\/klauskunze.com\\\/blog\\\/wp-content\\\/uploads\\\/2019\\\/11\\\/2016-08-5-August_061b.jpg\",\"articleSection\":{\"1\":\"Natur\",\"2\":\"Schmetterlinge\"},\"inLanguage\":\"de\",\"potentialAction\":[{\"@type\":\"CommentAction\",\"name\":\"Comment\",\"target\":[\"https:\\\/\\\/klauskunze.com\\\/blog\\\/2019\\\/11\\\/18\\\/fliegt-der-feuerfalter-ins-auge-des-betrachters\\\/#respond\"]}]},{\"@type\":\"WebPage\",\"@id\":\"https:\\\/\\\/klauskunze.com\\\/blog\\\/2019\\\/11\\\/18\\\/fliegt-der-feuerfalter-ins-auge-des-betrachters\\\/\",\"url\":\"https:\\\/\\\/klauskunze.com\\\/blog\\\/2019\\\/11\\\/18\\\/fliegt-der-feuerfalter-ins-auge-des-betrachters\\\/\",\"name\":\"Fliegt der Feuerfalter ins Auge des Betrachters? - Klaus Kunze\",\"isPartOf\":{\"@id\":\"https:\\\/\\\/klauskunze.com\\\/blog\\\/#website\"},\"primaryImageOfPage\":{\"@id\":\"https:\\\/\\\/klauskunze.com\\\/blog\\\/2019\\\/11\\\/18\\\/fliegt-der-feuerfalter-ins-auge-des-betrachters\\\/#primaryimage\"},\"image\":{\"@id\":\"https:\\\/\\\/klauskunze.com\\\/blog\\\/2019\\\/11\\\/18\\\/fliegt-der-feuerfalter-ins-auge-des-betrachters\\\/#primaryimage\"},\"thumbnailUrl\":\"https:\\\/\\\/klauskunze.com\\\/blog\\\/wp-content\\\/uploads\\\/2019\\\/11\\\/2016-08-5-August_061b.jpg\",\"datePublished\":\"2019-11-18T08:19:41+00:00\",\"dateModified\":\"2019-11-18T08:23:31+00:00\",\"breadcrumb\":{\"@id\":\"https:\\\/\\\/klauskunze.com\\\/blog\\\/2019\\\/11\\\/18\\\/fliegt-der-feuerfalter-ins-auge-des-betrachters\\\/#breadcrumb\"},\"inLanguage\":\"de\",\"potentialAction\":[{\"@type\":\"ReadAction\",\"target\":[\"https:\\\/\\\/klauskunze.com\\\/blog\\\/2019\\\/11\\\/18\\\/fliegt-der-feuerfalter-ins-auge-des-betrachters\\\/\"]}]},{\"@type\":\"ImageObject\",\"inLanguage\":\"de\",\"@id\":\"https:\\\/\\\/klauskunze.com\\\/blog\\\/2019\\\/11\\\/18\\\/fliegt-der-feuerfalter-ins-auge-des-betrachters\\\/#primaryimage\",\"url\":\"https:\\\/\\\/klauskunze.com\\\/blog\\\/wp-content\\\/uploads\\\/2019\\\/11\\\/2016-08-5-August_061b.jpg\",\"contentUrl\":\"https:\\\/\\\/klauskunze.com\\\/blog\\\/wp-content\\\/uploads\\\/2019\\\/11\\\/2016-08-5-August_061b.jpg\",\"width\":2304,\"height\":1188},{\"@type\":\"BreadcrumbList\",\"@id\":\"https:\\\/\\\/klauskunze.com\\\/blog\\\/2019\\\/11\\\/18\\\/fliegt-der-feuerfalter-ins-auge-des-betrachters\\\/#breadcrumb\",\"itemListElement\":[{\"@type\":\"ListItem\",\"position\":1,\"name\":\"Startseite\",\"item\":\"https:\\\/\\\/klauskunze.com\\\/blog\\\/\"},{\"@type\":\"ListItem\",\"position\":2,\"name\":\"Fliegt der Feuerfalter ins Auge des Betrachters?\"}]},{\"@type\":\"WebSite\",\"@id\":\"https:\\\/\\\/klauskunze.com\\\/blog\\\/#website\",\"url\":\"https:\\\/\\\/klauskunze.com\\\/blog\\\/\",\"name\":\"Klaus Kunze\",\"description\":\"Blog\",\"publisher\":{\"@id\":\"https:\\\/\\\/klauskunze.com\\\/blog\\\/#\\\/schema\\\/person\\\/9c091cf30ab68b897db6a517e3c3b11b\"},\"potentialAction\":[{\"@type\":\"SearchAction\",\"target\":{\"@type\":\"EntryPoint\",\"urlTemplate\":\"https:\\\/\\\/klauskunze.com\\\/blog\\\/?s={search_term_string}\"},\"query-input\":{\"@type\":\"PropertyValueSpecification\",\"valueRequired\":true,\"valueName\":\"search_term_string\"}}],\"inLanguage\":\"de\"},{\"@type\":[\"Person\",\"Organization\"],\"@id\":\"https:\\\/\\\/klauskunze.com\\\/blog\\\/#\\\/schema\\\/person\\\/9c091cf30ab68b897db6a517e3c3b11b\",\"name\":\"Klaus Kunze\",\"image\":{\"@type\":\"ImageObject\",\"inLanguage\":\"de\",\"@id\":\"https:\\\/\\\/secure.gravatar.com\\\/avatar\\\/5cd83cadbada9c331a79952fcca177ed3d3be4c7ad3239b9d934bf84adff15dd?s=96&d=blank&r=g\",\"url\":\"https:\\\/\\\/secure.gravatar.com\\\/avatar\\\/5cd83cadbada9c331a79952fcca177ed3d3be4c7ad3239b9d934bf84adff15dd?s=96&d=blank&r=g\",\"contentUrl\":\"https:\\\/\\\/secure.gravatar.com\\\/avatar\\\/5cd83cadbada9c331a79952fcca177ed3d3be4c7ad3239b9d934bf84adff15dd?s=96&d=blank&r=g\",\"caption\":\"Klaus Kunze\"},\"logo\":{\"@id\":\"https:\\\/\\\/secure.gravatar.com\\\/avatar\\\/5cd83cadbada9c331a79952fcca177ed3d3be4c7ad3239b9d934bf84adff15dd?s=96&d=blank&r=g\"},\"sameAs\":[\"http:\\\/\\\/KlausKunze.com\",\"https:\\\/\\\/x.com\\\/https:\\\/\\\/twitter.com\\\/KlausKunze3\"]}]}<\/script>\n<!-- \/ Yoast SEO plugin. -->","yoast_head_json":{"title":"Fliegt der Feuerfalter ins Auge des Betrachters? - Klaus Kunze","robots":{"index":"index","follow":"follow","max-snippet":"max-snippet:-1","max-image-preview":"max-image-preview:large","max-video-preview":"max-video-preview:-1"},"canonical":"https:\/\/klauskunze.com\/blog\/2019\/11\/18\/fliegt-der-feuerfalter-ins-auge-des-betrachters\/","og_locale":"de_DE","og_type":"article","og_title":"Fliegt der Feuerfalter ins Auge des Betrachters? - Klaus Kunze","og_description":"Viele Schmetterlinge verhungern in offener Landschaft. Auf Wiesen, auf die Jahr um Jahr G\u00fclle gesch\u00fcttet wird, w\u00e4chst nicht viel mehr als Gras. Brauner Feuerfalter, Lycaena tityrus 5.8.2016 Die Biene rechts \u00fcber dem kleinen Falter erm\u00f6glicht einen Gr\u00f6\u00dfenvergleich zwischen den beiden bl\u00fctenliebenden Insekten. F\u00fcr beide bildet der bl\u00fchende Steinbrech im Steingarten eine wichtige Nahrungsquelle. Futterpflanze der [&hellip;]","og_url":"https:\/\/klauskunze.com\/blog\/2019\/11\/18\/fliegt-der-feuerfalter-ins-auge-des-betrachters\/","og_site_name":"Klaus Kunze","article_published_time":"2019-11-18T08:19:41+00:00","article_modified_time":"2019-11-18T08:23:31+00:00","og_image":[{"width":2304,"height":1188,"url":"https:\/\/klauskunze.com\/blog\/wp-content\/uploads\/2019\/11\/2016-08-5-August_061b.jpg","type":"image\/jpeg"}],"author":"Klaus Kunze","twitter_misc":{"Verfasst von":"Klaus Kunze","Gesch\u00e4tzte Lesezeit":"3\u00a0Minuten"},"schema":{"@context":"https:\/\/schema.org","@graph":[{"@type":"Article","@id":"https:\/\/klauskunze.com\/blog\/2019\/11\/18\/fliegt-der-feuerfalter-ins-auge-des-betrachters\/#article","isPartOf":{"@id":"https:\/\/klauskunze.com\/blog\/2019\/11\/18\/fliegt-der-feuerfalter-ins-auge-des-betrachters\/"},"author":{"name":"Klaus Kunze","@id":"https:\/\/klauskunze.com\/blog\/#\/schema\/person\/9c091cf30ab68b897db6a517e3c3b11b"},"headline":"Fliegt der Feuerfalter ins Auge des Betrachters?","datePublished":"2019-11-18T08:19:41+00:00","dateModified":"2019-11-18T08:23:31+00:00","mainEntityOfPage":{"@id":"https:\/\/klauskunze.com\/blog\/2019\/11\/18\/fliegt-der-feuerfalter-ins-auge-des-betrachters\/"},"wordCount":621,"commentCount":1,"publisher":{"@id":"https:\/\/klauskunze.com\/blog\/#\/schema\/person\/9c091cf30ab68b897db6a517e3c3b11b"},"image":{"@id":"https:\/\/klauskunze.com\/blog\/2019\/11\/18\/fliegt-der-feuerfalter-ins-auge-des-betrachters\/#primaryimage"},"thumbnailUrl":"https:\/\/klauskunze.com\/blog\/wp-content\/uploads\/2019\/11\/2016-08-5-August_061b.jpg","articleSection":{"1":"Natur","2":"Schmetterlinge"},"inLanguage":"de","potentialAction":[{"@type":"CommentAction","name":"Comment","target":["https:\/\/klauskunze.com\/blog\/2019\/11\/18\/fliegt-der-feuerfalter-ins-auge-des-betrachters\/#respond"]}]},{"@type":"WebPage","@id":"https:\/\/klauskunze.com\/blog\/2019\/11\/18\/fliegt-der-feuerfalter-ins-auge-des-betrachters\/","url":"https:\/\/klauskunze.com\/blog\/2019\/11\/18\/fliegt-der-feuerfalter-ins-auge-des-betrachters\/","name":"Fliegt der Feuerfalter ins Auge des Betrachters? - Klaus Kunze","isPartOf":{"@id":"https:\/\/klauskunze.com\/blog\/#website"},"primaryImageOfPage":{"@id":"https:\/\/klauskunze.com\/blog\/2019\/11\/18\/fliegt-der-feuerfalter-ins-auge-des-betrachters\/#primaryimage"},"image":{"@id":"https:\/\/klauskunze.com\/blog\/2019\/11\/18\/fliegt-der-feuerfalter-ins-auge-des-betrachters\/#primaryimage"},"thumbnailUrl":"https:\/\/klauskunze.com\/blog\/wp-content\/uploads\/2019\/11\/2016-08-5-August_061b.jpg","datePublished":"2019-11-18T08:19:41+00:00","dateModified":"2019-11-18T08:23:31+00:00","breadcrumb":{"@id":"https:\/\/klauskunze.com\/blog\/2019\/11\/18\/fliegt-der-feuerfalter-ins-auge-des-betrachters\/#breadcrumb"},"inLanguage":"de","potentialAction":[{"@type":"ReadAction","target":["https:\/\/klauskunze.com\/blog\/2019\/11\/18\/fliegt-der-feuerfalter-ins-auge-des-betrachters\/"]}]},{"@type":"ImageObject","inLanguage":"de","@id":"https:\/\/klauskunze.com\/blog\/2019\/11\/18\/fliegt-der-feuerfalter-ins-auge-des-betrachters\/#primaryimage","url":"https:\/\/klauskunze.com\/blog\/wp-content\/uploads\/2019\/11\/2016-08-5-August_061b.jpg","contentUrl":"https:\/\/klauskunze.com\/blog\/wp-content\/uploads\/2019\/11\/2016-08-5-August_061b.jpg","width":2304,"height":1188},{"@type":"BreadcrumbList","@id":"https:\/\/klauskunze.com\/blog\/2019\/11\/18\/fliegt-der-feuerfalter-ins-auge-des-betrachters\/#breadcrumb","itemListElement":[{"@type":"ListItem","position":1,"name":"Startseite","item":"https:\/\/klauskunze.com\/blog\/"},{"@type":"ListItem","position":2,"name":"Fliegt der Feuerfalter ins Auge des Betrachters?"}]},{"@type":"WebSite","@id":"https:\/\/klauskunze.com\/blog\/#website","url":"https:\/\/klauskunze.com\/blog\/","name":"Klaus Kunze","description":"Blog","publisher":{"@id":"https:\/\/klauskunze.com\/blog\/#\/schema\/person\/9c091cf30ab68b897db6a517e3c3b11b"},"potentialAction":[{"@type":"SearchAction","target":{"@type":"EntryPoint","urlTemplate":"https:\/\/klauskunze.com\/blog\/?s={search_term_string}"},"query-input":{"@type":"PropertyValueSpecification","valueRequired":true,"valueName":"search_term_string"}}],"inLanguage":"de"},{"@type":["Person","Organization"],"@id":"https:\/\/klauskunze.com\/blog\/#\/schema\/person\/9c091cf30ab68b897db6a517e3c3b11b","name":"Klaus Kunze","image":{"@type":"ImageObject","inLanguage":"de","@id":"https:\/\/secure.gravatar.com\/avatar\/5cd83cadbada9c331a79952fcca177ed3d3be4c7ad3239b9d934bf84adff15dd?s=96&d=blank&r=g","url":"https:\/\/secure.gravatar.com\/avatar\/5cd83cadbada9c331a79952fcca177ed3d3be4c7ad3239b9d934bf84adff15dd?s=96&d=blank&r=g","contentUrl":"https:\/\/secure.gravatar.com\/avatar\/5cd83cadbada9c331a79952fcca177ed3d3be4c7ad3239b9d934bf84adff15dd?s=96&d=blank&r=g","caption":"Klaus Kunze"},"logo":{"@id":"https:\/\/secure.gravatar.com\/avatar\/5cd83cadbada9c331a79952fcca177ed3d3be4c7ad3239b9d934bf84adff15dd?s=96&d=blank&r=g"},"sameAs":["http:\/\/KlausKunze.com","https:\/\/x.com\/https:\/\/twitter.com\/KlausKunze3"]}]}},"post_mailing_queue_ids":[],"_links":{"self":[{"href":"https:\/\/klauskunze.com\/blog\/wp-json\/wp\/v2\/posts\/540","targetHints":{"allow":["GET"]}}],"collection":[{"href":"https:\/\/klauskunze.com\/blog\/wp-json\/wp\/v2\/posts"}],"about":[{"href":"https:\/\/klauskunze.com\/blog\/wp-json\/wp\/v2\/types\/post"}],"author":[{"embeddable":true,"href":"https:\/\/klauskunze.com\/blog\/wp-json\/wp\/v2\/users\/1"}],"replies":[{"embeddable":true,"href":"https:\/\/klauskunze.com\/blog\/wp-json\/wp\/v2\/comments?post=540"}],"version-history":[{"count":3,"href":"https:\/\/klauskunze.com\/blog\/wp-json\/wp\/v2\/posts\/540\/revisions"}],"predecessor-version":[{"id":544,"href":"https:\/\/klauskunze.com\/blog\/wp-json\/wp\/v2\/posts\/540\/revisions\/544"}],"wp:featuredmedia":[{"embeddable":true,"href":"https:\/\/klauskunze.com\/blog\/wp-json\/wp\/v2\/media\/531"}],"wp:attachment":[{"href":"https:\/\/klauskunze.com\/blog\/wp-json\/wp\/v2\/media?parent=540"}],"wp:term":[{"taxonomy":"category","embeddable":true,"href":"https:\/\/klauskunze.com\/blog\/wp-json\/wp\/v2\/categories?post=540"},{"taxonomy":"post_tag","embeddable":true,"href":"https:\/\/klauskunze.com\/blog\/wp-json\/wp\/v2\/tags?post=540"}],"curies":[{"name":"wp","href":"https:\/\/api.w.org\/{rel}","templated":true}]}}