{"id":5678,"date":"2023-04-12T17:55:20","date_gmt":"2023-04-12T15:55:20","guid":{"rendered":"http:\/\/klauskunze.com\/blog\/?p=5678"},"modified":"2023-04-13T08:17:52","modified_gmt":"2023-04-13T06:17:52","slug":"von-der-unfaehigkeit-zum-widerstand","status":"publish","type":"post","link":"https:\/\/klauskunze.com\/blog\/2023\/04\/12\/von-der-unfaehigkeit-zum-widerstand\/","title":{"rendered":"Von der Unf\u00e4higkeit zum Widerstand"},"content":{"rendered":"\n<p>Politische Apathie hat unser Land erfa\u00dft. Wie Kaninchen auf die Schlange starren Millionen Deutsche entsetzt auf die Mattscheibe: Wo hat sich der Messermob heute wieder ausgetobt? Wie soll ich meine Heizkosten bezahlen? Bis wann darf ich meine Heizung benutzen?<\/p>\n\n\n\n<p>Sie fallen von einer Ohnmacht in die andere: Alle Angstpropaganda haben sie geglaubt, den Corona-Befehlen haben sie gehorcht, die aufmarschierte Staatsmacht trieb die wenigen Mutigen zu Paaren. Blo\u00df nicht auffallen! Blo\u00df nicht als Quertreiber oder Extremist gelten! Sie murrten, aber sie kuschten. So gew\u00f6hnten sie sich an ihre neue Unterw\u00fcrfigkeit.<\/p>\n\n\n\n<p>2015 kam eine Million Fremder in unser Land. Inzwischen werden es immer mehr. Hilflos wie Kinder mit gro\u00dfen, entsetzten Augen stehen sie dumm herum, wenn in ihrem Dorf bald mehr orientalische junge M\u00e4nner wohnen sollen als deutsche Einwohner. Sie verstehen die Welt nicht mehr, sie verstehen ihre SPD nicht mehr. Neben ihrem Bett k\u00f6nnte eine Bombe explodieren, und sie w\u00fcrden immer noch nichts begreifen. Und die Rechnung ihres Staates f\u00fcr diese Bombe, die w\u00fcrden sie auch noch bezahlen.<\/p>\n\n\n\n<p>Einst hatte man vom stets verschlafenen deutschen Michel gesprochen. Lenin hatte \u00fcber uns gespottet: Wenn Deutsche in einer Revolution einen Bahnhof st\u00fcrmen w\u00fcrden, w\u00fcrden sie vorher noch eine Bahnsteigkarte kaufen. Zu unserer traditionellen Knechtseligkeit kommen aber strukturelle Gr\u00fcnde aus den Tiefen der Ideologie, mit der man uns seit Jahrzehnten t\u00e4glich einseift.<\/p>\n\n\n\n<h2 class=\"wp-block-heading\">Das liberale Extrem<\/h2>\n\n\n\n<p>Jedem sollte bei einfachem Nachdenken klar sein, da\u00df zwischen den egoistischen Interessen des Einzelnen und allen gemeinsamen Interessen ein ausgewogenes Verh\u00e4ltnis bestehen sollte. Ohne den Schutz unserer gemeinsamen Rechtsordnung, ohne Schutz unserer Grenzen, ohne Schutz des Schw\u00e4cheren vor der Eigenmacht des St\u00e4rkeren n\u00fctzt dem Einzelnen seine pers\u00f6nliche Freiheit nichts. Darum mu\u00df jeder auf so viel von ihr verzichten, wie unbedingt erforderlich, den Bestand des Ganzen zu gew\u00e4hrleisten.<\/p>\n\n\n\n<p>Dieses Ganze l\u00f6st sich vor unseren Augen auf wie eine Fata morgana. Unseren Staat als H\u00fcter unserer gemeinsamen Interessen gibt es so nicht mehr. Seine Staatsgewalt wurde von innen heraus erobert und zersetzt von Kr\u00e4ften, die uns als Gemeinschaft niemals beherrschen k\u00f6nnten. Isolieren sie uns aber alle voneinander, k\u00f6nnen sie es durchaus.<\/p>\n\n\n\n<p>Es gibt zwei gedankliche Extrempositionen: den extremen Individualismus und den extremen Kollektivismus. Der eine hatte einst S\u00e4tze formuliert wie \u201eDu bist nichts, dein Volk ist alles!\u201c, oder \u201eAlle Macht der Arbeiterklasse!\u201c Die Gegenposition zum kollektiven Extremismus bildet der Extremismus des Individuums. Ihn hatte einst Max Stirner treffend formuliert: \u201eMir geht nichts \u00fcber mich!\u201c<\/p>\n\n\n\n<p>Der Liberalismus als politische Philosophie geht grunds\u00e4tzlich und ausschlie\u00dflich von den Bed\u00fcrfnissen und Rechten des Einzelnen aus. Er degradiert die Bed\u00fcrfnisse der Allgemeinheit, wie sie sich im Staat verk\u00f6rpern, zu ihm allein dienender Funktion.<\/p>\n\n\n\n<h2 class=\"wp-block-heading\">Dekonstruktion des Gemeinsamen<\/h2>\n\n\n\n<p>Darum greift die liberale Philosophie alle Vorstellungen verbissen an, die im Ganzen mehr sehen als die Summe seiner Einzelteile. Den Wald \u201edekonstruiert\u201c er zu einer Ansammlung von B\u00e4umen, das Volk zu einer zuf\u00e4llig irgendwo herumwuselnden Gesellschaft, die Familie zu einer beliebigen Ansammlung von Leuten, die mal gerade \u201eVerantwortung f\u00fcreinander \u00fcbernehmen.\u201c<\/p>\n\n\n\n<figure class=\"wp-block-image size-large\"><img loading=\"lazy\" decoding=\"async\" width=\"895\" height=\"1024\" src=\"http:\/\/klauskunze.com\/blog\/wp-content\/uploads\/2023\/04\/2022-09-24-096-895x1024.jpg\" alt=\"\" class=\"wp-image-5680\" srcset=\"https:\/\/klauskunze.com\/blog\/wp-content\/uploads\/2023\/04\/2022-09-24-096-895x1024.jpg 895w, https:\/\/klauskunze.com\/blog\/wp-content\/uploads\/2023\/04\/2022-09-24-096-262x300.jpg 262w, https:\/\/klauskunze.com\/blog\/wp-content\/uploads\/2023\/04\/2022-09-24-096-768x879.jpg 768w, https:\/\/klauskunze.com\/blog\/wp-content\/uploads\/2023\/04\/2022-09-24-096-1342x1536.jpg 1342w, https:\/\/klauskunze.com\/blog\/wp-content\/uploads\/2023\/04\/2022-09-24-096-1790x2048.jpg 1790w, https:\/\/klauskunze.com\/blog\/wp-content\/uploads\/2023\/04\/2022-09-24-096-900x1030.jpg 900w, https:\/\/klauskunze.com\/blog\/wp-content\/uploads\/2023\/04\/2022-09-24-096-1280x1465.jpg 1280w\" sizes=\"auto, (max-width: 895px) 100vw, 895px\" \/><figcaption>Ohne das lebendige Bewu\u00dftsein des Zusammengeh\u00f6rens zu einem Ganzen ist eine Gesellschaft nicht zur Selbstverteidigung f\u00e4hig (Quaternionenadler mit den Wappen der Reichsst\u00e4nde, L\u00fcneburg 1587\/1692, Dresden, Gr\u00fcnes Gew\u00f6lbe).<\/figcaption><\/figure>\n\n\n\n<p>Jede h\u00f6here Gemeinschaft, die Bindungen und Verpflichtungen f\u00fcr das autonome Individuum mit sich bringt, leugnet der Liberalismusund und sucht sie in ihrem Bestand zu vernichten. Die Vernichtung beginnt ideologisch in den K\u00f6pfen. Sie setzt sich, zum Beispiel bei der Familie, gesetzgeberisch und fiskalisch fort. Am Ende wird sie nur noch eine schwache Erinnerung an eine fremd gewordene Vergangenheit mehr sein.<\/p>\n\n\n\n<p>Der Sozialismus hatte auch Gemeinschaften zum Verschwinden bringen wollen, aber zun\u00e4chst nur diejenigen, die sich der staatlichen Neukollektivierung entgegenstellten. Die v\u00f6llige Aufl\u00f6sung der zun\u00e4chst noch dem Kollektiv zugedachten Macht sollte erst ein utopischer Kommunismus mit sich bringen. Diesen Zwischenschritt \u00fcberspringt der Liberalismus. F\u00fcr ihn jede Gemeinschaft nur ein st\u00f6render Hemmschuh seiner individuellen Selbstverwirklichung. Jeder ist sich nur selbst der N\u00e4chste!<\/p>\n\n\n\n<h2 class=\"wp-block-heading\">Gemeinschaftsblind<\/h2>\n\n\n\n<p>Der extreme Liberalismus hat uns gegen\u00fcber unseren gemeinsamen Interessen blind gemacht. Wir nehmen eine kollektive Bedrohung als solche gar nicht mehr wahr. Phantasmata halten wir f\u00fcr reale Gefahren &#8211; f\u00fcr &#8222;die Menschheit&#8220;, versteht sich, nicht f\u00fcr uns. Zu einem deutschen &#8222;Wir&#8220; reicht es nicht mehr. Ratten verlassen das sinkende Schiff. Ist es in Kanada nicht auch sch\u00f6n?<\/p>\n\n\n\n<p>Eine blo\u00dfe Gesellschaft ist unf\u00e4hig zur Selbstverteidigung. Das vermag nur eine Gemeinschaft. In der Umdefinierung des deutschen Volkes von einer Gemeinschaft zu einer Gesellschaft trafen sich schon in den 1970er Jahren linksextreme und liberalextreme Positionen zu einem Amalgam: dem Linksliberalismus. Da\u00df diese Kr\u00e4fte zur Zeit eine Koalition bilden, ist kein Zufall. Sie sind Br\u00fcder im extremistischen Geiste.<\/p>\n\n\n\n<p>Den \u00e4lteren Generationen vermochten sie mehrheitlich nichts anzuhaben. Wer noch aufwuchs in Liebe zu Volk, Familie und Vaterland, dem konnte man nicht das Herz aus dem Leibe rei\u00dfen und durch liberale Hab- und Eigensucht ersetzen. Jahrzehnte linksliberaler Propaganda haben diese Generationen ersetzt durch andere, denen nichts wichtig erscheint als ihr pers\u00f6nliches Wohlergehen.<\/p>\n\n\n\n<p>Sie verm\u00f6gen sich vor den Gef\u00e4hrdungen ihrer individuellen Existenz nicht zu sch\u00fctzen, nicht zu organisieren, ihre Interessen nicht wirkungsvoll ins Spiel zu bringen. Wo protestieren die Millionen Eigenheimbesitzer, die durch enteignungsgleiche Gesetze ruiniert werden sollen? Wo demonstrieren die Millionen Deutsche, denen ihre Heimat verfremdet und in absehbarer Zeit als Heimat genommen werden wird? Ich sehe sie nirgends. Was ich nur sehe, sind in dumpfer Apathie vor der Glotze auf Anweisungen von Regierung und Staatsfernsehen br\u00fctende Einzelne.<\/p>\n\n\n\n<p>Einstmals hatte sich Winston Churchill die Deutschen als &#8222;fett, aber impotent&#8220; gew\u00fcnscht. Mit den fetten Jahren macht die heutige Regierung ein Ende. Die Deutschen werden dann nur noch mager und impotent sein. Sie bilden eine strukturlose, amorphe Masse, leicht manipulierbare Produkte jahrzehntelanger medialer Gehirnw\u00e4sche, gut steuerbar, voller semineurotischer Identit\u00e4ts\u00e4ngste und gef\u00fcgig gegen\u00fcber jeder Schnapsidee ihrer Obrigkeit. <\/p>\n\n\n\n<p>Das in seine Atome aufgel\u00f6ste einstige Volk zerstiebt vor dem Ansturm Fremder wie &#8222;<a href=\"https:\/\/www.musixmatch.com\/lyrics\/Werra-1\/Es-war-ein-Land\">Tang nach dem Sturm, Herbstlaub im Wind<\/a>&#8220; (Agnes Miegel). Sie sind unf\u00e4hig geworden, sich als machtvolles Ganzes zu verstehen und ihre gemeinsamen Interessen zu vertreten: unser aller Recht auf gemeinschaftliche Existenz. Sie k\u00f6nnen Worte wie deutsch, Deutschland, Volk oder Familie oft gar nicht mehr ohne Gewissensbisse denken. In ihren Herzen ist unser Vaterland erstorben, abget\u00f6tet worden. Es sind vaterlandslose Gesellen geworden, die w\u00fcrdigen Nachkommen ihrer sozialistischen und linksliberalen V\u00e4ter und Vorv\u00e4ter.<\/p>\n\n\n\n<p>Wir sitzen mit ihnen in einem Boot. W\u00e4hrend ein kleinerer Teil der Besatzung noch rudert, haben sie das Rudern eingestellt und lassen sich treiben. So treiben wir alle ohnm\u00e4chtig und hilflos unserem Schicksal entgegen. <\/p>\n\n\n\n<p>An der M\u00fcndung von Fl\u00fcssen aber gelangt man aber auf hohe See.<\/p>\n","protected":false},"excerpt":{"rendered":"<p>Politische Apathie hat unser Land erfa\u00dft. Wie Kaninchen auf die Schlange starren Millionen Deutsche entsetzt auf die Mattscheibe: Wo hat sich der Messermob heute wieder ausgetobt? Wie soll ich meine Heizkosten bezahlen? Bis wann darf ich meine Heizung benutzen? Sie fallen von einer Ohnmacht in die andere: Alle Angstpropaganda haben sie geglaubt, den Corona-Befehlen haben [&hellip;]<\/p>\n","protected":false},"author":1,"featured_media":5680,"comment_status":"open","ping_status":"open","sticky":false,"template":"","format":"standard","meta":{"h5ap_radio_sources":[],"twitterCardType":"","cardImageID":0,"cardImage":"","cardTitle":"","cardDesc":"","cardImageAlt":"","cardPlayer":"","cardPlayerWidth":0,"cardPlayerHeight":0,"cardPlayerStream":"","cardPlayerCodec":"","footnotes":""},"categories":[1,20,17],"tags":[],"class_list":["post-5678","post","type-post","status-publish","format-standard","has-post-thumbnail","hentry","category-allgemein","category-philosophie","category-politik"],"yoast_head":"<!-- This site is optimized with the Yoast SEO plugin v27.5 - https:\/\/yoast.com\/product\/yoast-seo-wordpress\/ -->\n<title>Von der Unf\u00e4higkeit zum Widerstand - Klaus Kunze<\/title>\n<meta name=\"robots\" content=\"index, follow, max-snippet:-1, max-image-preview:large, max-video-preview:-1\" \/>\n<link rel=\"canonical\" href=\"https:\/\/klauskunze.com\/blog\/2023\/04\/12\/von-der-unfaehigkeit-zum-widerstand\/\" \/>\n<meta property=\"og:locale\" content=\"de_DE\" \/>\n<meta property=\"og:type\" content=\"article\" \/>\n<meta property=\"og:title\" content=\"Von der Unf\u00e4higkeit zum Widerstand - Klaus Kunze\" \/>\n<meta property=\"og:description\" content=\"Politische Apathie hat unser Land erfa\u00dft. Wie Kaninchen auf die Schlange starren Millionen Deutsche entsetzt auf die Mattscheibe: Wo hat sich der Messermob heute wieder ausgetobt? Wie soll ich meine Heizkosten bezahlen? Bis wann darf ich meine Heizung benutzen? Sie fallen von einer Ohnmacht in die andere: Alle Angstpropaganda haben sie geglaubt, den Corona-Befehlen haben [&hellip;]\" \/>\n<meta property=\"og:url\" content=\"https:\/\/klauskunze.com\/blog\/2023\/04\/12\/von-der-unfaehigkeit-zum-widerstand\/\" \/>\n<meta property=\"og:site_name\" content=\"Klaus Kunze\" \/>\n<meta property=\"article:published_time\" content=\"2023-04-12T15:55:20+00:00\" \/>\n<meta property=\"article:modified_time\" content=\"2023-04-13T06:17:52+00:00\" \/>\n<meta property=\"og:image\" content=\"https:\/\/klauskunze.com\/blog\/wp-content\/uploads\/2023\/04\/2022-09-24-096-scaled.jpg\" \/>\n\t<meta property=\"og:image:width\" content=\"2237\" \/>\n\t<meta property=\"og:image:height\" content=\"2560\" \/>\n\t<meta property=\"og:image:type\" content=\"image\/jpeg\" \/>\n<meta name=\"author\" content=\"Klaus Kunze\" \/>\n<meta name=\"twitter:label1\" content=\"Verfasst von\" \/>\n\t<meta name=\"twitter:data1\" content=\"Klaus Kunze\" \/>\n\t<meta name=\"twitter:label2\" content=\"Gesch\u00e4tzte Lesezeit\" \/>\n\t<meta name=\"twitter:data2\" content=\"6\u00a0Minuten\" \/>\n<script type=\"application\/ld+json\" class=\"yoast-schema-graph\">{\"@context\":\"https:\\\/\\\/schema.org\",\"@graph\":[{\"@type\":\"Article\",\"@id\":\"https:\\\/\\\/klauskunze.com\\\/blog\\\/2023\\\/04\\\/12\\\/von-der-unfaehigkeit-zum-widerstand\\\/#article\",\"isPartOf\":{\"@id\":\"https:\\\/\\\/klauskunze.com\\\/blog\\\/2023\\\/04\\\/12\\\/von-der-unfaehigkeit-zum-widerstand\\\/\"},\"author\":{\"name\":\"Klaus Kunze\",\"@id\":\"https:\\\/\\\/klauskunze.com\\\/blog\\\/#\\\/schema\\\/person\\\/9c091cf30ab68b897db6a517e3c3b11b\"},\"headline\":\"Von der Unf\u00e4higkeit zum Widerstand\",\"datePublished\":\"2023-04-12T15:55:20+00:00\",\"dateModified\":\"2023-04-13T06:17:52+00:00\",\"mainEntityOfPage\":{\"@id\":\"https:\\\/\\\/klauskunze.com\\\/blog\\\/2023\\\/04\\\/12\\\/von-der-unfaehigkeit-zum-widerstand\\\/\"},\"wordCount\":1143,\"commentCount\":3,\"publisher\":{\"@id\":\"https:\\\/\\\/klauskunze.com\\\/blog\\\/#\\\/schema\\\/person\\\/9c091cf30ab68b897db6a517e3c3b11b\"},\"image\":{\"@id\":\"https:\\\/\\\/klauskunze.com\\\/blog\\\/2023\\\/04\\\/12\\\/von-der-unfaehigkeit-zum-widerstand\\\/#primaryimage\"},\"thumbnailUrl\":\"https:\\\/\\\/klauskunze.com\\\/blog\\\/wp-content\\\/uploads\\\/2023\\\/04\\\/2022-09-24-096-scaled.jpg\",\"articleSection\":{\"1\":\"Philosophie\",\"2\":\"Politik\"},\"inLanguage\":\"de\",\"potentialAction\":[{\"@type\":\"CommentAction\",\"name\":\"Comment\",\"target\":[\"https:\\\/\\\/klauskunze.com\\\/blog\\\/2023\\\/04\\\/12\\\/von-der-unfaehigkeit-zum-widerstand\\\/#respond\"]}]},{\"@type\":\"WebPage\",\"@id\":\"https:\\\/\\\/klauskunze.com\\\/blog\\\/2023\\\/04\\\/12\\\/von-der-unfaehigkeit-zum-widerstand\\\/\",\"url\":\"https:\\\/\\\/klauskunze.com\\\/blog\\\/2023\\\/04\\\/12\\\/von-der-unfaehigkeit-zum-widerstand\\\/\",\"name\":\"Von der Unf\u00e4higkeit zum Widerstand - Klaus Kunze\",\"isPartOf\":{\"@id\":\"https:\\\/\\\/klauskunze.com\\\/blog\\\/#website\"},\"primaryImageOfPage\":{\"@id\":\"https:\\\/\\\/klauskunze.com\\\/blog\\\/2023\\\/04\\\/12\\\/von-der-unfaehigkeit-zum-widerstand\\\/#primaryimage\"},\"image\":{\"@id\":\"https:\\\/\\\/klauskunze.com\\\/blog\\\/2023\\\/04\\\/12\\\/von-der-unfaehigkeit-zum-widerstand\\\/#primaryimage\"},\"thumbnailUrl\":\"https:\\\/\\\/klauskunze.com\\\/blog\\\/wp-content\\\/uploads\\\/2023\\\/04\\\/2022-09-24-096-scaled.jpg\",\"datePublished\":\"2023-04-12T15:55:20+00:00\",\"dateModified\":\"2023-04-13T06:17:52+00:00\",\"breadcrumb\":{\"@id\":\"https:\\\/\\\/klauskunze.com\\\/blog\\\/2023\\\/04\\\/12\\\/von-der-unfaehigkeit-zum-widerstand\\\/#breadcrumb\"},\"inLanguage\":\"de\",\"potentialAction\":[{\"@type\":\"ReadAction\",\"target\":[\"https:\\\/\\\/klauskunze.com\\\/blog\\\/2023\\\/04\\\/12\\\/von-der-unfaehigkeit-zum-widerstand\\\/\"]}]},{\"@type\":\"ImageObject\",\"inLanguage\":\"de\",\"@id\":\"https:\\\/\\\/klauskunze.com\\\/blog\\\/2023\\\/04\\\/12\\\/von-der-unfaehigkeit-zum-widerstand\\\/#primaryimage\",\"url\":\"https:\\\/\\\/klauskunze.com\\\/blog\\\/wp-content\\\/uploads\\\/2023\\\/04\\\/2022-09-24-096-scaled.jpg\",\"contentUrl\":\"https:\\\/\\\/klauskunze.com\\\/blog\\\/wp-content\\\/uploads\\\/2023\\\/04\\\/2022-09-24-096-scaled.jpg\",\"width\":2237,\"height\":2560},{\"@type\":\"BreadcrumbList\",\"@id\":\"https:\\\/\\\/klauskunze.com\\\/blog\\\/2023\\\/04\\\/12\\\/von-der-unfaehigkeit-zum-widerstand\\\/#breadcrumb\",\"itemListElement\":[{\"@type\":\"ListItem\",\"position\":1,\"name\":\"Startseite\",\"item\":\"https:\\\/\\\/klauskunze.com\\\/blog\\\/\"},{\"@type\":\"ListItem\",\"position\":2,\"name\":\"Von der Unf\u00e4higkeit zum Widerstand\"}]},{\"@type\":\"WebSite\",\"@id\":\"https:\\\/\\\/klauskunze.com\\\/blog\\\/#website\",\"url\":\"https:\\\/\\\/klauskunze.com\\\/blog\\\/\",\"name\":\"Klaus Kunze\",\"description\":\"Blog\",\"publisher\":{\"@id\":\"https:\\\/\\\/klauskunze.com\\\/blog\\\/#\\\/schema\\\/person\\\/9c091cf30ab68b897db6a517e3c3b11b\"},\"potentialAction\":[{\"@type\":\"SearchAction\",\"target\":{\"@type\":\"EntryPoint\",\"urlTemplate\":\"https:\\\/\\\/klauskunze.com\\\/blog\\\/?s={search_term_string}\"},\"query-input\":{\"@type\":\"PropertyValueSpecification\",\"valueRequired\":true,\"valueName\":\"search_term_string\"}}],\"inLanguage\":\"de\"},{\"@type\":[\"Person\",\"Organization\"],\"@id\":\"https:\\\/\\\/klauskunze.com\\\/blog\\\/#\\\/schema\\\/person\\\/9c091cf30ab68b897db6a517e3c3b11b\",\"name\":\"Klaus Kunze\",\"image\":{\"@type\":\"ImageObject\",\"inLanguage\":\"de\",\"@id\":\"https:\\\/\\\/secure.gravatar.com\\\/avatar\\\/5cd83cadbada9c331a79952fcca177ed3d3be4c7ad3239b9d934bf84adff15dd?s=96&d=blank&r=g\",\"url\":\"https:\\\/\\\/secure.gravatar.com\\\/avatar\\\/5cd83cadbada9c331a79952fcca177ed3d3be4c7ad3239b9d934bf84adff15dd?s=96&d=blank&r=g\",\"contentUrl\":\"https:\\\/\\\/secure.gravatar.com\\\/avatar\\\/5cd83cadbada9c331a79952fcca177ed3d3be4c7ad3239b9d934bf84adff15dd?s=96&d=blank&r=g\",\"caption\":\"Klaus Kunze\"},\"logo\":{\"@id\":\"https:\\\/\\\/secure.gravatar.com\\\/avatar\\\/5cd83cadbada9c331a79952fcca177ed3d3be4c7ad3239b9d934bf84adff15dd?s=96&d=blank&r=g\"},\"sameAs\":[\"http:\\\/\\\/KlausKunze.com\",\"https:\\\/\\\/x.com\\\/https:\\\/\\\/twitter.com\\\/KlausKunze3\"]}]}<\/script>\n<!-- \/ Yoast SEO plugin. -->","yoast_head_json":{"title":"Von der Unf\u00e4higkeit zum Widerstand - Klaus Kunze","robots":{"index":"index","follow":"follow","max-snippet":"max-snippet:-1","max-image-preview":"max-image-preview:large","max-video-preview":"max-video-preview:-1"},"canonical":"https:\/\/klauskunze.com\/blog\/2023\/04\/12\/von-der-unfaehigkeit-zum-widerstand\/","og_locale":"de_DE","og_type":"article","og_title":"Von der Unf\u00e4higkeit zum Widerstand - Klaus Kunze","og_description":"Politische Apathie hat unser Land erfa\u00dft. Wie Kaninchen auf die Schlange starren Millionen Deutsche entsetzt auf die Mattscheibe: Wo hat sich der Messermob heute wieder ausgetobt? Wie soll ich meine Heizkosten bezahlen? Bis wann darf ich meine Heizung benutzen? Sie fallen von einer Ohnmacht in die andere: Alle Angstpropaganda haben sie geglaubt, den Corona-Befehlen haben [&hellip;]","og_url":"https:\/\/klauskunze.com\/blog\/2023\/04\/12\/von-der-unfaehigkeit-zum-widerstand\/","og_site_name":"Klaus Kunze","article_published_time":"2023-04-12T15:55:20+00:00","article_modified_time":"2023-04-13T06:17:52+00:00","og_image":[{"width":2237,"height":2560,"url":"https:\/\/klauskunze.com\/blog\/wp-content\/uploads\/2023\/04\/2022-09-24-096-scaled.jpg","type":"image\/jpeg"}],"author":"Klaus Kunze","twitter_misc":{"Verfasst von":"Klaus Kunze","Gesch\u00e4tzte Lesezeit":"6\u00a0Minuten"},"schema":{"@context":"https:\/\/schema.org","@graph":[{"@type":"Article","@id":"https:\/\/klauskunze.com\/blog\/2023\/04\/12\/von-der-unfaehigkeit-zum-widerstand\/#article","isPartOf":{"@id":"https:\/\/klauskunze.com\/blog\/2023\/04\/12\/von-der-unfaehigkeit-zum-widerstand\/"},"author":{"name":"Klaus Kunze","@id":"https:\/\/klauskunze.com\/blog\/#\/schema\/person\/9c091cf30ab68b897db6a517e3c3b11b"},"headline":"Von der Unf\u00e4higkeit zum Widerstand","datePublished":"2023-04-12T15:55:20+00:00","dateModified":"2023-04-13T06:17:52+00:00","mainEntityOfPage":{"@id":"https:\/\/klauskunze.com\/blog\/2023\/04\/12\/von-der-unfaehigkeit-zum-widerstand\/"},"wordCount":1143,"commentCount":3,"publisher":{"@id":"https:\/\/klauskunze.com\/blog\/#\/schema\/person\/9c091cf30ab68b897db6a517e3c3b11b"},"image":{"@id":"https:\/\/klauskunze.com\/blog\/2023\/04\/12\/von-der-unfaehigkeit-zum-widerstand\/#primaryimage"},"thumbnailUrl":"https:\/\/klauskunze.com\/blog\/wp-content\/uploads\/2023\/04\/2022-09-24-096-scaled.jpg","articleSection":{"1":"Philosophie","2":"Politik"},"inLanguage":"de","potentialAction":[{"@type":"CommentAction","name":"Comment","target":["https:\/\/klauskunze.com\/blog\/2023\/04\/12\/von-der-unfaehigkeit-zum-widerstand\/#respond"]}]},{"@type":"WebPage","@id":"https:\/\/klauskunze.com\/blog\/2023\/04\/12\/von-der-unfaehigkeit-zum-widerstand\/","url":"https:\/\/klauskunze.com\/blog\/2023\/04\/12\/von-der-unfaehigkeit-zum-widerstand\/","name":"Von der Unf\u00e4higkeit zum Widerstand - Klaus Kunze","isPartOf":{"@id":"https:\/\/klauskunze.com\/blog\/#website"},"primaryImageOfPage":{"@id":"https:\/\/klauskunze.com\/blog\/2023\/04\/12\/von-der-unfaehigkeit-zum-widerstand\/#primaryimage"},"image":{"@id":"https:\/\/klauskunze.com\/blog\/2023\/04\/12\/von-der-unfaehigkeit-zum-widerstand\/#primaryimage"},"thumbnailUrl":"https:\/\/klauskunze.com\/blog\/wp-content\/uploads\/2023\/04\/2022-09-24-096-scaled.jpg","datePublished":"2023-04-12T15:55:20+00:00","dateModified":"2023-04-13T06:17:52+00:00","breadcrumb":{"@id":"https:\/\/klauskunze.com\/blog\/2023\/04\/12\/von-der-unfaehigkeit-zum-widerstand\/#breadcrumb"},"inLanguage":"de","potentialAction":[{"@type":"ReadAction","target":["https:\/\/klauskunze.com\/blog\/2023\/04\/12\/von-der-unfaehigkeit-zum-widerstand\/"]}]},{"@type":"ImageObject","inLanguage":"de","@id":"https:\/\/klauskunze.com\/blog\/2023\/04\/12\/von-der-unfaehigkeit-zum-widerstand\/#primaryimage","url":"https:\/\/klauskunze.com\/blog\/wp-content\/uploads\/2023\/04\/2022-09-24-096-scaled.jpg","contentUrl":"https:\/\/klauskunze.com\/blog\/wp-content\/uploads\/2023\/04\/2022-09-24-096-scaled.jpg","width":2237,"height":2560},{"@type":"BreadcrumbList","@id":"https:\/\/klauskunze.com\/blog\/2023\/04\/12\/von-der-unfaehigkeit-zum-widerstand\/#breadcrumb","itemListElement":[{"@type":"ListItem","position":1,"name":"Startseite","item":"https:\/\/klauskunze.com\/blog\/"},{"@type":"ListItem","position":2,"name":"Von der Unf\u00e4higkeit zum Widerstand"}]},{"@type":"WebSite","@id":"https:\/\/klauskunze.com\/blog\/#website","url":"https:\/\/klauskunze.com\/blog\/","name":"Klaus Kunze","description":"Blog","publisher":{"@id":"https:\/\/klauskunze.com\/blog\/#\/schema\/person\/9c091cf30ab68b897db6a517e3c3b11b"},"potentialAction":[{"@type":"SearchAction","target":{"@type":"EntryPoint","urlTemplate":"https:\/\/klauskunze.com\/blog\/?s={search_term_string}"},"query-input":{"@type":"PropertyValueSpecification","valueRequired":true,"valueName":"search_term_string"}}],"inLanguage":"de"},{"@type":["Person","Organization"],"@id":"https:\/\/klauskunze.com\/blog\/#\/schema\/person\/9c091cf30ab68b897db6a517e3c3b11b","name":"Klaus Kunze","image":{"@type":"ImageObject","inLanguage":"de","@id":"https:\/\/secure.gravatar.com\/avatar\/5cd83cadbada9c331a79952fcca177ed3d3be4c7ad3239b9d934bf84adff15dd?s=96&d=blank&r=g","url":"https:\/\/secure.gravatar.com\/avatar\/5cd83cadbada9c331a79952fcca177ed3d3be4c7ad3239b9d934bf84adff15dd?s=96&d=blank&r=g","contentUrl":"https:\/\/secure.gravatar.com\/avatar\/5cd83cadbada9c331a79952fcca177ed3d3be4c7ad3239b9d934bf84adff15dd?s=96&d=blank&r=g","caption":"Klaus Kunze"},"logo":{"@id":"https:\/\/secure.gravatar.com\/avatar\/5cd83cadbada9c331a79952fcca177ed3d3be4c7ad3239b9d934bf84adff15dd?s=96&d=blank&r=g"},"sameAs":["http:\/\/KlausKunze.com","https:\/\/x.com\/https:\/\/twitter.com\/KlausKunze3"]}]}},"post_mailing_queue_ids":[],"_links":{"self":[{"href":"https:\/\/klauskunze.com\/blog\/wp-json\/wp\/v2\/posts\/5678","targetHints":{"allow":["GET"]}}],"collection":[{"href":"https:\/\/klauskunze.com\/blog\/wp-json\/wp\/v2\/posts"}],"about":[{"href":"https:\/\/klauskunze.com\/blog\/wp-json\/wp\/v2\/types\/post"}],"author":[{"embeddable":true,"href":"https:\/\/klauskunze.com\/blog\/wp-json\/wp\/v2\/users\/1"}],"replies":[{"embeddable":true,"href":"https:\/\/klauskunze.com\/blog\/wp-json\/wp\/v2\/comments?post=5678"}],"version-history":[{"count":8,"href":"https:\/\/klauskunze.com\/blog\/wp-json\/wp\/v2\/posts\/5678\/revisions"}],"predecessor-version":[{"id":5689,"href":"https:\/\/klauskunze.com\/blog\/wp-json\/wp\/v2\/posts\/5678\/revisions\/5689"}],"wp:featuredmedia":[{"embeddable":true,"href":"https:\/\/klauskunze.com\/blog\/wp-json\/wp\/v2\/media\/5680"}],"wp:attachment":[{"href":"https:\/\/klauskunze.com\/blog\/wp-json\/wp\/v2\/media?parent=5678"}],"wp:term":[{"taxonomy":"category","embeddable":true,"href":"https:\/\/klauskunze.com\/blog\/wp-json\/wp\/v2\/categories?post=5678"},{"taxonomy":"post_tag","embeddable":true,"href":"https:\/\/klauskunze.com\/blog\/wp-json\/wp\/v2\/tags?post=5678"}],"curies":[{"name":"wp","href":"https:\/\/api.w.org\/{rel}","templated":true}]}}