{"id":5888,"date":"2023-10-18T16:46:25","date_gmt":"2023-10-18T14:46:25","guid":{"rendered":"http:\/\/klauskunze.com\/blog\/?p=5888"},"modified":"2023-10-19T08:56:37","modified_gmt":"2023-10-19T06:56:37","slug":"abschied-von-der-gerechtigkeit","status":"publish","type":"post","link":"https:\/\/klauskunze.com\/blog\/2023\/10\/18\/abschied-von-der-gerechtigkeit\/","title":{"rendered":"Abschied von der Gerechtigkeit"},"content":{"rendered":"\n<p>Wenn Linke ihren ideologischen Zauberstab schwingen, lautet ihre Beschw\u00f6rungsformel immer: &#8222;Gerechtigkeit!&#8220; Sie bildet den Schl\u00fcssel zum Verst\u00e4ndnis alles dessen, was links ist, und darum ist der Rechts-Links-Gegensatz nicht \u00fcberholt.<\/p>\n\n\n\n<p>Nat\u00fcrlich wollen Rechte auch Gerechtigkeit, aber eine v\u00f6llig andere als Linke. Sie erkennen, da\u00df hinter der Forderung nach Gerechtigkeit gew\u00f6hnlich ein Machtanspruch steckt. Wer ihn erhebt, strebt nach der Herrschaft, die Ressourcen anders zu verteilen als bisher &#8211; zu seinen Gunsten, versteht sich. Die Parole &#8222;Gerechtigkeit&#8220; ist ein Mittel, die eigenen Interessen zur Geltung zu bringen.<\/p>\n\n\n\n<p>Wem die &#8222;Deu\u00adtung der Ora\u00adkel der Gerechtigkeit an\u00adver\u00adtraut ist&#8220;, wird er\u00adfah\u00adrungs\u00adge\u00adm\u00e4\u00df &#8222;die\u00adse G\u00f6ttin be\u00adwe\u00adgen k\u00f6nnen, nichts zu antwor\u00adten, was wi\u00adder den ei\u00adge\u00adnen Vorteil ist,&#8220;<a id=\"_ftnref1\" href=\"#_ftn1\">[1]<\/a> erkannte schon 1667 der Jurist Samuel von Pufendorf. Und sein sp\u00e4terer Kollege Ernst von Hip\u00adpel seufzte re\u00adsi\u00adgnierend, nach Ver\u00ad\u00adlo\u00adren\u00adge\u00adhen der &#8222;h\u00f6\u00adheren Rechts\u00ad\u00adstufen&#8220; des g\u00f6ttli\u00adchen und des Na\u00ad\u00adtur\u00adrechts seien &#8222;end\u00adlich nur noch der Rechts\u00adbe\u00adgriff als leere Form und Tar\u00adnung blo\u00ad\u00dfer In\u00adter\u00adessen wie poli\u00adti\u00adscher Macht \u00fcb\u00adrig&#8220; ge\u00adblie\u00ad\u00adben.<a id=\"_ftnref2\" href=\"#_ftn2\">[2]<\/a><\/p>\n\n\n<div class=\"wp-block-image\">\n<figure class=\"aligncenter size-large is-resized\"><img loading=\"lazy\" decoding=\"async\" src=\"http:\/\/klauskunze.com\/blog\/wp-content\/uploads\/2023\/10\/content_002-580x1024.jpg\" alt=\"\" class=\"wp-image-5889\" width=\"435\" height=\"768\" srcset=\"https:\/\/klauskunze.com\/blog\/wp-content\/uploads\/2023\/10\/content_002-580x1024.jpg 580w, https:\/\/klauskunze.com\/blog\/wp-content\/uploads\/2023\/10\/content_002-170x300.jpg 170w, https:\/\/klauskunze.com\/blog\/wp-content\/uploads\/2023\/10\/content_002-768x1356.jpg 768w, https:\/\/klauskunze.com\/blog\/wp-content\/uploads\/2023\/10\/content_002-870x1536.jpg 870w, https:\/\/klauskunze.com\/blog\/wp-content\/uploads\/2023\/10\/content_002-900x1589.jpg 900w, https:\/\/klauskunze.com\/blog\/wp-content\/uploads\/2023\/10\/content_002.jpg 1025w\" sizes=\"auto, (max-width: 435px) 100vw, 435px\" \/><figcaption>In der Ausgabe von 1668 schrieb Samuel von Pufendorf sein ber\u00fchmtes Werk &#8222;De statu Imperii Germanici&#8220; unter Pseudonym, um nirgends anzuecken.<\/figcaption><\/figure>\n<\/div>\n\n\n<h2 class=\"wp-block-heading\">Gleiches gleich und Ungleiches ungleich<\/h2>\n\n\n\n<p>Es gibt &#8222;die Gerechtigkeit&#8220; nicht. Man stellt sie sich gern als anthropomorphe Personifikation vor: eine Frau mit Waage und verbundenen Augen. Sie existiert in vielen K\u00f6pfen als Vorstellung, ebenso wie &#8222;der Tod&#8220; als Skelett mit Sense oder Micky Mouse in vielen K\u00f6pfen &#8222;lebt&#8220;.<\/p>\n\n\n\n<p>Tats\u00e4chlich haben Menschen sich ein Verteilungsprinzip ausgedacht, das sie situativ als &#8222;gerecht&#8220; bezeichnen: Man soll Gleiches gleich behandeln und Ungleiches ungleich. Seinen Anwendungsbereich findet dieses Prinzip der ausgleichenden Gerechtigkeit in der Familie: Am Tisch wird das Essen gerecht verteilt, damit jeder seinen Anteil bekommt. Es mu\u00df aber ein f\u00fcnfj\u00e4hriges Kind nicht genauso viel bekommen wie ein 120-Kilo-Mann, weil ihr Bedarf ungleich ist.<\/p>\n\n\n\n<p>Gerecht zu verteilen hat also zwei Voraussetzungen: Es erfordert eine verteilende Instanz mit der Verf\u00fcgungsmacht \u00fcber die Verteilungsmasse, und es erfordert einen von ihr willentlich gesetzten Ma\u00dfstab, nach welchen Kriterien die Gleichheit oder Ungleichheit zu beurteilen ist: Nehmen wir zwei runde Kugeln und zwei W\u00fcrfel, von denen je eine Kugel und ein W\u00fcrfel rot ist, der andere blau. Welche gleich sind, l\u00e4\u00dft sich nicht ohne Entscheidung beurteilen, ob gleiche Form oder gleiche Farbe den Ausschlag geben soll.<\/p>\n\n\n\n<p>Wer bei der Ressourcenverteilung entscheidet, nach welchen Ma\u00dfst\u00e4ben verteilt wird. hat die Macht. Nur im Rahmen von \u00dcber- und Unterordnungsverh\u00e4ltnissen stellt sich die Frage &#8222;gerechter&#8220; Verteilung. Ein Staat, der seinen Untertanen weitgehend G\u00fcter entzieht, um sie an andere auszuteilen, kann nur ein autorit\u00e4rer Machtstaat sein.<\/p>\n\n\n\n<p>N\u00e4hmen Linke die Marx&#8217;sche utopische Forderung nach einer Aufhebung der &#8222;Herrschaft des Menschen \u00fcber den Menschen&#8220; ernst, w\u00fcrden sie gegen die immer ausschweifendere Umverteilungsmacht unseres Staates aufbegehren.<\/p>\n\n\n\n<p>Ein Gerechtigkeitsprinzip ohne Regeln w\u00e4re unbegreiflich, formulierte der Rechtsphilosoph <a href=\"https:\/\/de.wikipedia.org\/wiki\/Chaim_Perelman\">Cha\u00efm Perelman (1912-1984)<\/a> in seinem Werk \u201e\u00dcber die Gerechtigkeit\u201c<a id=\"_ftnref3\" href=\"#_ftn3\">[3]<\/a>, denn<\/p>\n\n\n\n<blockquote class=\"wp-block-quote is-layout-flow wp-block-quote-is-layout-flow\"><p>gerecht sein hei\u00dft eine Regel zu beachten, welche die Verpflichtung formuliert, alle Wesen einer bestimmten Kategorie auf eine bestimmte Weise zu behandeln.<\/p><cite>Cha\u00efm Perelman, \u00dcber die Gerechtigkeit, S.58.<\/cite><\/blockquote>\n\n\n<div class=\"wp-block-image\">\n<figure class=\"aligncenter size-large is-resized\"><img loading=\"lazy\" decoding=\"async\" src=\"http:\/\/klauskunze.com\/blog\/wp-content\/uploads\/2023\/10\/20231018_153231-1-609x1024.jpg\" alt=\"\" class=\"wp-image-5891\" width=\"305\" height=\"512\" srcset=\"https:\/\/klauskunze.com\/blog\/wp-content\/uploads\/2023\/10\/20231018_153231-1-609x1024.jpg 609w, https:\/\/klauskunze.com\/blog\/wp-content\/uploads\/2023\/10\/20231018_153231-1-179x300.jpg 179w, https:\/\/klauskunze.com\/blog\/wp-content\/uploads\/2023\/10\/20231018_153231-1-768x1290.jpg 768w, https:\/\/klauskunze.com\/blog\/wp-content\/uploads\/2023\/10\/20231018_153231-1-914x1536.jpg 914w, https:\/\/klauskunze.com\/blog\/wp-content\/uploads\/2023\/10\/20231018_153231-1-1219x2048.jpg 1219w, https:\/\/klauskunze.com\/blog\/wp-content\/uploads\/2023\/10\/20231018_153231-1-900x1512.jpg 900w, https:\/\/klauskunze.com\/blog\/wp-content\/uploads\/2023\/10\/20231018_153231-1-1280x2151.jpg 1280w, https:\/\/klauskunze.com\/blog\/wp-content\/uploads\/2023\/10\/20231018_153231-1-scaled.jpg 1524w\" sizes=\"auto, (max-width: 305px) 100vw, 305px\" \/><\/figure>\n<\/div>\n\n\n<p>Es herrscht allerdings immer, wer diese Regel aufstellt und ihre Geltung erzwingt, denn<\/p>\n\n\n\n<blockquote class=\"wp-block-quote is-layout-flow wp-block-quote-is-layout-flow\"><p>Die Macht hat, wer die Re\u00adgeln re\u00adgelt. Es geht nicht Macht vor Recht; sondern: Wer die Macht hat, macht das Recht.<\/p><cite>Klaus Kunze, Mut zur Freiheit, 1965, S.62<a id=\"_ftnref4\" href=\"#_ftn4\">[4]<\/a>.<\/cite><\/blockquote>\n\n\n<div class=\"wp-block-image\">\n<figure class=\"aligncenter size-large is-resized\"><a href=\"http:\/\/klauskunze.com\/heikun\/mut\/index.htm\"><img loading=\"lazy\" decoding=\"async\" src=\"http:\/\/klauskunze.com\/blog\/wp-content\/uploads\/2023\/10\/20231018_155857-731x1024.jpg\" alt=\"\" class=\"wp-image-5892\" width=\"366\" height=\"512\" srcset=\"https:\/\/klauskunze.com\/blog\/wp-content\/uploads\/2023\/10\/20231018_155857-731x1024.jpg 731w, https:\/\/klauskunze.com\/blog\/wp-content\/uploads\/2023\/10\/20231018_155857-214x300.jpg 214w, https:\/\/klauskunze.com\/blog\/wp-content\/uploads\/2023\/10\/20231018_155857-768x1075.jpg 768w, https:\/\/klauskunze.com\/blog\/wp-content\/uploads\/2023\/10\/20231018_155857-1097x1536.jpg 1097w, https:\/\/klauskunze.com\/blog\/wp-content\/uploads\/2023\/10\/20231018_155857-1463x2048.jpg 1463w, https:\/\/klauskunze.com\/blog\/wp-content\/uploads\/2023\/10\/20231018_155857-900x1260.jpg 900w, https:\/\/klauskunze.com\/blog\/wp-content\/uploads\/2023\/10\/20231018_155857-1280x1792.jpg 1280w, https:\/\/klauskunze.com\/blog\/wp-content\/uploads\/2023\/10\/20231018_155857-scaled.jpg 1829w\" sizes=\"auto, (max-width: 366px) 100vw, 366px\" \/><\/a><\/figure>\n<\/div>\n\n\n<p>So verm\u00f6gen unsere herrschenden Parteien unser Recht zu machen, indem sie die Kriterien der materiellen Gleichbehandlung \u00e4ndern und neu aufstellen. So werden nach und nach die Differenzierungskriterien f\u00fcr staatliche Transferleistungen etwa nach Lebensalter, durch Arbeitsleistung erworbene Anrechte oder Staatsb\u00fcrgerschaft beseitigt und durch das neue Kriterium \u201eMensch\u201c ersetzt, und schon ist das B\u00fcrgergeld fertig.<\/p>\n\n\n\n<h2 class=\"wp-block-heading\">Gerechtigkeit ist kein universales Prinzip<\/h2>\n\n\n\n<p>In der Natur stellt sich niemals die Frage nach Gerechtigkeit. Da\u00df der Nil durch \u00c4gypten flie\u00dft und Nachbarstaaten auf dem Trockenen sitzen, ist nicht &#8222;ungerecht&#8220;. K\u00f6nnte man die Gravitation als &#8222;ungerecht&#8220; aufheben, k\u00f6nnten Frauen fliegen. Doch \u201ewo die Notwendigkeit herrscht, gibt es keine Verpflichtung.\u201c<a href=\"#_ftn5\" id=\"_ftnref5\">[5]<\/a><\/p>\n\n\n\n<p>Es stellt sich auch zwischen Menschengruppen keine Gerechtigkeitfrage, die keiner gemeinsamen, verteilenden Zentralgewalt unterliegen. Es ist nicht &#8222;ungerecht&#8220;, da\u00df es bei den Eskimos nicht so warm ist wie auf Ibiza, da\u00df es in Deutschland weniger &#8222;seltene Erden&#8220; gibt als in China oder da\u00df England eine Insel ist. Das alles ist eben so. Es ergeben sich darauf keine zwischenmenschlichen Verteilungsfragen, solange sich nicht irgendeine Macht zum globalen Gro\u00dfen Zampano aufschwingt und alle Welt auf ihr Kommando h\u00f6ren mu\u00df.<\/p>\n\n\n\n<p>An Versuchen dazu fehlt es nicht. Doch mu\u00df uns klar sein: Man w\u00fcrde uns vieles wegnehmen: unsere Freiheit, unser Geld, unser Land, wenn jemand den ideologischen Zauberstab schwingen und sein Gleichheitshokuspokus aufsagen d\u00fcrfte: <em>Alle Menschen sind gleich, und wenn ihr mehr habt als andere, ist das ungerecht!&#8220;<\/em><\/p>\n\n\n\n<p>In unserem Interesse liegt es nicht, einer &#8222;Weltregierung&#8220; solche Macht \u00fcber uns zuzugestehen. Sie w\u00fcrde uns mit einer Gerechtigkeitsideologie zu beherrschen suchen, wie sie unsere Vorfahren in christlichen Zeiten einst geglaubt hatten: Im j\u00fcngsten Gericht belohnt und straft die g\u00f6ttliche Gerechtigkeit. Tods\u00fcnder wie Geizh\u00e4lse beispielsweise kommen in die H\u00f6lle, also gebt euer Geld gef\u00e4lligst an die Kirche oder die Armen!<\/p>\n\n\n\n<figure class=\"wp-block-image size-large\"><img loading=\"lazy\" decoding=\"async\" width=\"745\" height=\"1024\" src=\"http:\/\/klauskunze.com\/blog\/wp-content\/uploads\/2023\/10\/20231018_162846-745x1024.jpg\" alt=\"\" class=\"wp-image-5895\" srcset=\"https:\/\/klauskunze.com\/blog\/wp-content\/uploads\/2023\/10\/20231018_162846-745x1024.jpg 745w, https:\/\/klauskunze.com\/blog\/wp-content\/uploads\/2023\/10\/20231018_162846-218x300.jpg 218w, https:\/\/klauskunze.com\/blog\/wp-content\/uploads\/2023\/10\/20231018_162846-768x1055.jpg 768w, https:\/\/klauskunze.com\/blog\/wp-content\/uploads\/2023\/10\/20231018_162846-1118x1536.jpg 1118w, https:\/\/klauskunze.com\/blog\/wp-content\/uploads\/2023\/10\/20231018_162846-1490x2048.jpg 1490w, https:\/\/klauskunze.com\/blog\/wp-content\/uploads\/2023\/10\/20231018_162846-900x1237.jpg 900w, https:\/\/klauskunze.com\/blog\/wp-content\/uploads\/2023\/10\/20231018_162846-1280x1759.jpg 1280w, https:\/\/klauskunze.com\/blog\/wp-content\/uploads\/2023\/10\/20231018_162846-scaled.jpg 1863w\" sizes=\"auto, (max-width: 745px) 100vw, 745px\" \/><figcaption>Hieronymus Bosch, Der Tod des Geizhalses (um 1500-1510). Er hatte die &#8222;Verteilungsgerechtigkeit&#8220; mi\u00dfachtet.<\/figcaption><\/figure>\n\n\n\n<h2 class=\"wp-block-heading\">Die multiplen Gerechtigkeiten<\/h2>\n\n\n\n<p>Weil es keine allumfassende Gerechtigkeit gibt ohne Vorentscheidung, welches Kriterium wir f\u00fcr die Gleichheit heranziehen, gibt es Gerechtigkeit nur im Plural. Potenziell gibt es so viele Gerechtigkeiten wie es Menschen gibt.<\/p>\n\n\n\n<blockquote class=\"wp-block-quote is-layout-flow wp-block-quote-is-layout-flow\"><p>Jedes Gerechtigkeitssystem stellt nur die Entfaltung eines oder mehrerer Werte dar, deren willk\u00fcrlicher Charakter sich aus den Werten selbst ergibt. Wir verstehen nun auch, da\u00df es nicht nur ein einziges Gerechtigkeitssystem geben kann, sondern da\u00df es ebensoviele Gerechtigkeitssysteme geben mu\u00df, wie es verschiedene Werte gibt.<\/p><cite>Cha\u00efm Perelman, \u00dcber die Gerechtigkeit, S.74.<\/cite><\/blockquote>\n\n\n\n<p>Nun gibt es keine universell und absolut geltenden \u201eWerte\u201c, denn jedermann steht es frei, alles und jedes zu bewerten wie er will. Etwas zu bewerten ist eine geistige und emotionale T\u00e4tigkeit, die den \u201eWert\u201c als begriffliche Vorstellung in unserem Kopf erzeugt.<\/p>\n\n\n\n<blockquote class=\"wp-block-quote is-layout-flow wp-block-quote-is-layout-flow\"><p>Da jeder Wert willk\u00fcrlich ist, gibt es keine absolute, vollst\u00e4ndig in der Vernunft begr\u00fcndete Gerechtigkeit. Um es noch deutlicher zu sagen: es gibt keine absolute Gerechtigkeit, au\u00dfer wenn es sich um absolut gleiche Wesen handelt, die immer zur selben Wesenskategorie geh\u00f6ren, welches Kriterium auch immer man gew\u00e4hlt haben mag.<\/p><cite>Cha\u00efm Perelman, \u00dcber die Gerechtigkeit, S.80 f..<\/cite><\/blockquote>\n\n\n\n<p>Wer etwas von uns verlangt und sich dabei auf &#8222;Gerechtigkeit&#8220; beruft, will uns seine Wertentscheidung \u00fcber das von ihm als wertvoll Proklamierte aufzwingen.<\/p>\n\n\n\n<p>Jede Ideologie, die uns eine allem Menschsein vorgebene, ewig g\u00fcltige Gerechtigkeit aufgrund absolut zwingender Wertvorstellungen vorgaukeln m\u00f6chte, ist eine Herrschaftsideologie. Wir sollten skeptisch bleiben bei allen h\u00fcbsch klingenden Phrasen wie \u201ewestliche Wertegemeinschaft\u201c, \u201efeministische Au\u00dfenpolitik\u201c, &#8222;Gendergerechtigkeit&#8220; und \u201esozialer Gerechtigkeit\u201c: Sie eignen sich dazu, unsere eigenen Interessen zu vergessen und nach der Melodie derer zu tanzen, die uns lenken und beherrschen wollen.<\/p>\n\n\n\n<hr class=\"wp-block-separator has-alpha-channel-opacity\"\/>\n\n\n\n<p><a id=\"_ftn1\" href=\"#_ftnref1\">[1]<\/a> Samuel von Pufendorf, De statu Imperii Germanici, 1667, Die Verfassung des Deutschen Reiches, Hrg.Horst Denzer, Frankfurt\/M.1994, S.165, Insel-Verlag 1994.<\/p>\n\n\n\n<p><a href=\"#_ftnref2\" id=\"_ftn2\">[2]<\/a> Ernst von Hippel, Der Rechtsgedanke in der Geschichte, 1955, S.6.<\/p>\n\n\n\n<p><a href=\"#_ftnref3\" id=\"_ftn3\">[3]<\/a> Cha\u00efm Perelman, \u00dcber die Gerechtigkeit, bei Beck 1967, S.159.<\/p>\n\n\n\n<p><a id=\"_ftn4\" href=\"#_ftnref4\">[4]<\/a> <a href=\"http:\/\/klauskunze.com\/heikun\/mut\/m2w.htm\">Klaus Kunze, Mut zur Freiheit, 1965, S.62<\/a>.<\/p>\n\n\n\n<p><a href=\"#_ftnref5\" id=\"_ftn5\">[5]<\/a> Perelmann, S.61.<\/p>\n","protected":false},"excerpt":{"rendered":"<p>Wenn Linke ihren ideologischen Zauberstab schwingen, lautet ihre Beschw\u00f6rungsformel immer: &#8222;Gerechtigkeit!&#8220; Sie bildet den Schl\u00fcssel zum Verst\u00e4ndnis alles dessen, was links ist, und darum ist der Rechts-Links-Gegensatz nicht \u00fcberholt. Nat\u00fcrlich wollen Rechte auch Gerechtigkeit, aber eine v\u00f6llig andere als Linke. Sie erkennen, da\u00df hinter der Forderung nach Gerechtigkeit gew\u00f6hnlich ein Machtanspruch steckt. Wer ihn erhebt, [&hellip;]<\/p>\n","protected":false},"author":1,"featured_media":5896,"comment_status":"open","ping_status":"open","sticky":false,"template":"","format":"standard","meta":{"h5ap_radio_sources":[],"twitterCardType":"","cardImageID":0,"cardImage":"","cardTitle":"","cardDesc":"","cardImageAlt":"","cardPlayer":"","cardPlayerWidth":0,"cardPlayerHeight":0,"cardPlayerStream":"","cardPlayerCodec":"","footnotes":""},"categories":[1,13,20,17],"tags":[],"class_list":["post-5888","post","type-post","status-publish","format-standard","has-post-thumbnail","hentry","category-allgemein","category-geschichte","category-philosophie","category-politik"],"yoast_head":"<!-- This site is optimized with the Yoast SEO plugin v27.5 - https:\/\/yoast.com\/product\/yoast-seo-wordpress\/ -->\n<title>Abschied von der Gerechtigkeit - Klaus Kunze<\/title>\n<meta name=\"robots\" content=\"index, follow, max-snippet:-1, max-image-preview:large, max-video-preview:-1\" \/>\n<link rel=\"canonical\" href=\"https:\/\/klauskunze.com\/blog\/2023\/10\/18\/abschied-von-der-gerechtigkeit\/\" \/>\n<meta property=\"og:locale\" content=\"de_DE\" \/>\n<meta property=\"og:type\" content=\"article\" \/>\n<meta property=\"og:title\" content=\"Abschied von der Gerechtigkeit - Klaus Kunze\" \/>\n<meta property=\"og:description\" content=\"Wenn Linke ihren ideologischen Zauberstab schwingen, lautet ihre Beschw\u00f6rungsformel immer: &#8222;Gerechtigkeit!&#8220; Sie bildet den Schl\u00fcssel zum Verst\u00e4ndnis alles dessen, was links ist, und darum ist der Rechts-Links-Gegensatz nicht \u00fcberholt. Nat\u00fcrlich wollen Rechte auch Gerechtigkeit, aber eine v\u00f6llig andere als Linke. Sie erkennen, da\u00df hinter der Forderung nach Gerechtigkeit gew\u00f6hnlich ein Machtanspruch steckt. Wer ihn erhebt, [&hellip;]\" \/>\n<meta property=\"og:url\" content=\"https:\/\/klauskunze.com\/blog\/2023\/10\/18\/abschied-von-der-gerechtigkeit\/\" \/>\n<meta property=\"og:site_name\" content=\"Klaus Kunze\" \/>\n<meta property=\"article:published_time\" content=\"2023-10-18T14:46:25+00:00\" \/>\n<meta property=\"article:modified_time\" content=\"2023-10-19T06:56:37+00:00\" \/>\n<meta property=\"og:image\" content=\"https:\/\/klauskunze.com\/blog\/wp-content\/uploads\/2023\/10\/20231018_162846a-1024x898.jpg\" \/>\n\t<meta property=\"og:image:width\" content=\"1024\" \/>\n\t<meta property=\"og:image:height\" content=\"898\" \/>\n\t<meta property=\"og:image:type\" content=\"image\/jpeg\" \/>\n<meta name=\"author\" content=\"Klaus Kunze\" \/>\n<meta name=\"twitter:label1\" content=\"Verfasst von\" \/>\n\t<meta name=\"twitter:data1\" content=\"Klaus Kunze\" \/>\n\t<meta name=\"twitter:label2\" content=\"Gesch\u00e4tzte Lesezeit\" \/>\n\t<meta name=\"twitter:data2\" content=\"6\u00a0Minuten\" \/>\n<script type=\"application\/ld+json\" class=\"yoast-schema-graph\">{\"@context\":\"https:\\\/\\\/schema.org\",\"@graph\":[{\"@type\":\"Article\",\"@id\":\"https:\\\/\\\/klauskunze.com\\\/blog\\\/2023\\\/10\\\/18\\\/abschied-von-der-gerechtigkeit\\\/#article\",\"isPartOf\":{\"@id\":\"https:\\\/\\\/klauskunze.com\\\/blog\\\/2023\\\/10\\\/18\\\/abschied-von-der-gerechtigkeit\\\/\"},\"author\":{\"name\":\"Klaus Kunze\",\"@id\":\"https:\\\/\\\/klauskunze.com\\\/blog\\\/#\\\/schema\\\/person\\\/9c091cf30ab68b897db6a517e3c3b11b\"},\"headline\":\"Abschied von der Gerechtigkeit\",\"datePublished\":\"2023-10-18T14:46:25+00:00\",\"dateModified\":\"2023-10-19T06:56:37+00:00\",\"mainEntityOfPage\":{\"@id\":\"https:\\\/\\\/klauskunze.com\\\/blog\\\/2023\\\/10\\\/18\\\/abschied-von-der-gerechtigkeit\\\/\"},\"wordCount\":1240,\"commentCount\":2,\"publisher\":{\"@id\":\"https:\\\/\\\/klauskunze.com\\\/blog\\\/#\\\/schema\\\/person\\\/9c091cf30ab68b897db6a517e3c3b11b\"},\"image\":{\"@id\":\"https:\\\/\\\/klauskunze.com\\\/blog\\\/2023\\\/10\\\/18\\\/abschied-von-der-gerechtigkeit\\\/#primaryimage\"},\"thumbnailUrl\":\"https:\\\/\\\/klauskunze.com\\\/blog\\\/wp-content\\\/uploads\\\/2023\\\/10\\\/20231018_162846a.jpg\",\"articleSection\":{\"1\":\"Geschichte\",\"2\":\"Philosophie\",\"3\":\"Politik\"},\"inLanguage\":\"de\",\"potentialAction\":[{\"@type\":\"CommentAction\",\"name\":\"Comment\",\"target\":[\"https:\\\/\\\/klauskunze.com\\\/blog\\\/2023\\\/10\\\/18\\\/abschied-von-der-gerechtigkeit\\\/#respond\"]}]},{\"@type\":\"WebPage\",\"@id\":\"https:\\\/\\\/klauskunze.com\\\/blog\\\/2023\\\/10\\\/18\\\/abschied-von-der-gerechtigkeit\\\/\",\"url\":\"https:\\\/\\\/klauskunze.com\\\/blog\\\/2023\\\/10\\\/18\\\/abschied-von-der-gerechtigkeit\\\/\",\"name\":\"Abschied von der Gerechtigkeit - Klaus Kunze\",\"isPartOf\":{\"@id\":\"https:\\\/\\\/klauskunze.com\\\/blog\\\/#website\"},\"primaryImageOfPage\":{\"@id\":\"https:\\\/\\\/klauskunze.com\\\/blog\\\/2023\\\/10\\\/18\\\/abschied-von-der-gerechtigkeit\\\/#primaryimage\"},\"image\":{\"@id\":\"https:\\\/\\\/klauskunze.com\\\/blog\\\/2023\\\/10\\\/18\\\/abschied-von-der-gerechtigkeit\\\/#primaryimage\"},\"thumbnailUrl\":\"https:\\\/\\\/klauskunze.com\\\/blog\\\/wp-content\\\/uploads\\\/2023\\\/10\\\/20231018_162846a.jpg\",\"datePublished\":\"2023-10-18T14:46:25+00:00\",\"dateModified\":\"2023-10-19T06:56:37+00:00\",\"breadcrumb\":{\"@id\":\"https:\\\/\\\/klauskunze.com\\\/blog\\\/2023\\\/10\\\/18\\\/abschied-von-der-gerechtigkeit\\\/#breadcrumb\"},\"inLanguage\":\"de\",\"potentialAction\":[{\"@type\":\"ReadAction\",\"target\":[\"https:\\\/\\\/klauskunze.com\\\/blog\\\/2023\\\/10\\\/18\\\/abschied-von-der-gerechtigkeit\\\/\"]}]},{\"@type\":\"ImageObject\",\"inLanguage\":\"de\",\"@id\":\"https:\\\/\\\/klauskunze.com\\\/blog\\\/2023\\\/10\\\/18\\\/abschied-von-der-gerechtigkeit\\\/#primaryimage\",\"url\":\"https:\\\/\\\/klauskunze.com\\\/blog\\\/wp-content\\\/uploads\\\/2023\\\/10\\\/20231018_162846a.jpg\",\"contentUrl\":\"https:\\\/\\\/klauskunze.com\\\/blog\\\/wp-content\\\/uploads\\\/2023\\\/10\\\/20231018_162846a.jpg\",\"width\":2110,\"height\":1850},{\"@type\":\"BreadcrumbList\",\"@id\":\"https:\\\/\\\/klauskunze.com\\\/blog\\\/2023\\\/10\\\/18\\\/abschied-von-der-gerechtigkeit\\\/#breadcrumb\",\"itemListElement\":[{\"@type\":\"ListItem\",\"position\":1,\"name\":\"Startseite\",\"item\":\"https:\\\/\\\/klauskunze.com\\\/blog\\\/\"},{\"@type\":\"ListItem\",\"position\":2,\"name\":\"Abschied von der Gerechtigkeit\"}]},{\"@type\":\"WebSite\",\"@id\":\"https:\\\/\\\/klauskunze.com\\\/blog\\\/#website\",\"url\":\"https:\\\/\\\/klauskunze.com\\\/blog\\\/\",\"name\":\"Klaus Kunze\",\"description\":\"Blog\",\"publisher\":{\"@id\":\"https:\\\/\\\/klauskunze.com\\\/blog\\\/#\\\/schema\\\/person\\\/9c091cf30ab68b897db6a517e3c3b11b\"},\"potentialAction\":[{\"@type\":\"SearchAction\",\"target\":{\"@type\":\"EntryPoint\",\"urlTemplate\":\"https:\\\/\\\/klauskunze.com\\\/blog\\\/?s={search_term_string}\"},\"query-input\":{\"@type\":\"PropertyValueSpecification\",\"valueRequired\":true,\"valueName\":\"search_term_string\"}}],\"inLanguage\":\"de\"},{\"@type\":[\"Person\",\"Organization\"],\"@id\":\"https:\\\/\\\/klauskunze.com\\\/blog\\\/#\\\/schema\\\/person\\\/9c091cf30ab68b897db6a517e3c3b11b\",\"name\":\"Klaus Kunze\",\"image\":{\"@type\":\"ImageObject\",\"inLanguage\":\"de\",\"@id\":\"https:\\\/\\\/secure.gravatar.com\\\/avatar\\\/5cd83cadbada9c331a79952fcca177ed3d3be4c7ad3239b9d934bf84adff15dd?s=96&d=blank&r=g\",\"url\":\"https:\\\/\\\/secure.gravatar.com\\\/avatar\\\/5cd83cadbada9c331a79952fcca177ed3d3be4c7ad3239b9d934bf84adff15dd?s=96&d=blank&r=g\",\"contentUrl\":\"https:\\\/\\\/secure.gravatar.com\\\/avatar\\\/5cd83cadbada9c331a79952fcca177ed3d3be4c7ad3239b9d934bf84adff15dd?s=96&d=blank&r=g\",\"caption\":\"Klaus Kunze\"},\"logo\":{\"@id\":\"https:\\\/\\\/secure.gravatar.com\\\/avatar\\\/5cd83cadbada9c331a79952fcca177ed3d3be4c7ad3239b9d934bf84adff15dd?s=96&d=blank&r=g\"},\"sameAs\":[\"http:\\\/\\\/KlausKunze.com\",\"https:\\\/\\\/x.com\\\/https:\\\/\\\/twitter.com\\\/KlausKunze3\"]}]}<\/script>\n<!-- \/ Yoast SEO plugin. -->","yoast_head_json":{"title":"Abschied von der Gerechtigkeit - Klaus Kunze","robots":{"index":"index","follow":"follow","max-snippet":"max-snippet:-1","max-image-preview":"max-image-preview:large","max-video-preview":"max-video-preview:-1"},"canonical":"https:\/\/klauskunze.com\/blog\/2023\/10\/18\/abschied-von-der-gerechtigkeit\/","og_locale":"de_DE","og_type":"article","og_title":"Abschied von der Gerechtigkeit - Klaus Kunze","og_description":"Wenn Linke ihren ideologischen Zauberstab schwingen, lautet ihre Beschw\u00f6rungsformel immer: &#8222;Gerechtigkeit!&#8220; Sie bildet den Schl\u00fcssel zum Verst\u00e4ndnis alles dessen, was links ist, und darum ist der Rechts-Links-Gegensatz nicht \u00fcberholt. Nat\u00fcrlich wollen Rechte auch Gerechtigkeit, aber eine v\u00f6llig andere als Linke. Sie erkennen, da\u00df hinter der Forderung nach Gerechtigkeit gew\u00f6hnlich ein Machtanspruch steckt. Wer ihn erhebt, [&hellip;]","og_url":"https:\/\/klauskunze.com\/blog\/2023\/10\/18\/abschied-von-der-gerechtigkeit\/","og_site_name":"Klaus Kunze","article_published_time":"2023-10-18T14:46:25+00:00","article_modified_time":"2023-10-19T06:56:37+00:00","og_image":[{"width":1024,"height":898,"url":"https:\/\/klauskunze.com\/blog\/wp-content\/uploads\/2023\/10\/20231018_162846a-1024x898.jpg","type":"image\/jpeg"}],"author":"Klaus Kunze","twitter_misc":{"Verfasst von":"Klaus Kunze","Gesch\u00e4tzte Lesezeit":"6\u00a0Minuten"},"schema":{"@context":"https:\/\/schema.org","@graph":[{"@type":"Article","@id":"https:\/\/klauskunze.com\/blog\/2023\/10\/18\/abschied-von-der-gerechtigkeit\/#article","isPartOf":{"@id":"https:\/\/klauskunze.com\/blog\/2023\/10\/18\/abschied-von-der-gerechtigkeit\/"},"author":{"name":"Klaus Kunze","@id":"https:\/\/klauskunze.com\/blog\/#\/schema\/person\/9c091cf30ab68b897db6a517e3c3b11b"},"headline":"Abschied von der Gerechtigkeit","datePublished":"2023-10-18T14:46:25+00:00","dateModified":"2023-10-19T06:56:37+00:00","mainEntityOfPage":{"@id":"https:\/\/klauskunze.com\/blog\/2023\/10\/18\/abschied-von-der-gerechtigkeit\/"},"wordCount":1240,"commentCount":2,"publisher":{"@id":"https:\/\/klauskunze.com\/blog\/#\/schema\/person\/9c091cf30ab68b897db6a517e3c3b11b"},"image":{"@id":"https:\/\/klauskunze.com\/blog\/2023\/10\/18\/abschied-von-der-gerechtigkeit\/#primaryimage"},"thumbnailUrl":"https:\/\/klauskunze.com\/blog\/wp-content\/uploads\/2023\/10\/20231018_162846a.jpg","articleSection":{"1":"Geschichte","2":"Philosophie","3":"Politik"},"inLanguage":"de","potentialAction":[{"@type":"CommentAction","name":"Comment","target":["https:\/\/klauskunze.com\/blog\/2023\/10\/18\/abschied-von-der-gerechtigkeit\/#respond"]}]},{"@type":"WebPage","@id":"https:\/\/klauskunze.com\/blog\/2023\/10\/18\/abschied-von-der-gerechtigkeit\/","url":"https:\/\/klauskunze.com\/blog\/2023\/10\/18\/abschied-von-der-gerechtigkeit\/","name":"Abschied von der Gerechtigkeit - Klaus Kunze","isPartOf":{"@id":"https:\/\/klauskunze.com\/blog\/#website"},"primaryImageOfPage":{"@id":"https:\/\/klauskunze.com\/blog\/2023\/10\/18\/abschied-von-der-gerechtigkeit\/#primaryimage"},"image":{"@id":"https:\/\/klauskunze.com\/blog\/2023\/10\/18\/abschied-von-der-gerechtigkeit\/#primaryimage"},"thumbnailUrl":"https:\/\/klauskunze.com\/blog\/wp-content\/uploads\/2023\/10\/20231018_162846a.jpg","datePublished":"2023-10-18T14:46:25+00:00","dateModified":"2023-10-19T06:56:37+00:00","breadcrumb":{"@id":"https:\/\/klauskunze.com\/blog\/2023\/10\/18\/abschied-von-der-gerechtigkeit\/#breadcrumb"},"inLanguage":"de","potentialAction":[{"@type":"ReadAction","target":["https:\/\/klauskunze.com\/blog\/2023\/10\/18\/abschied-von-der-gerechtigkeit\/"]}]},{"@type":"ImageObject","inLanguage":"de","@id":"https:\/\/klauskunze.com\/blog\/2023\/10\/18\/abschied-von-der-gerechtigkeit\/#primaryimage","url":"https:\/\/klauskunze.com\/blog\/wp-content\/uploads\/2023\/10\/20231018_162846a.jpg","contentUrl":"https:\/\/klauskunze.com\/blog\/wp-content\/uploads\/2023\/10\/20231018_162846a.jpg","width":2110,"height":1850},{"@type":"BreadcrumbList","@id":"https:\/\/klauskunze.com\/blog\/2023\/10\/18\/abschied-von-der-gerechtigkeit\/#breadcrumb","itemListElement":[{"@type":"ListItem","position":1,"name":"Startseite","item":"https:\/\/klauskunze.com\/blog\/"},{"@type":"ListItem","position":2,"name":"Abschied von der Gerechtigkeit"}]},{"@type":"WebSite","@id":"https:\/\/klauskunze.com\/blog\/#website","url":"https:\/\/klauskunze.com\/blog\/","name":"Klaus Kunze","description":"Blog","publisher":{"@id":"https:\/\/klauskunze.com\/blog\/#\/schema\/person\/9c091cf30ab68b897db6a517e3c3b11b"},"potentialAction":[{"@type":"SearchAction","target":{"@type":"EntryPoint","urlTemplate":"https:\/\/klauskunze.com\/blog\/?s={search_term_string}"},"query-input":{"@type":"PropertyValueSpecification","valueRequired":true,"valueName":"search_term_string"}}],"inLanguage":"de"},{"@type":["Person","Organization"],"@id":"https:\/\/klauskunze.com\/blog\/#\/schema\/person\/9c091cf30ab68b897db6a517e3c3b11b","name":"Klaus Kunze","image":{"@type":"ImageObject","inLanguage":"de","@id":"https:\/\/secure.gravatar.com\/avatar\/5cd83cadbada9c331a79952fcca177ed3d3be4c7ad3239b9d934bf84adff15dd?s=96&d=blank&r=g","url":"https:\/\/secure.gravatar.com\/avatar\/5cd83cadbada9c331a79952fcca177ed3d3be4c7ad3239b9d934bf84adff15dd?s=96&d=blank&r=g","contentUrl":"https:\/\/secure.gravatar.com\/avatar\/5cd83cadbada9c331a79952fcca177ed3d3be4c7ad3239b9d934bf84adff15dd?s=96&d=blank&r=g","caption":"Klaus Kunze"},"logo":{"@id":"https:\/\/secure.gravatar.com\/avatar\/5cd83cadbada9c331a79952fcca177ed3d3be4c7ad3239b9d934bf84adff15dd?s=96&d=blank&r=g"},"sameAs":["http:\/\/KlausKunze.com","https:\/\/x.com\/https:\/\/twitter.com\/KlausKunze3"]}]}},"post_mailing_queue_ids":[],"_links":{"self":[{"href":"https:\/\/klauskunze.com\/blog\/wp-json\/wp\/v2\/posts\/5888","targetHints":{"allow":["GET"]}}],"collection":[{"href":"https:\/\/klauskunze.com\/blog\/wp-json\/wp\/v2\/posts"}],"about":[{"href":"https:\/\/klauskunze.com\/blog\/wp-json\/wp\/v2\/types\/post"}],"author":[{"embeddable":true,"href":"https:\/\/klauskunze.com\/blog\/wp-json\/wp\/v2\/users\/1"}],"replies":[{"embeddable":true,"href":"https:\/\/klauskunze.com\/blog\/wp-json\/wp\/v2\/comments?post=5888"}],"version-history":[{"count":7,"href":"https:\/\/klauskunze.com\/blog\/wp-json\/wp\/v2\/posts\/5888\/revisions"}],"predecessor-version":[{"id":5902,"href":"https:\/\/klauskunze.com\/blog\/wp-json\/wp\/v2\/posts\/5888\/revisions\/5902"}],"wp:featuredmedia":[{"embeddable":true,"href":"https:\/\/klauskunze.com\/blog\/wp-json\/wp\/v2\/media\/5896"}],"wp:attachment":[{"href":"https:\/\/klauskunze.com\/blog\/wp-json\/wp\/v2\/media?parent=5888"}],"wp:term":[{"taxonomy":"category","embeddable":true,"href":"https:\/\/klauskunze.com\/blog\/wp-json\/wp\/v2\/categories?post=5888"},{"taxonomy":"post_tag","embeddable":true,"href":"https:\/\/klauskunze.com\/blog\/wp-json\/wp\/v2\/tags?post=5888"}],"curies":[{"name":"wp","href":"https:\/\/api.w.org\/{rel}","templated":true}]}}