{"id":6043,"date":"2024-01-18T17:33:58","date_gmt":"2024-01-18T16:33:58","guid":{"rendered":"http:\/\/klauskunze.com\/blog\/?p=6043"},"modified":"2024-01-19T08:33:22","modified_gmt":"2024-01-19T07:33:22","slug":"milei-gegen-den-rest-der-welt","status":"publish","type":"post","link":"https:\/\/klauskunze.com\/blog\/2024\/01\/18\/milei-gegen-den-rest-der-welt\/","title":{"rendered":"Milei gegen den Rest der Welt?"},"content":{"rendered":"\n<h2 class=\"wp-block-heading\">Warum die globalistische Szene aufjault<\/h2>\n\n\n\n<p>Als die Argentinier Ende 2023 den Libert\u00e4ren Javier Milei zum neuen Pr\u00e4sidenten w\u00e4hlte, jaulte der linke Solidarit\u00e4tschor international auf: Schlu\u00df mit sozialistischer Propaganda auf Kosten der Steuerzahler. Die linke B\u00f6ll-Stiftung legte instinktsicher den Finger in die finanzielle Wunde ihrer Genossen:<\/p>\n\n\n\n<blockquote class=\"wp-block-quote is-layout-flow wp-block-quote-is-layout-flow\"><p>Gleiches gilt f\u00fcr die zahlreichen sozialen Bewegungen und Organisationen der selbstbewu\u00dften und starken argentinischen Zivilgesellschaft. Auch wenn bislang noch keine konkreten Ansagen zu vernehmen waren, scheint einerseits klar, da\u00df die Finanzierung politisch nicht genehmer Positionen oder Organisationen, gerade in der Erinnerungs- und Menschenrechtspolitik, radikal zur\u00fcck oder auf null gefahren wird.<\/p><cite><a href=\"https:\/\/www.boell.de\/de\/person\/michael-alvarez-kalverkamp\">Michael \u00c1lvarez Kalverkamp<\/a>, <a href=\"https:\/\/www.boell.de\/de\/2023\/11\/22\/rechtslibertaerer-javier-milei-ist-argentiniens-neuer-praesident\">Argentinien: Rechtslibert\u00e4rer Javier Milei ist neuer Pr\u00e4sident, 22.11.2023, Heinrich B\u00f6ll-Stiftung<\/a>.<\/cite><\/blockquote>\n\n\n\n<p>Mit \u201eZivilgesellschaft\u201c meinen Genossen immer nur sich selbst, als sei Milei nicht zivil, sondern Chef einer Milit\u00e4rjunta. Er hat den Fehdehandschuh aufgenommen und den versammelten Weltwirtschaftsmagnaten und ihren politischen Scho\u00dftieren vor die F\u00fc\u00dfe geworfen. \u201eYoung global leaders\u201c passen ihre Staaten peu a peu an die Agenda des globalen Kapitals an. Verbale Streicheleinheiten von George Soros, Black Rock und Konsorten sind ihnen daf\u00fcr ebenso sicher wie fette Pfr\u00fcnde, wenn sie einmal ausgedient haben werden.<\/p>\n\n\n\n<p>Dabei erscheint manchem Beobachter un\u00fcbersichtlich, wenn nicht widerspr\u00fcchlich, wie er den globalistischen WEF-Zirkus und seine Geldherren einzusch\u00e4tzen hat: Begriffe wie Milliard\u00e4rssozialismus geistern durch den Raum, \u201eMeinungskollektivierung nach Gutmenschenart\u201c kritisieren andere, w\u00e4hrend jedenfalls der \u00f6konomische Nutzen stests zugunsten der Gut-Herren selbst zu Buche schl\u00e4gt. Sie wissen die globalen Geldstr\u00f6me zu leiten und zu lenken, am Ende auf ihre pers\u00f6nlichen Konten.<\/p>\n\n\n\n<h2 class=\"wp-block-heading\">Mi\u00dfton im liberalen Chor<\/h2>\n\n\n\n<p>Es \u00fcberrascht manchen, da\u00df ausgerechnet ein ausgepichter Erzliberaler und Kapitalismusfreak, ein libert\u00e4rer Finanzexperte wie Milei, mit Mi\u00dft\u00f6nen die liberale Eintracht st\u00f6rte:<\/p>\n\n\n\n<blockquote class=\"wp-block-quote is-layout-flow wp-block-quote-is-layout-flow\"><p>Heute m\u00f6chte ich Ihnen sagen, da\u00df die westliche Welt in Gefahr ist.&nbsp; Und sie ist gef\u00e4hrdet, weil diejenigen, die die Werte des Westens verteidigen sollen, von einer Weltanschauung vereinnahmt werden, die unaufhaltsam zum Sozialismus und damit zur Armut f\u00fchrt. &nbsp;Bedauerlicherweise haben die wichtigsten F\u00fchrer der westlichen Welt in den letzten Jahrzehnten das Modell der Freiheit zugunsten verschiedener Versionen dessen, was wir Kollektivismus nennen, aufgegeben, motiviert durch die Bereitschaft einiger wohlmeinender Menschen, anderen zu helfen, und andere, die durch den Wunsch motiviert waren, einer privilegierten Kaste anzugeh\u00f6ren.&nbsp;<\/p><cite>Javier Milei, Pr\u00e4sident von Argentinien, <a href=\"https:\/\/stacker.news\/items\/391946\">auf dem WEF-Forum in Davos 16.1.2024<\/a>.<\/cite><\/blockquote>\n\n\n\n<p>Ihm sind die liberalen Politiker und ihre millardenschweren Einfl\u00fcsterer nicht liberal genug! Aus Sicht der liberalen reinen Lehre scheint er da Recht zu haben. Wir werden eine Erkl\u00e4rung daf\u00fcr finden m\u00fcssen, warum die versammelten Gro\u00dfkapitalisten sich als Proto-Sozialisten beschimpfen lassen mu\u00dften. Warum aber finanzieren sie auch international mit \u201eNGOs\u201c oder auch direkt die woke Blase von Klimaklebern, karnevaleske Umz\u00fcge sexuell Perverser, Minderheitengetue, und warum wehen Regenbogenfahnen vor Konzernzentralen?<\/p>\n\n\n\n<p>Milei gei\u00dfelt sie alle:<\/p>\n\n\n\n<blockquote class=\"wp-block-quote is-layout-flow wp-block-quote-is-layout-flow\"><p>Der erste dieser neuen K\u00e4mpfe war der l\u00e4cherliche und unnat\u00fcrliche Kampf zwischen Mann und Frau &#8230; Alles, was diese radikale Feminismus-Agenda bewirkt hat, ist eine st\u00e4rkere staatliche Intervention, um den wirtschaftlichen Proze\u00df zu behindern und Arbeitspl\u00e4tze an B\u00fcrokraten zu vergeben, die nichts zur Gesellschaft beigetragen haben .&nbsp; Beispiele: Frauenministerien oder internationale Organisationen, die sich der F\u00f6rderung dieser Agenda widmen.<\/p><cite>Javier Milei, Pr\u00e4sident von Argentinien, auf dem WEF-Forum in Davos 16.1.2024.<\/cite><\/blockquote>\n\n\n\n<p>Um seinen Rundumschlag gegen die woke Agenda zu vervollst\u00e4ndigen, l\u00e4\u00dft er kein \u00c4rgernis aus:<\/p>\n\n\n\n<blockquote class=\"wp-block-quote is-layout-flow wp-block-quote-is-layout-flow\"><p>Ein weiterer von den Sozialisten eingef\u00fchrter Konflikt ist der Konflikt Mensch gegen Natur. Sie behaupten, da\u00df wir Menschen den Planeten sch\u00e4digen, der um jeden Preis gesch\u00fctzt werden sollte, und pl\u00e4dieren sogar f\u00fcr Bev\u00f6lkerungskontrollmechanismen oder die blutige Abtreibungsagenda. &#8211; Leider haben diese sch\u00e4dlichen Ideen in unserer Gesellschaft starken Einzug gehalten.&nbsp; Den Neomarxisten ist es gelungen, den gesunden Menschenverstand der westlichen Welt zu kooptieren, und dies ist ihnen durch die Aneignung der Medien, der Kultur und der Universit\u00e4ten gelungen. Der Fall Argentinien ist ein empirischer Beweis daf\u00fcr, da\u00df es egal ist, wie reich Sie sind, wie viele nat\u00fcrliche Ressourcen Sie haben, wie kompetent oder gebildet Ihre Bev\u00f6lkerung ist oder wie viele Goldbarren Sie im Bankzentrum haben, wenn Ma\u00dfnahmen ergriffen werden, die das freie Funktionieren der M\u00e4rkte, den freien Wettbewerb, freie Preissysteme behindern, wenn Sie den Handel behindern, wenn Sie Privateigentum angreifen, ist das einzig m\u00f6gliche Schicksal Armut &#8230;<\/p><cite>Javier Milei, Pr\u00e4sident von Argentinien, auf dem WEF-Forum in Davos 16.1.2024.<\/cite><\/blockquote>\n\n\n\n<h2 class=\"wp-block-heading\">Der Liberalismus hebt sich selbst auf<\/h2>\n\n\n\n<p>Wir haben nicht vergessen, da\u00df unl\u00e4ngst ein amerikanischer Gro\u00dfkapitalist Klimakleber f\u00fcr ihr Kleben stundenweise entlohnte. Und bekanntlich haben zwar Neomarxisten in westlichen Universit\u00e4ten und Medien Einzug gehalten. Die T\u00fcr\u00f6ffner und Sponsoren aber sa\u00dfen in Davos in der ersten Reihe, als ihnen Milei die Leviten lies.<\/p>\n\n\n\n<p>Doch warum zahlt sich die ideologische Kollektivierung f\u00fcr die Geldhaber aus, und warum stabilisiert die Entwicklung die Macht der von ihnen protegierten Politiker? Hat der entwickelte globale Finanzkapitalismus ein Eigeninteresse an linkswoker Gehirnkollektivierung in den von ihm betroffenen L\u00e4ndern?<\/p>\n\n\n\n<blockquote class=\"wp-block-quote is-layout-flow wp-block-quote-is-layout-flow\"><p>Heutzutage m\u00fcssen Staaten die Produktionsmittel nicht mehr direkt kontrollieren, um jeden Aspekt des Lebens des Einzelnen zu kontrollieren, mit Instrumenten wie dem Drucken von Geld, Schulden, Subventionen, der Kontrolle des Zinssatzes, Preiskontrollen und Regulierungen, um den sogenannten Markt zu korrigieren Mi\u00dferfolge.&nbsp; Sie k\u00f6nnen das Leben und Schicksal von Millionen Menschen kontrollieren&#8230;. &#8211; Ein gro\u00dfer Teil der allgemein akzeptierten politischen [Positionen] in den meisten westlichen L\u00e4ndern sind kollektivistische Varianten, unabh\u00e4ngig davon, ob sie sich offen als Kommunisten, Faschisten, Nazis, Sozialisten, Sozialdemokraten, Nationalsozialisten, demokratische Christen oder Christdemokraten bezeichnen. &#8211; Sie sind im Grunde Neokeynesianer, fortschrittlich, populistisch, nationalistisch oder globalistisch.&nbsp; Es gibt keine gro\u00dfen Unterschiede.&nbsp; Sie alle sagen, da\u00df der Staat alle Aspekte des Lebens des Einzelnen steuern sollte.&nbsp; Sie alle verteidigen ein Modell, das im Gegensatz zu dem steht, das die Menschheit zum spektakul\u00e4rsten Fortschritt in ihrer Geschichte gef\u00fchrt hat.<\/p><cite>Javier Milei, Pr\u00e4sident von Argentinien, auf dem WEF-Forum in Davos 16.1.2024.<\/cite><\/blockquote>\n\n\n\n<p>Der Staat solle alle Aspekte im Leben des Einzelnen kontrollieren, klingt wie s\u00fc\u00dfe Musik in den Ohren unserer Neosozialisten. Sie wollen bestimmen, was wir essen sollen, wie wir heizen, uns fortbewegen, ja welche Informationen wir erhalten d\u00fcrfen und welche nicht, was wir \u00f6ffentlich sagen d\u00fcrfen und, zuguterletzt, was wir im Stillen noch denken d\u00fcrfen.<\/p>\n\n\n\n<p>Alles das steht zun\u00e4chst in krassem Gegensatz zu den Grundlagen liberalen Wirtschaftsdenkens. Milei kehrt zu ihnen zur\u00fcck und will die sozialistischen Krusten aufbrechen: Es geht Gesellschaften insgesamt besser, wenn die Menschen frei wirtschaften d\u00fcrfen. Staatliche Umverteilungsquoten \u2013 in Deutschland \u00fcber 50%! \u2013 f\u00fchren in die Massenverarmung.<\/p>\n\n\n\n<p>Im liberalen Vork\u00e4mpfer f\u00fcr Marktfreiheit geht aber eine erstaunliche Mutation vor, sobald er als Hecht im Karpfenteich alle kleineren Hechte geschluckt hat. Je mehr sich der Kapitalismus kleiner Unternehmer zum Monopolkapitalismus wandelt, desto gr\u00f6\u00dfer wird die Gier des Hechtes nach zus\u00e4tzlichen Karpfenteichen. Er lebt zu oft von geliehener St\u00e4rke und ist zu fortw\u00e4hrendem Wachstum gezwungen: einer st\u00e4ndigen Expansion des Geldes, der M\u00e4rkte und der verf\u00fcgbaren Ressourcen. Die Welt: ein einziger gro\u00dfer, nutzbringender Karpfenteich mit wenigen, sich kollegial zuzwinkernden Hechten! Guthechten nat\u00fcrlich, denn sie meinen es immer gut mit uns kleinen Fischen.<\/p>\n\n\n\n<p>Der internationale Finanzkapitalismus hat darum ein Lebensinteresse daran, sich alle Ressourcen verf\u00fcgbar zu machen. Wildwuchs ist ihm ein Greuel; Wie in Plantagen die Nutzb\u00e4ume in Reih und Glied stehen, so ertr\u00e4umt er sich eine vereinheitlichte Menschheit, geistig genormt, gleichgesinnt, \u00f6konomisch effizient und politisch handzahm.<\/p>\n\n\n\n<p>Den Frieden dieser One World st\u00f6ren da leider noch ein paar widerspenstige Nationalstaaten. Sie wollen ihre Grenzen partout nicht \u00f6ffnen f\u00fcr neue Hechte, und nicht f\u00fcr deren Ideen. Manche beharren trotzig auf irgendwelchen mittelalterlichen Ideen wie der Familie, einer Nation oder eigenst\u00e4ndigen Religion. Fort mit ihnen! Solche Flausen behindern nur mit ihren nationalen Gesetzen den Fortschritt und unseren Weg in die Zukunft. Divide et impera! Sozial atomisierte Gesellschaften isolierter Solit\u00e4re lassen sich leichter abweiden als V\u00f6lker mit festen, tradierten Sozialstrukturen.<\/p>\n\n\n\n<p>Darum weg mit Staatsgrenzen, weg mit Familien, weg mit Nationalstolz und Bildung! Ein st\u00e4dtisches Sammelsurium woker Querulanten ist hier so n\u00fctzlich wie eine Abri\u00dfbirne, die n\u00fctzlichen Idioten unserer neuen Geldherren. Vater, vergib ihnen, denn sie wissen nicht, was sie tun!<\/p>\n\n\n\n<p>So ruft Milei aus:<\/p>\n\n\n\n<blockquote class=\"wp-block-quote is-layout-flow wp-block-quote-is-layout-flow\"><p>Wir sind heute hierher gekommen, um den Rest der L\u00e4nder der westlichen Welt einzuladen, wieder auf den Weg des Wohlstands, der wirtschaftlichen Freiheit, der begrenzten Regierung \u2026 und der uneingeschr\u00e4nkten Achtung des Privateigentums zur\u00fcckzukehren \u2026 &#8211; Die durch den Kollektivismus hervorgerufene Verarmung ist keine Fantasie und auch kein unausweichliches Schicksal.&nbsp; Aber es ist eine Realit\u00e4t, die wir Argentinier sehr gut kennen.&nbsp; Wir haben das erlebt.&nbsp; Wir haben dies durchgemacht, weil wir, wie ich bereits sagte, seit wir beschlossen haben, das Modell der Freiheit, das uns reich gemacht hat, aufzugeben, in einer Abw\u00e4rtsspirale gefangen sind, in deren Rahmen wir von Tag zu Tag \u00e4rmer werden &#8230;. &#8211; Abschlie\u00dfend m\u00f6chte ich eine Nachricht f\u00fcr alle Gesch\u00e4ftsleute hier und f\u00fcr diejenigen hinterlassen, die nicht pers\u00f6nlich hier sind, aber aus der ganzen Welt folgen.&nbsp; Lassen Sie sich nicht einsch\u00fcchtern, weder von der politischen Kaste noch von Parasiten, die vom Staat leben.&nbsp; Ergeben Sie sich nicht vor einer politischen Klasse, die nur an der Macht bleiben und ihre Privilegien behalten will.<\/p><cite>Javier Milei, Pr\u00e4sident von Argentinien, auf dem WEF-Forum in Davos 16.1.2024.<\/cite><\/blockquote>\n\n\n\n<p>Ja, um die Macht geht es nat\u00fcrlich immer, Geld ist nur eine Chiffre f\u00fcr Macht. Schon am Ende des Mittelalters ben\u00f6tigten Kaiser es, um ein Landsknechtsheer aufzustellen. Heute bezahlt man mit sehr viel Geld sogenannte Nichtregierungsorganisationen zur geistigen Infiltrierung widerst\u00e4ndiger V\u00f6lker, wenn man nicht gleich ganze Volkswirtschaften kauft. Geld und Macht sind heute meistens auswechselbare Synonyme.<\/p>\n\n\n\n<h2 class=\"wp-block-heading\">Ein politisches Multiversum<\/h2>\n\n\n\n<p>F\u00fcr Milei ist der ganze woke Kram nur ein kostenfressender Klotz am \u00f6konomischen Bein. Da f\u00fchlen sich unsere einheimischen Kulturk\u00e4mpfer nat\u00fcrlich angegriffen wie unser Kalverkamp von der gr\u00fcnen B\u00f6ll-Stiftung:<\/p>\n\n\n\n<blockquote class=\"wp-block-quote is-layout-flow wp-block-quote-is-layout-flow\"><p>Der Wahlsieg Mileis ist auch der Erfolg einer Kulturkampf-Kampagne, die nach dem Drehbuch der internationalen Rechten geschickt in den argentinischen Kontext \u00fcbersetzt wurde.<\/p><cite><a href=\"https:\/\/www.boell.de\/de\/person\/michael-alvarez-kalverkamp\">Michael \u00c1lvarez Kalverkamp<\/a>, Argentinien: Rechtslibert\u00e4rer Javier Milei ist neuer Pr\u00e4sident, 22.11.2023, Heinrich B\u00f6ll-Stiftung.<\/cite><\/blockquote>\n\n\n\n<p>Doch ist Milei das \u2013 ein rechter Kulturk\u00e4mpfer? Mitnichten. Er ist ein waschechter Liberaler, als Libert\u00e4rer sogar ein liberaler Ultra. F\u00fcr Liberale ist alles Staatliche an sich Teufelszeug. Da trifft er sich mit liberalen Gro\u00dfkapitalisten des WEF.<\/p>\n\n\n\n<p>Liberale sind aber Sensibelchen, wenn sie jemand am Geldverdienen hindern m\u00f6chte oder ihnen gar etwas wegnehmen will. Dann werden sie dienstlich.&nbsp; So wandelte sich mancher Liberale \u00fcber Nacht zum Etatisten und rief zeternd nach einer Staatsmacht, sobald von Sozialisierungen, Enteignungen und solchem Teufelszeug die Rede war. Dann werden Liberale sogar bereit, zugunsten ihrer \u00f6konomischen Freiheit die politische einzuschr\u00e4nken. In S\u00fcdamerika haben Juntas Tradition, die sich zur Wahrung des Kapitals an die Macht putschten und die sozialistische Gefahr mit Todesschwadronen und Lagerhaft bek\u00e4mpften. \u201eRechts\u201c sind solche Liberalen nicht.<\/p>\n\n\n\n<p>Schlichte Gem\u00fcter sehen nur die eindimensionale Polarit\u00e4t des Rechts-links-Gegensatzes. Da sind die zweidimensionalen Denker schon weiter, wenn sie das politische Spektrum als Kreis sehen, weil seine Enden sich ber\u00fchren: Hier die extremen Individualisten, aus denen sich der Liberalismus speist, am anderen Ende aber die Kollektivisten, zum Beispiel Sozialisten und Nationalsozialisten.<\/p>\n\n\n\n<p>Der politische Kosmos hat aber noch mehr Dimensionen. Er ist nicht bipolar, sondern mindestens tripolar. Wir k\u00f6nnen ihn nur r\u00e4umlich einigerma\u00dfen erfassen. In der oberen Region schweben, vereint im Glauben an einen vorgegebenen Sinn des Lebens, die Metaphysiker. Sie beugen sich vor Gedankengespenstern wie G\u00f6ttern, der in \u201edem Menschen an sich\u201c angeblich wohnenden Humanit\u00e4t, vor einem Weltgeist, universellen sittlichen Gesetzen und anderen Ausgeburten ihrer Phantasie. Sowohl linke als auch rechte Metaphysiker w\u00e4rmen sich am Feuer ihrer transzendenten Innenwelt.<\/p>\n\n\n\n<p>Ganz n\u00fcchtern steht ihnen polar gegen\u00fcber das Heer der Ungl\u00e4ubigen, der Skeptiker und der Realisten. Schweben die Idealisten quasi oben im Ideenhimmel, stehen die anderen mit beiden Beinen auf der Erde. Sie sind frei. Ihnen einen vorgegebenen Sinn des Lebens von oben \u00fcberst\u00fclpen zu wollen, verbitten sie sich. Sie durchschauen alle Ideologien als Herrschaftsanspr\u00fcche konkreter Menschen, die ihnen Gehorsam abverlangen wollen und das mit universellen Normen begr\u00fcnden. W\u00e4re das Universum eine Person, w\u00fcrde sie in homerisches Gel\u00e4chter ausbrechen.<\/p>\n\n\n\n<p>Solche Menschen glauben Ideologien nicht, sie benutzen sie allenfalls. Es gen\u00fcgt, wenn ihr Publikum gl\u00e4ubig auf sie schaut. Ihre pers\u00f6nlichen Normen setzen sie sich selbst. Manche sind intellektuell redlich. Andere predigen Wasser und trinken Wein. Sie handeln, wie es f\u00fcr sie n\u00fctzlich ist. Sie kennen ihren Machiavelli, ihren Max Stirner und ihren Nietzsche.<\/p>\n\n\n\n<p>Von solchen Menschen wird in der Welt gef\u00fchrt. Sie denken und handeln pragmatisch, gehen \u00fcber V\u00f6lker und manchmal \u00fcber Leichen. Aus diesem Holz sind die gro\u00dfen Wirtschaftsf\u00fchrer des WEF geschnitzt, aber auch jeder machtlose freie Denker, der sich von keiner Ideologie, keinem Glauben und keiner \u00f6konomischen Obrigkeit total vereinnahmen lassen m\u00f6chte.<\/p>\n","protected":false},"excerpt":{"rendered":"<p>Warum die globalistische Szene aufjault Als die Argentinier Ende 2023 den Libert\u00e4ren Javier Milei zum neuen Pr\u00e4sidenten w\u00e4hlte, jaulte der linke Solidarit\u00e4tschor international auf: Schlu\u00df mit sozialistischer Propaganda auf Kosten der Steuerzahler. Die linke B\u00f6ll-Stiftung legte instinktsicher den Finger in die finanzielle Wunde ihrer Genossen: Gleiches gilt f\u00fcr die zahlreichen sozialen Bewegungen und Organisationen der [&hellip;]<\/p>\n","protected":false},"author":1,"featured_media":6045,"comment_status":"open","ping_status":"open","sticky":false,"template":"","format":"standard","meta":{"h5ap_radio_sources":[],"twitterCardType":"","cardImageID":0,"cardImage":"","cardTitle":"","cardDesc":"","cardImageAlt":"","cardPlayer":"","cardPlayerWidth":0,"cardPlayerHeight":0,"cardPlayerStream":"","cardPlayerCodec":"","footnotes":""},"categories":[1,20,17],"tags":[],"class_list":["post-6043","post","type-post","status-publish","format-standard","has-post-thumbnail","hentry","category-allgemein","category-philosophie","category-politik"],"yoast_head":"<!-- This site is optimized with the Yoast SEO plugin v27.5 - https:\/\/yoast.com\/product\/yoast-seo-wordpress\/ -->\n<title>Milei gegen den Rest der Welt? - Klaus Kunze<\/title>\n<meta name=\"robots\" content=\"index, follow, max-snippet:-1, max-image-preview:large, max-video-preview:-1\" \/>\n<link rel=\"canonical\" href=\"https:\/\/klauskunze.com\/blog\/2024\/01\/18\/milei-gegen-den-rest-der-welt\/\" \/>\n<meta property=\"og:locale\" content=\"de_DE\" \/>\n<meta property=\"og:type\" content=\"article\" \/>\n<meta property=\"og:title\" content=\"Milei gegen den Rest der Welt? - Klaus Kunze\" \/>\n<meta property=\"og:description\" content=\"Warum die globalistische Szene aufjault Als die Argentinier Ende 2023 den Libert\u00e4ren Javier Milei zum neuen Pr\u00e4sidenten w\u00e4hlte, jaulte der linke Solidarit\u00e4tschor international auf: Schlu\u00df mit sozialistischer Propaganda auf Kosten der Steuerzahler. Die linke B\u00f6ll-Stiftung legte instinktsicher den Finger in die finanzielle Wunde ihrer Genossen: Gleiches gilt f\u00fcr die zahlreichen sozialen Bewegungen und Organisationen der [&hellip;]\" \/>\n<meta property=\"og:url\" content=\"https:\/\/klauskunze.com\/blog\/2024\/01\/18\/milei-gegen-den-rest-der-welt\/\" \/>\n<meta property=\"og:site_name\" content=\"Klaus Kunze\" \/>\n<meta property=\"article:published_time\" content=\"2024-01-18T16:33:58+00:00\" \/>\n<meta property=\"article:modified_time\" content=\"2024-01-19T07:33:22+00:00\" \/>\n<meta property=\"og:image\" content=\"https:\/\/klauskunze.com\/blog\/wp-content\/uploads\/2024\/01\/Zuschneiden_2-1.jpg\" \/>\n\t<meta property=\"og:image:width\" content=\"1493\" \/>\n\t<meta property=\"og:image:height\" content=\"729\" \/>\n\t<meta property=\"og:image:type\" content=\"image\/jpeg\" \/>\n<meta name=\"author\" content=\"Klaus Kunze\" \/>\n<meta name=\"twitter:label1\" content=\"Verfasst von\" \/>\n\t<meta name=\"twitter:data1\" content=\"Klaus Kunze\" \/>\n\t<meta name=\"twitter:label2\" content=\"Gesch\u00e4tzte Lesezeit\" \/>\n\t<meta name=\"twitter:data2\" content=\"11\u00a0Minuten\" \/>\n<script type=\"application\/ld+json\" class=\"yoast-schema-graph\">{\"@context\":\"https:\\\/\\\/schema.org\",\"@graph\":[{\"@type\":\"Article\",\"@id\":\"https:\\\/\\\/klauskunze.com\\\/blog\\\/2024\\\/01\\\/18\\\/milei-gegen-den-rest-der-welt\\\/#article\",\"isPartOf\":{\"@id\":\"https:\\\/\\\/klauskunze.com\\\/blog\\\/2024\\\/01\\\/18\\\/milei-gegen-den-rest-der-welt\\\/\"},\"author\":{\"name\":\"Klaus Kunze\",\"@id\":\"https:\\\/\\\/klauskunze.com\\\/blog\\\/#\\\/schema\\\/person\\\/9c091cf30ab68b897db6a517e3c3b11b\"},\"headline\":\"Milei gegen den Rest der Welt?\",\"datePublished\":\"2024-01-18T16:33:58+00:00\",\"dateModified\":\"2024-01-19T07:33:22+00:00\",\"mainEntityOfPage\":{\"@id\":\"https:\\\/\\\/klauskunze.com\\\/blog\\\/2024\\\/01\\\/18\\\/milei-gegen-den-rest-der-welt\\\/\"},\"wordCount\":2193,\"commentCount\":0,\"publisher\":{\"@id\":\"https:\\\/\\\/klauskunze.com\\\/blog\\\/#\\\/schema\\\/person\\\/9c091cf30ab68b897db6a517e3c3b11b\"},\"image\":{\"@id\":\"https:\\\/\\\/klauskunze.com\\\/blog\\\/2024\\\/01\\\/18\\\/milei-gegen-den-rest-der-welt\\\/#primaryimage\"},\"thumbnailUrl\":\"https:\\\/\\\/klauskunze.com\\\/blog\\\/wp-content\\\/uploads\\\/2024\\\/01\\\/Zuschneiden_2-1.jpg\",\"articleSection\":{\"1\":\"Philosophie\",\"2\":\"Politik\"},\"inLanguage\":\"de\",\"potentialAction\":[{\"@type\":\"CommentAction\",\"name\":\"Comment\",\"target\":[\"https:\\\/\\\/klauskunze.com\\\/blog\\\/2024\\\/01\\\/18\\\/milei-gegen-den-rest-der-welt\\\/#respond\"]}]},{\"@type\":\"WebPage\",\"@id\":\"https:\\\/\\\/klauskunze.com\\\/blog\\\/2024\\\/01\\\/18\\\/milei-gegen-den-rest-der-welt\\\/\",\"url\":\"https:\\\/\\\/klauskunze.com\\\/blog\\\/2024\\\/01\\\/18\\\/milei-gegen-den-rest-der-welt\\\/\",\"name\":\"Milei gegen den Rest der Welt? - Klaus Kunze\",\"isPartOf\":{\"@id\":\"https:\\\/\\\/klauskunze.com\\\/blog\\\/#website\"},\"primaryImageOfPage\":{\"@id\":\"https:\\\/\\\/klauskunze.com\\\/blog\\\/2024\\\/01\\\/18\\\/milei-gegen-den-rest-der-welt\\\/#primaryimage\"},\"image\":{\"@id\":\"https:\\\/\\\/klauskunze.com\\\/blog\\\/2024\\\/01\\\/18\\\/milei-gegen-den-rest-der-welt\\\/#primaryimage\"},\"thumbnailUrl\":\"https:\\\/\\\/klauskunze.com\\\/blog\\\/wp-content\\\/uploads\\\/2024\\\/01\\\/Zuschneiden_2-1.jpg\",\"datePublished\":\"2024-01-18T16:33:58+00:00\",\"dateModified\":\"2024-01-19T07:33:22+00:00\",\"breadcrumb\":{\"@id\":\"https:\\\/\\\/klauskunze.com\\\/blog\\\/2024\\\/01\\\/18\\\/milei-gegen-den-rest-der-welt\\\/#breadcrumb\"},\"inLanguage\":\"de\",\"potentialAction\":[{\"@type\":\"ReadAction\",\"target\":[\"https:\\\/\\\/klauskunze.com\\\/blog\\\/2024\\\/01\\\/18\\\/milei-gegen-den-rest-der-welt\\\/\"]}]},{\"@type\":\"ImageObject\",\"inLanguage\":\"de\",\"@id\":\"https:\\\/\\\/klauskunze.com\\\/blog\\\/2024\\\/01\\\/18\\\/milei-gegen-den-rest-der-welt\\\/#primaryimage\",\"url\":\"https:\\\/\\\/klauskunze.com\\\/blog\\\/wp-content\\\/uploads\\\/2024\\\/01\\\/Zuschneiden_2-1.jpg\",\"contentUrl\":\"https:\\\/\\\/klauskunze.com\\\/blog\\\/wp-content\\\/uploads\\\/2024\\\/01\\\/Zuschneiden_2-1.jpg\",\"width\":1493,\"height\":729},{\"@type\":\"BreadcrumbList\",\"@id\":\"https:\\\/\\\/klauskunze.com\\\/blog\\\/2024\\\/01\\\/18\\\/milei-gegen-den-rest-der-welt\\\/#breadcrumb\",\"itemListElement\":[{\"@type\":\"ListItem\",\"position\":1,\"name\":\"Startseite\",\"item\":\"https:\\\/\\\/klauskunze.com\\\/blog\\\/\"},{\"@type\":\"ListItem\",\"position\":2,\"name\":\"Milei gegen den Rest der Welt?\"}]},{\"@type\":\"WebSite\",\"@id\":\"https:\\\/\\\/klauskunze.com\\\/blog\\\/#website\",\"url\":\"https:\\\/\\\/klauskunze.com\\\/blog\\\/\",\"name\":\"Klaus Kunze\",\"description\":\"Blog\",\"publisher\":{\"@id\":\"https:\\\/\\\/klauskunze.com\\\/blog\\\/#\\\/schema\\\/person\\\/9c091cf30ab68b897db6a517e3c3b11b\"},\"potentialAction\":[{\"@type\":\"SearchAction\",\"target\":{\"@type\":\"EntryPoint\",\"urlTemplate\":\"https:\\\/\\\/klauskunze.com\\\/blog\\\/?s={search_term_string}\"},\"query-input\":{\"@type\":\"PropertyValueSpecification\",\"valueRequired\":true,\"valueName\":\"search_term_string\"}}],\"inLanguage\":\"de\"},{\"@type\":[\"Person\",\"Organization\"],\"@id\":\"https:\\\/\\\/klauskunze.com\\\/blog\\\/#\\\/schema\\\/person\\\/9c091cf30ab68b897db6a517e3c3b11b\",\"name\":\"Klaus Kunze\",\"image\":{\"@type\":\"ImageObject\",\"inLanguage\":\"de\",\"@id\":\"https:\\\/\\\/secure.gravatar.com\\\/avatar\\\/5cd83cadbada9c331a79952fcca177ed3d3be4c7ad3239b9d934bf84adff15dd?s=96&d=blank&r=g\",\"url\":\"https:\\\/\\\/secure.gravatar.com\\\/avatar\\\/5cd83cadbada9c331a79952fcca177ed3d3be4c7ad3239b9d934bf84adff15dd?s=96&d=blank&r=g\",\"contentUrl\":\"https:\\\/\\\/secure.gravatar.com\\\/avatar\\\/5cd83cadbada9c331a79952fcca177ed3d3be4c7ad3239b9d934bf84adff15dd?s=96&d=blank&r=g\",\"caption\":\"Klaus Kunze\"},\"logo\":{\"@id\":\"https:\\\/\\\/secure.gravatar.com\\\/avatar\\\/5cd83cadbada9c331a79952fcca177ed3d3be4c7ad3239b9d934bf84adff15dd?s=96&d=blank&r=g\"},\"sameAs\":[\"http:\\\/\\\/KlausKunze.com\",\"https:\\\/\\\/x.com\\\/https:\\\/\\\/twitter.com\\\/KlausKunze3\"]}]}<\/script>\n<!-- \/ Yoast SEO plugin. -->","yoast_head_json":{"title":"Milei gegen den Rest der Welt? - Klaus Kunze","robots":{"index":"index","follow":"follow","max-snippet":"max-snippet:-1","max-image-preview":"max-image-preview:large","max-video-preview":"max-video-preview:-1"},"canonical":"https:\/\/klauskunze.com\/blog\/2024\/01\/18\/milei-gegen-den-rest-der-welt\/","og_locale":"de_DE","og_type":"article","og_title":"Milei gegen den Rest der Welt? - Klaus Kunze","og_description":"Warum die globalistische Szene aufjault Als die Argentinier Ende 2023 den Libert\u00e4ren Javier Milei zum neuen Pr\u00e4sidenten w\u00e4hlte, jaulte der linke Solidarit\u00e4tschor international auf: Schlu\u00df mit sozialistischer Propaganda auf Kosten der Steuerzahler. Die linke B\u00f6ll-Stiftung legte instinktsicher den Finger in die finanzielle Wunde ihrer Genossen: Gleiches gilt f\u00fcr die zahlreichen sozialen Bewegungen und Organisationen der [&hellip;]","og_url":"https:\/\/klauskunze.com\/blog\/2024\/01\/18\/milei-gegen-den-rest-der-welt\/","og_site_name":"Klaus Kunze","article_published_time":"2024-01-18T16:33:58+00:00","article_modified_time":"2024-01-19T07:33:22+00:00","og_image":[{"width":1493,"height":729,"url":"https:\/\/klauskunze.com\/blog\/wp-content\/uploads\/2024\/01\/Zuschneiden_2-1.jpg","type":"image\/jpeg"}],"author":"Klaus Kunze","twitter_misc":{"Verfasst von":"Klaus Kunze","Gesch\u00e4tzte Lesezeit":"11\u00a0Minuten"},"schema":{"@context":"https:\/\/schema.org","@graph":[{"@type":"Article","@id":"https:\/\/klauskunze.com\/blog\/2024\/01\/18\/milei-gegen-den-rest-der-welt\/#article","isPartOf":{"@id":"https:\/\/klauskunze.com\/blog\/2024\/01\/18\/milei-gegen-den-rest-der-welt\/"},"author":{"name":"Klaus Kunze","@id":"https:\/\/klauskunze.com\/blog\/#\/schema\/person\/9c091cf30ab68b897db6a517e3c3b11b"},"headline":"Milei gegen den Rest der Welt?","datePublished":"2024-01-18T16:33:58+00:00","dateModified":"2024-01-19T07:33:22+00:00","mainEntityOfPage":{"@id":"https:\/\/klauskunze.com\/blog\/2024\/01\/18\/milei-gegen-den-rest-der-welt\/"},"wordCount":2193,"commentCount":0,"publisher":{"@id":"https:\/\/klauskunze.com\/blog\/#\/schema\/person\/9c091cf30ab68b897db6a517e3c3b11b"},"image":{"@id":"https:\/\/klauskunze.com\/blog\/2024\/01\/18\/milei-gegen-den-rest-der-welt\/#primaryimage"},"thumbnailUrl":"https:\/\/klauskunze.com\/blog\/wp-content\/uploads\/2024\/01\/Zuschneiden_2-1.jpg","articleSection":{"1":"Philosophie","2":"Politik"},"inLanguage":"de","potentialAction":[{"@type":"CommentAction","name":"Comment","target":["https:\/\/klauskunze.com\/blog\/2024\/01\/18\/milei-gegen-den-rest-der-welt\/#respond"]}]},{"@type":"WebPage","@id":"https:\/\/klauskunze.com\/blog\/2024\/01\/18\/milei-gegen-den-rest-der-welt\/","url":"https:\/\/klauskunze.com\/blog\/2024\/01\/18\/milei-gegen-den-rest-der-welt\/","name":"Milei gegen den Rest der Welt? - Klaus Kunze","isPartOf":{"@id":"https:\/\/klauskunze.com\/blog\/#website"},"primaryImageOfPage":{"@id":"https:\/\/klauskunze.com\/blog\/2024\/01\/18\/milei-gegen-den-rest-der-welt\/#primaryimage"},"image":{"@id":"https:\/\/klauskunze.com\/blog\/2024\/01\/18\/milei-gegen-den-rest-der-welt\/#primaryimage"},"thumbnailUrl":"https:\/\/klauskunze.com\/blog\/wp-content\/uploads\/2024\/01\/Zuschneiden_2-1.jpg","datePublished":"2024-01-18T16:33:58+00:00","dateModified":"2024-01-19T07:33:22+00:00","breadcrumb":{"@id":"https:\/\/klauskunze.com\/blog\/2024\/01\/18\/milei-gegen-den-rest-der-welt\/#breadcrumb"},"inLanguage":"de","potentialAction":[{"@type":"ReadAction","target":["https:\/\/klauskunze.com\/blog\/2024\/01\/18\/milei-gegen-den-rest-der-welt\/"]}]},{"@type":"ImageObject","inLanguage":"de","@id":"https:\/\/klauskunze.com\/blog\/2024\/01\/18\/milei-gegen-den-rest-der-welt\/#primaryimage","url":"https:\/\/klauskunze.com\/blog\/wp-content\/uploads\/2024\/01\/Zuschneiden_2-1.jpg","contentUrl":"https:\/\/klauskunze.com\/blog\/wp-content\/uploads\/2024\/01\/Zuschneiden_2-1.jpg","width":1493,"height":729},{"@type":"BreadcrumbList","@id":"https:\/\/klauskunze.com\/blog\/2024\/01\/18\/milei-gegen-den-rest-der-welt\/#breadcrumb","itemListElement":[{"@type":"ListItem","position":1,"name":"Startseite","item":"https:\/\/klauskunze.com\/blog\/"},{"@type":"ListItem","position":2,"name":"Milei gegen den Rest der Welt?"}]},{"@type":"WebSite","@id":"https:\/\/klauskunze.com\/blog\/#website","url":"https:\/\/klauskunze.com\/blog\/","name":"Klaus Kunze","description":"Blog","publisher":{"@id":"https:\/\/klauskunze.com\/blog\/#\/schema\/person\/9c091cf30ab68b897db6a517e3c3b11b"},"potentialAction":[{"@type":"SearchAction","target":{"@type":"EntryPoint","urlTemplate":"https:\/\/klauskunze.com\/blog\/?s={search_term_string}"},"query-input":{"@type":"PropertyValueSpecification","valueRequired":true,"valueName":"search_term_string"}}],"inLanguage":"de"},{"@type":["Person","Organization"],"@id":"https:\/\/klauskunze.com\/blog\/#\/schema\/person\/9c091cf30ab68b897db6a517e3c3b11b","name":"Klaus Kunze","image":{"@type":"ImageObject","inLanguage":"de","@id":"https:\/\/secure.gravatar.com\/avatar\/5cd83cadbada9c331a79952fcca177ed3d3be4c7ad3239b9d934bf84adff15dd?s=96&d=blank&r=g","url":"https:\/\/secure.gravatar.com\/avatar\/5cd83cadbada9c331a79952fcca177ed3d3be4c7ad3239b9d934bf84adff15dd?s=96&d=blank&r=g","contentUrl":"https:\/\/secure.gravatar.com\/avatar\/5cd83cadbada9c331a79952fcca177ed3d3be4c7ad3239b9d934bf84adff15dd?s=96&d=blank&r=g","caption":"Klaus Kunze"},"logo":{"@id":"https:\/\/secure.gravatar.com\/avatar\/5cd83cadbada9c331a79952fcca177ed3d3be4c7ad3239b9d934bf84adff15dd?s=96&d=blank&r=g"},"sameAs":["http:\/\/KlausKunze.com","https:\/\/x.com\/https:\/\/twitter.com\/KlausKunze3"]}]}},"post_mailing_queue_ids":[],"_links":{"self":[{"href":"https:\/\/klauskunze.com\/blog\/wp-json\/wp\/v2\/posts\/6043","targetHints":{"allow":["GET"]}}],"collection":[{"href":"https:\/\/klauskunze.com\/blog\/wp-json\/wp\/v2\/posts"}],"about":[{"href":"https:\/\/klauskunze.com\/blog\/wp-json\/wp\/v2\/types\/post"}],"author":[{"embeddable":true,"href":"https:\/\/klauskunze.com\/blog\/wp-json\/wp\/v2\/users\/1"}],"replies":[{"embeddable":true,"href":"https:\/\/klauskunze.com\/blog\/wp-json\/wp\/v2\/comments?post=6043"}],"version-history":[{"count":7,"href":"https:\/\/klauskunze.com\/blog\/wp-json\/wp\/v2\/posts\/6043\/revisions"}],"predecessor-version":[{"id":6057,"href":"https:\/\/klauskunze.com\/blog\/wp-json\/wp\/v2\/posts\/6043\/revisions\/6057"}],"wp:featuredmedia":[{"embeddable":true,"href":"https:\/\/klauskunze.com\/blog\/wp-json\/wp\/v2\/media\/6045"}],"wp:attachment":[{"href":"https:\/\/klauskunze.com\/blog\/wp-json\/wp\/v2\/media?parent=6043"}],"wp:term":[{"taxonomy":"category","embeddable":true,"href":"https:\/\/klauskunze.com\/blog\/wp-json\/wp\/v2\/categories?post=6043"},{"taxonomy":"post_tag","embeddable":true,"href":"https:\/\/klauskunze.com\/blog\/wp-json\/wp\/v2\/tags?post=6043"}],"curies":[{"name":"wp","href":"https:\/\/api.w.org\/{rel}","templated":true}]}}