{"id":6200,"date":"2024-04-19T17:04:00","date_gmt":"2024-04-19T15:04:00","guid":{"rendered":"http:\/\/klauskunze.com\/blog\/?p=6200"},"modified":"2024-04-25T08:08:04","modified_gmt":"2024-04-25T06:08:04","slug":"hat-sich-hoecke-strafbar-gemacht","status":"publish","type":"post","link":"https:\/\/klauskunze.com\/blog\/2024\/04\/19\/hat-sich-hoecke-strafbar-gemacht\/","title":{"rendered":"Hat sich H\u00f6cke strafbar gemacht?"},"content":{"rendered":"\n<p>Die Staatsanwaltschaft Halle beschuldigt Bj\u00f6rn H\u00f6cke, zum Abschlu\u00df einer Rede, welche er am 29. Mai 2021 bei einer Wahlveranstaltung seiner Partei in Merseburg vortrug, ausgerufen zu haben: &#8222;Alles f\u00fcr unsere Heimat, alles f\u00fcr Sachsen-Anhalt, alles f\u00fcr Deutschland!&#8220;<\/p>\n\n\n\n<p>Darf man das nicht? <a href=\"https:\/\/www.gesetze-im-internet.de\/stgb\/__86a.html\">\u00a7 86 a StGB verbietet es, Parolen und Gru\u00dfformen verbotener Organisationen \u00f6ffentlich zu verwenden<\/a>.<\/p>\n\n\n\n<p>Doch hat wirklich die SA als Organisation die Wortfolge &#8222;alles f\u00fcr Deutschland&#8220; als Parole oder Gru\u00dfform verwendet? Wenn man im Internet recherchiert, findet man dies allenthalben behauptet. Eine historische Quelle dazu fand ich im Internet nicht. Vielleicht steht etwas in dickleibigen Fachb\u00fcchern in irgendwelchen Bibliotheksregalen. Im Internet schreibt aber offenbar jeder nur vom anderen ab. Wikipedia zum Beispiel behauptet es, nennt aber keinen Beleg.<\/p>\n\n\n\n<p>So ging auch das Oberlandesgericht Hamm in einem Urteil vom 1.2.2006 schlicht davon aus, das wisse doch jeder:<\/p>\n\n\n\n<blockquote class=\"wp-block-quote is-layout-flow wp-block-quote-is-layout-flow\">\n<p>Dar\u00fcber hinaus hat der Angeklagte, der Mitglied einer nationalsozialistisch gesinnten Gruppe mit der Bezeichnung &#8222;Kameradschaft I&#8220; ist, sich zu rechtem Gedankengut bekennt und sein \u00c4u\u00dferes dieser Gesinnung zumindest durch einen an die Frisur von Adolf Hitler erinnernden Haarschnitt angepa\u00dft hat, am 14. M\u00e4rz 2005 anl\u00e4\u00dflich einer Veranstaltung des &#8222;rechten Spektrums&#8220; in E eine Rede gehalten und diese mit dem Ausruf &#8222;Alles f\u00fcr Deutschland&#8220; beendet, wobei es sich, wie allgemein bekannt ist, um die Losung der SA, d.h. der Sturmabteilung im sogenannten Dritten Reich, handelt.<\/p>\n<cite><a href=\"https:\/\/openjur.de\/u\/110702.html\">OLG Hamm, Urteil vom 1. Februar 2006&nbsp;&#8211; 1 Ss 432\/05<\/a>, Rn. 1<\/cite><\/blockquote>\n\n\n\n<p>Da\u00df es eine &#8222;Losung der SA&#8220; gewesen sei, hat das OLG Hamm in seinem Urteil nicht \u00fcberpr\u00fcft. Die Frage war auch gar nicht Gegenstand seines Revisionsverfahrens. Es ging dort nur um die richtige Zumessung einer Jugendstrafe. Bei Revisionen pr\u00fcft das Revisionsgericht die Richtigkeit tatbestandlicher Feststellungen des Vorderrichters nicht nach. Inzwischen beruft sich aber eine Unzahl von Publikationen im Internet auf das OLG Hamm, obwohl dieses gar nicht \u00fcberpr\u00fcft hat, ob die drei Worte wirklich eine &#8222;Losung der SA&#8220; war. So schreibt der Wissenschaftliche Dienst des Bundestages:<\/p>\n\n\n\n<blockquote class=\"wp-block-quote is-layout-flow wp-block-quote-is-layout-flow\">\n<p>Strafbar ist auch das Verwenden der Sentenz \u201eAlles f\u00fcr Deutschland\u201c im Rahmen einer Rede auf einer Versammlung, da es sich hierbei um die Losung der SA handelte.<\/p>\n<cite><a href=\"https:\/\/www.bundestag.de\/resource\/blob\/494350\/5a78d7f0e0\">Roman Trips-Hebert, Das strafbare Verwenden von Kennzeichen verfassungswidriger Organisationen, \u00a7 86a StGB im Spiegel der Rechtsprechung, 2009, S.14<\/a>.<\/cite><\/blockquote>\n\n\n\n<p>und verweist in der Fu\u00dfnote als Beleg nur auf das OLG Hamm. Ein anderer Fall hatte sogar dem Bundesgerichtshof vorgelegen. Am 26.6.2004 hatte ein Angeklagter eine Rede gehalten. Der BGH schreibt zum Sachverhalt unter anderem:<\/p>\n\n\n\n<blockquote class=\"wp-block-quote is-layout-flow wp-block-quote-is-layout-flow\">\n<p>Seine Rede beendete er mit den Worten: &#8222;Nichts f\u00fcr uns, alles f\u00fcr Deutschland! Ein Volk, ein Reich, ein Glaube!&#8220;<\/p>\n<cite><a href=\"https:\/\/juris.bundesgerichtshof.de\/cgi-bin\/rechtsprechung\/document.py?Gericht=bgh&amp;Art=pm&amp;Datum=2005&amp;nr=34976&amp;linked=urt&amp;Blank=1&amp;file=dokument.pdf\">BGH, Urteil vom 15. Dezember 2005&nbsp;\u2013 4 StR 283\/05&nbsp;\u2013, Rn. 6<\/a><\/cite><\/blockquote>\n\n\n\n<p>Hier war weder dem anklagenden Staatsanwalt noch dem BGH eingefallen, \u00a7 86 a StGB heranzuziehen und wegen Verwendung einer SA-Losung zu verurteilen. Es ging ausschlie\u00dflich um ganz andere, nach Ansicht des BGH volksverhetzende (\u00a7 130 StGB) Redeinhalte, in denen sich der Angeklagte gegen den Bau einer Synagoge wandte.<\/p>\n\n\n\n<p>Hatten Staatsanwaltschaft und BGH hier die Strafbarkeit einer \u00c4u\u00dferung \u00fcbersehen? Oder stellte die Losung gar kein Kennzeichen dar? Kennzeichen sind solche Gru\u00dfformen oder Losungen, die symbolhaft f\u00fcr eine Organisation stehen und diese charakterisieren. Das ist nur der Fall, wenn die Verwendung der Parole im allgemeinen Sprachgebrauch und Verst\u00e4ndnis der \u00d6ffentlichkeit mit dieser Organisation, und nur mit ihr, verbindet. Nur wenn der H\u00f6rer die Parole mit der Organisation identifiziert, bildet sie ein Kennzeichen im Sinne des Gesetzes. Der Fall ist das zum Beispiel bei den bekannten Formen des Deutschen Gru\u00dfes oder dem Ausruf &#8222;Sieg Heil&#8220;.<\/p>\n\n\n\n<h2 class=\"wp-block-heading\">Kennzeichen? Fallfrage!<\/h2>\n\n\n\n<p>Was aber nach allgemeinem Sprachgebrauch jeder sagen kann, ohne da\u00df es zwingend mit einer Organisation in Verbindung zu bringen ist, kann niemals als deren Kennzeichen dienen. Es w\u00e4re im H\u00f6cke-Proze\u00df eine gutachterlich kl\u00e4rbare Fallfrage, ob &#8222;Alles f\u00fcr Deutschland&#8220; wirklich ein Kennzeichen der SA war. Wo immer ich auch in rechtlichen W\u00fcrdigungen suche wie einer von Thomas Fischer, wird das schlicht behauptet:<\/p>\n\n\n\n<blockquote class=\"wp-block-quote is-layout-flow wp-block-quote-is-layout-flow\">\n<p>Die genannte Parole war die Leitparole der nationalsozialistischen &#8222;SA&#8220; und ist daher von \u00a7 86a Abs. 1 i.V.m. \u00a7 86 Abs. 1 StGB erfa\u00dft.<\/p>\n<cite><a href=\"https:\/\/www.lto.de\/recht\/meinung\/m\/fischer-hcke-alles-fuer-deutschland-strafbarkeit\">&#8222;Alles f\u00fcr Deut\u00adsch\u00adland&#8220; strafbar? Legal Tribune online, 19.9.2023<\/a><\/cite><\/blockquote>\n\n\n\n<blockquote class=\"wp-block-quote is-layout-flow wp-block-quote-is-layout-flow\">\n<p><\/p>\n<\/blockquote>\n\n\n\n<p>aber nirgends belegt.<\/p>\n\n\n<div class=\"wp-block-image\">\n<figure class=\"aligncenter size-full is-resized\"><img loading=\"lazy\" decoding=\"async\" width=\"800\" height=\"568\" src=\"http:\/\/klauskunze.com\/blog\/wp-content\/uploads\/2024\/04\/DSC_0002a.jpg\" alt=\"\" class=\"wp-image-6206\" style=\"width:610px;height:auto\" srcset=\"https:\/\/klauskunze.com\/blog\/wp-content\/uploads\/2024\/04\/DSC_0002a.jpg 800w, https:\/\/klauskunze.com\/blog\/wp-content\/uploads\/2024\/04\/DSC_0002a-300x213.jpg 300w, https:\/\/klauskunze.com\/blog\/wp-content\/uploads\/2024\/04\/DSC_0002a-768x545.jpg 768w\" sizes=\"auto, (max-width: 800px) 100vw, 800px\" \/><figcaption class=\"wp-element-caption\">War &#8222;Alles f\u00fcr Deutschland&#8220; ihre Parole?<\/figcaption><\/figure>\n<\/div>\n\n\n<h2 class=\"wp-block-heading\">Alte Losung<\/h2>\n\n\n\n<p>Tats\u00e4chlich ist die Losung &#8222;Alles f\u00fcr Deutschland&#8220; uralt. Ich fand sie 1882 in &#8222;Deutsche Worte&#8220;:<\/p>\n\n\n\n<figure class=\"wp-block-image size-full\"><img loading=\"lazy\" decoding=\"async\" width=\"733\" height=\"425\" src=\"http:\/\/klauskunze.com\/blog\/wp-content\/uploads\/2024\/04\/Zuschneidena.jpg\" alt=\"\" class=\"wp-image-6201\" srcset=\"https:\/\/klauskunze.com\/blog\/wp-content\/uploads\/2024\/04\/Zuschneidena.jpg 733w, https:\/\/klauskunze.com\/blog\/wp-content\/uploads\/2024\/04\/Zuschneidena-300x174.jpg 300w\" sizes=\"auto, (max-width: 733px) 100vw, 733px\" \/><\/figure>\n\n\n\n<p>In einem Bericht \u00fcber einen Kommers aus Anla\u00df Kaisers Geburtstags hei\u00dft es, da\u00df die Versammlung am Ende unter anderem in den Ruf &#8222;Alles f\u00fcr Deutschland!&#8220; ausbrach.<\/p>\n\n\n<div class=\"wp-block-image\">\n<figure class=\"aligncenter size-full\"><img loading=\"lazy\" decoding=\"async\" width=\"435\" height=\"336\" src=\"http:\/\/klauskunze.com\/blog\/wp-content\/uploads\/2024\/04\/Zuschneiden_2b.jpg\" alt=\"\" class=\"wp-image-6202\" srcset=\"https:\/\/klauskunze.com\/blog\/wp-content\/uploads\/2024\/04\/Zuschneiden_2b.jpg 435w, https:\/\/klauskunze.com\/blog\/wp-content\/uploads\/2024\/04\/Zuschneiden_2b-300x232.jpg 300w\" sizes=\"auto, (max-width: 435px) 100vw, 435px\" \/><\/figure>\n<\/div>\n\n\n<p>Es gibt zahlreiche solche Fundstellen aus der Zeit bis zum 1. Weltkrieg. Erfunden hatte die SA die Losung jedenfalls nicht. Offenbar hatte sie sie sich aber auch nicht alleinstellend angeeignet. Baldur von Schirachs Mitteilungblatt der Hitler-Jugend &#8222;Wille und Macht&#8220; vom 1.10.1935 griff einen Autor namens Max Biber scharf an. Was er geschrieben habe, sei ein Musterbeispiel jesuitischer Propaganda. Es zitiert die Schlu\u00dfworte eines Textes von Max Biber:<\/p>\n\n\n\n<figure class=\"wp-block-image alignwide size-full\"><img loading=\"lazy\" decoding=\"async\" width=\"268\" height=\"200\" src=\"http:\/\/klauskunze.com\/blog\/wp-content\/uploads\/2024\/04\/Zuschneiden_5a.jpg\" alt=\"\" class=\"wp-image-6203\"\/><\/figure>\n\n\n\n<p>Wenn nun die katholische Jugend noch auf dem Katholikentag 1934, also nach Hitlers Machtergreifung, als Refrain &#8222;Alles f\u00fcr Deutschland&#8220; gesungen hat, kann dies schlechterdings keine alleinige Parole der SA gewesen sein. Schirachs &#8222;Wille und Weg&#8220; kritisierte hier keineswegs, die katholische Jugend habe der SA ihre Parole geklaut. Nur da\u00df Gott bei ihr anscheinend erst nach Deutschland rangierte, vertrug sich nicht mit der Ideologie der HJ.<\/p>\n\n\n\n<h2 class=\"wp-block-heading\">Die SPD und &#8222;Alles f\u00fcr Deutschland&#8220;<\/h2>\n\n\n\n<p>Am Tag der Publikation dieses Blogbeitrages schickte ein freundlicher Leser mir wertvolle Belege daf\u00fcr, das die fragliche Losung selbst von Sozialdemokraten genutzt wurde. Bis heute bekennt sich die SPD zur Tradition der &#8222;Eisernen Front&#8220; gegen Hitler<\/p>\n\n\n\n<figure class=\"wp-block-image size-large\"><a href=\"https:\/\/www.spd.de\/160-jahre\/matrix\/1931-eiserne-front\"><img loading=\"lazy\" decoding=\"async\" width=\"1024\" height=\"793\" src=\"http:\/\/klauskunze.com\/blog\/wp-content\/uploads\/2024\/04\/Zuschneiden_2-1-1024x793.jpg\" alt=\"\" class=\"wp-image-6214\" srcset=\"https:\/\/klauskunze.com\/blog\/wp-content\/uploads\/2024\/04\/Zuschneiden_2-1-1024x793.jpg 1024w, https:\/\/klauskunze.com\/blog\/wp-content\/uploads\/2024\/04\/Zuschneiden_2-1-300x232.jpg 300w, https:\/\/klauskunze.com\/blog\/wp-content\/uploads\/2024\/04\/Zuschneiden_2-1-768x595.jpg 768w, https:\/\/klauskunze.com\/blog\/wp-content\/uploads\/2024\/04\/Zuschneiden_2-1-900x697.jpg 900w, https:\/\/klauskunze.com\/blog\/wp-content\/uploads\/2024\/04\/Zuschneiden_2-1.jpg 1077w\" sizes=\"auto, (max-width: 1024px) 100vw, 1024px\" \/><\/a><\/figure>\n\n\n\n<p>Diese Eiserne Front um den ber\u00fchmten SPD-Reichstagsabgeordneten Otto Wels gab ein Mitteilungsblatt heraus, das heute im Archiv der SPD geh\u00fctet wird. Wels hatte als Fraktionsf\u00fchrer 1933 die bekannte Rede im Reichstag gehalten, in der er dem Erm\u00e4chtigungsgesetz nicht zustimmte.<\/p>\n\n\n\n<figure class=\"wp-block-image size-full is-resized\"><a href=\"https:\/\/library.fes.de\/pdf-files\/bibliothek\/bestand\/a-27846.pdf\"><img loading=\"lazy\" decoding=\"async\" width=\"513\" height=\"759\" src=\"http:\/\/klauskunze.com\/blog\/wp-content\/uploads\/2024\/04\/Zuschneiden_3.jpg\" alt=\"\" class=\"wp-image-6215\" style=\"width:610px;height:auto\" srcset=\"https:\/\/klauskunze.com\/blog\/wp-content\/uploads\/2024\/04\/Zuschneiden_3.jpg 513w, https:\/\/klauskunze.com\/blog\/wp-content\/uploads\/2024\/04\/Zuschneiden_3-203x300.jpg 203w\" sizes=\"auto, (max-width: 513px) 100vw, 513px\" \/><\/a><\/figure>\n\n\n\n<p>Darin finden wir einen Aufruf von <a href=\"https:\/\/de.wikipedia.org\/wiki\/Karl_H%C3%B6ltermann\">Karl H\u00f6ltermann<\/a>, dem Vorsitzenden des SPD-<a href=\"https:\/\/de.wikipedia.org\/wiki\/Reichsbanner_Schwarz-Rot-Gold\">Reichsbanners Schwarz-Rot-Gold<\/a>:<\/p>\n\n\n\n<figure class=\"wp-block-image size-full\"><a href=\"https:\/\/library.fes.de\/pdf-files\/bibliothek\/bestand\/a-27846.pdf\"><img loading=\"lazy\" decoding=\"async\" width=\"519\" height=\"543\" src=\"http:\/\/klauskunze.com\/blog\/wp-content\/uploads\/2024\/04\/Zuschneiden_4a.jpg\" alt=\"\" class=\"wp-image-6216\" srcset=\"https:\/\/klauskunze.com\/blog\/wp-content\/uploads\/2024\/04\/Zuschneiden_4a.jpg 519w, https:\/\/klauskunze.com\/blog\/wp-content\/uploads\/2024\/04\/Zuschneiden_4a-287x300.jpg 287w\" sizes=\"auto, (max-width: 519px) 100vw, 519px\" \/><\/a><\/figure>\n\n\n\n<p>Das l\u00e4\u00dft eigentlich keine historischen Fragen mehr offen: &#8222;Nichts f\u00fcr uns &#8211; Alles f\u00fcr Deutschland&#8220; war auch eine Parole der SPD und ihrer Unterorganisation. Bis heute zieren sich Linke nicht, sie zu benutzen:<\/p>\n\n\n<div class=\"wp-block-image\">\n<figure class=\"aligncenter size-large is-resized\"><img loading=\"lazy\" decoding=\"async\" width=\"874\" height=\"1024\" src=\"http:\/\/klauskunze.com\/blog\/wp-content\/uploads\/2024\/04\/GLdPJBXXYAAxxJE-874x1024.jpeg\" alt=\"\" class=\"wp-image-6221\" style=\"width:610px;height:auto\" srcset=\"https:\/\/klauskunze.com\/blog\/wp-content\/uploads\/2024\/04\/GLdPJBXXYAAxxJE-874x1024.jpeg 874w, https:\/\/klauskunze.com\/blog\/wp-content\/uploads\/2024\/04\/GLdPJBXXYAAxxJE-256x300.jpeg 256w, https:\/\/klauskunze.com\/blog\/wp-content\/uploads\/2024\/04\/GLdPJBXXYAAxxJE-768x900.jpeg 768w, https:\/\/klauskunze.com\/blog\/wp-content\/uploads\/2024\/04\/GLdPJBXXYAAxxJE.jpeg 899w\" sizes=\"auto, (max-width: 874px) 100vw, 874px\" \/><figcaption class=\"wp-element-caption\">&#8222;Alles f\u00fcr Deutschland&#8220; kommentierte der SPIEGEL. <a href=\"https:\/\/www.spiegelkritik.de\/2023\/09\/13\/spiegel-alles-fuer-deutschland\/comment-page-1\/\">Sp\u00e4ter ruderte er versch\u00e4mt zur\u00fcck.<\/a><\/figcaption><\/figure>\n<\/div>\n\n\n<p>Wer also meint: &#8222;Es kommt hier wie immer auf den Kontext an: Wer \u201eAlles f\u00fcr Deutschland\u201c im Rahmen einer politischen Versammlung sagt, gar ausruft, stellt sich in den Kontext der SA, benutzt n\u00e4mlich den Wahlspruch der Braunhemden als politisches Statement. Das ist strafbar nach Paragraf 86a&#8220;, kann das nur in v\u00f6lliger Unkenntnis der Benutzungsgeschichte dieser Losung behaupten. Es mag sein, da\u00df jemand die drei Worte wie fr\u00fcher auch die SA als Abschlu\u00df benutzt, wenn er eine offenkundig nationalsozialistisch gepr\u00e4gte Rede gehalten hatte. Das ist H\u00f6cke allerdings nicht vorzuwerfen. Er k\u00f6nnte politisch dem fr\u00fcheren Reichsbanner Schwarz-Rot-Gold der SPD durchaus n\u00e4her stehen als der SA. Es trifft somit v\u00f6llig zu, was ein Leserbriefschreiber &#8222;Thomas am 23.9.2023 an den SPIEGEL schrieb:<\/p>\n\n\n\n<blockquote class=\"wp-block-quote is-layout-flow wp-block-quote-is-layout-flow\">\n<p>Dieser Allgemeinplatz war als Schlagwort von der NS-Bewegung aufgegriffen und ab Anfang der 20er Jahre von der SA propagandistisch verwendet worden; freilich nicht exklusiv, jedenfalls nicht in der Weise, da\u00df anderen Gliederungen oder Personen die Parole davon Abstand genommen h\u00e4tten, die Parole zu verwenden. Dies belegenen Internetrecherchen zum Parteienspektrum der 20er Jahre. Auch die Entwicklung von 1933 \u2013 1945 f\u00fchrte nicht dazu, da\u00df aus dem Allgemeinplatz eine Parole wurde, die ausschlie\u00dflich als Gedankengut der NS-Bewegung oder der SA betrachtet wurde. Mit Gr\u00fcndung der L\u00e4nder und der Bundesrepublik nach 1945 \u00e4nderte sich hieran nichts. Zwar griffen rechtsextreme Bewegungen, wie die DRP, die Parole wieder auf, verwendeten diese aber im Rahmen ihres Parteiprogramms und nicht in Bezug auf die SA oder die NS-Bewegung. Gegenw\u00e4rtig wird \u201eAlles f\u00fcr Deutschland\u201c gedanklich nicht zwingend der NS-Bewegung oder der SA zugeordnet. Dies belegen Zeitungsartikel, in denen unverf\u00e4nglich die Parole verwendet wird.<\/p>\n<cite><a href=\"https:\/\/www.spiegelkritik.de\/2023\/09\/13\/spiegel-alles-fuer-deutschland\/comment-page-1\/\">Thomas NN, Leserbrief an den SPIEGEL 23.9.2023.<\/a><\/cite><\/blockquote>\n\n\n\n<h2 class=\"wp-block-heading\">Aneignung<\/h2>\n\n\n\n<p>Es ist typisch f\u00fcr die polyideologische Struktur des Nationalsozialismus, der sich ideologische, aber auch \u00e4u\u00dferliche Versatzst\u00fccke anderer Anschauungen aneignete. Zu ihnen geh\u00f6rte auch die Parole \u201eAlles f\u00fcr Deutschland\u201c, die so allgemein gel\u00e4ufig war, da\u00df sicherlich auch SA sie benutzt hat. Es gibt in der Literatur dokumentierte Ansprachen von SA-F\u00fchrern, die mit diesen Worten endeten. Auch beim Reichsparteitag der NSDAP 1934 stand die Losung an der Wand &#8211; aber nicht speziell als Losung der SA.<\/p>\n\n\n\n<p>Im Umkehrschlu\u00df von der Verwendung auf die SA zu schlie\u00dfen, verbietet sich aber. Aus Berichten des NS-Sicherheitsdienstes ergab sich, da\u00df \u201eAlles f\u00fcr Deutschland! Deutschland f\u00fcr Christus\u201c im \u201et\u00e4glichen Sprachgebrauch der Konfessionen stark angewandt\u201c wurde.<\/p>\n\n\n\n<figure class=\"wp-block-image alignwide size-full\"><img loading=\"lazy\" decoding=\"async\" width=\"898\" height=\"295\" src=\"http:\/\/klauskunze.com\/blog\/wp-content\/uploads\/2024\/04\/Zuschneiden_2.jpg\" alt=\"\" class=\"wp-image-6204\" srcset=\"https:\/\/klauskunze.com\/blog\/wp-content\/uploads\/2024\/04\/Zuschneiden_2.jpg 898w, https:\/\/klauskunze.com\/blog\/wp-content\/uploads\/2024\/04\/Zuschneiden_2-300x99.jpg 300w, https:\/\/klauskunze.com\/blog\/wp-content\/uploads\/2024\/04\/Zuschneiden_2-768x252.jpg 768w\" sizes=\"auto, (max-width: 898px) 100vw, 898px\" \/><\/figure>\n\n\n\n<p>Leider ist bei der Google-Buchsuche nicht jeder Text vollst\u00e4ndig zug\u00e4nglich. \u201eAlles f\u00fcr Deutschland! Deutschland f\u00fcr Christus\u201c entspricht formulierungstechnisch der Parole im fl\u00e4mischen Nationaldenkmal in Diksmuide: <a href=\"http:\/\/nl.wikipedia.org\/wiki\/A\">AVV &#8211; VVK<\/a> (Alles voor Vlaanderen &#8211; Vlaanderen voor Kristus)<\/p>\n\n\n\n<p>Selbst Kommunisten von der <a href=\"https:\/\/de.wikipedia.org\/wiki\/K-Gruppe\">KPD-ML<\/a> fanden die Losung noch 1979 anziehend und griffig:<\/p>\n\n\n\n<figure class=\"wp-block-image alignwide size-full\"><img loading=\"lazy\" decoding=\"async\" width=\"489\" height=\"296\" src=\"http:\/\/klauskunze.com\/blog\/wp-content\/uploads\/2024\/04\/Zuschneiden.jpg\" alt=\"\" class=\"wp-image-6205\" srcset=\"https:\/\/klauskunze.com\/blog\/wp-content\/uploads\/2024\/04\/Zuschneiden.jpg 489w, https:\/\/klauskunze.com\/blog\/wp-content\/uploads\/2024\/04\/Zuschneiden-300x182.jpg 300w\" sizes=\"auto, (max-width: 489px) 100vw, 489px\" \/><\/figure>\n\n\n\n<p>Sollte sich tats\u00e4chlich die SA den Ausruf \u201eAlles f\u00fcr Deutschland\u201c angeeignet haben, stellt sich nat\u00fcrlich die Frage: Sollen wir ihn ihnen wirklich lassen?<\/p>\n\n\n\n<p>Ist es klug, die Aufforderung, alles f\u00fcr Deutschland zu tun, den Nationalsozialisten des 20. Jahrhunderts und ihrer SA zu \u00fcberlassen? Darf man den in der Losung steckenden Imperativ auf den engen Bedeutungsgehalt nationalsozialistischer Ideologie verengen und verk\u00fcrzen?<\/p>\n\n\n\n<p>Es ist nicht einfach, in damaligem Schrifttum zu forschen. Dazu m\u00fc\u00dfte man es erst einmal finden und haben. Gefunden hatten es&nbsp; vielfach 1945 die Amerikaner und haben es heute noch. In der Universit\u00e4t Michigan bewahrt man den Jahrgang 1943 der \u201eZeitschrift der SA-F\u00fchrer der NSDAP\u201c auf: &#8222;Der SA.-F\u00fchrer&#8220;. Auf das \u00fcber 500 Seiten starke Konvolut stie\u00df ich bei der Google-Buchsuche nach der Losung \u201eAlles f\u00fcr Deutschland\u201c. Wenn dies ein Kennzeichen oder eine Gru\u00dfform der SA gewesen sein sollte, m\u00fc\u00dfte ich hier unweigerlich darauf sto\u00dfen. Wie wurde ich entt\u00e4uscht!<\/p>\n\n\n\n<p>Nur eine einzige Fundstelle fand ich in dem Pdf von Google-Books, n\u00e4mlich in einem Nachruf auf den Stabschef Viktor Lutze. In ihm hei\u00dft es am 14.5.1943:<\/p>\n\n\n\n<blockquote class=\"wp-block-quote is-layout-flow wp-block-quote-is-layout-flow\">\n<p>Viktor Lutze hat das hohe und heilige Gesetz der SA. \u201e Alles f\u00fcr Deutschland !&#8220; bis zum letzten Atemzuge erf\u00fcllt. Wenn auch sein hei\u00dfes, gl\u00e4ubiges Herz nicht mehr schl\u00e4gt und seine H\u00e4nde ruhen , sein Werk, dem er in selbstloser Hingabe gedient hat, steht. Es ist lebendig in jedem SA. -Mann des F\u00fchrers, der sich zu der Parole bekennt, die der Stabschef der SA. einmal zur Jahreswende auf den Weg gab: \u201eDie Alten bleiben im Geist und Glauben und in der Treue! Dieser SA. &#8211; Geist will nicht scheinen , sondern sein, will nicht Worte, sondern Taten, will nicht \u00c4u\u00dferlichkeiten, sondern Charaktere!&#8220;<\/p>\n<cite>Der SA.-F\u00fchrer, Zeitschrift der SA-F\u00fchrer der NSDAP, 1943 (S.194 von 505 Seiten im heruntergeladenen Pdf von Google-Books).<\/cite><\/blockquote>\n\n\n\n<p>Die Frage eines \u201ehohen, heiligen Gesetzes der SA\u201c mag auf sich beruhen. Um eine Parole oder Gru\u00dfform jedenfalls hatte es sich offenbar nicht gehandelt. Auch wenn sich verstreut Belege daf\u00fcr finden lassen, da\u00df auch SA-F\u00fchrer die bekannte Wortfolge ab und zu benutzten, fehlt es am Kennzeichencharakter, sei es wegen des Fehlens einer SA-offiziellen Bestimmung als Kennzeichen, sei es mangels st\u00e4ndiger \u00dcbung und Benutzung.<\/p>\n\n\n\n<h2 class=\"wp-block-heading\">Verwendungszweck<\/h2>\n\n\n\n<p>Selbst wenn man historisch zu Belegen kommt, die Wortfolge habe doch den Charakter des Kennzeichens der SA, gen\u00fcgt das noch nicht f\u00fcr die Strafbarkeit. Das hat der Bundesgerichtshof im Fall der Verwendung eine sogenannten Keltenkreuzes entschieden. Dieses findet und fand historisch in vielerlei Zusammenhang Anwendung, und zwar sowohl auf alten Friedh\u00f6fen als auch als Symbol einer heute vergessenen rechtsextremen Splittergruppe. Der BGH betont, die blo\u00dfe Verwendung reiche f\u00fcr eine Strafbarkeit nicht aus:<\/p>\n\n\n\n<blockquote class=\"wp-block-quote is-layout-flow wp-block-quote-is-layout-flow\">\n<p>Allerdings kann hier f\u00fcr die Pr\u00fcfung, ob die Verwendung des stilisierten Keltenkreuzes dem Schutzzweck des \u00a7 86 a StGB eindeutig nicht zuwiderl\u00e4uft, nicht auf die Darstellung des Symbols selbst zur\u00fcckgegriffen werden; denn dieses l\u00e4\u00dft bei isoliertem Gebrauch gerade nicht erkennen, ob es als Kennzeichen der verbotenen Organisation oder &#8211; trotz der Stilisierung &#8211; zu v\u00f6llig anderen, etwa religi\u00f6sen oder rein dekorativen Zwecken verwendet wird. Ebensowenig l\u00e4\u00dft sich der Darstellung eine offenkundige Gegnerschaft zu der VSBD\/PdA entnehmen. Anzukn\u00fcpfen ist vielmehr an die F\u00e4lle, in denen ein (offensichtlich) &#8222;verbotenes&#8220; Kennzeichen in einem mehrdeutigen Zusammenhang gebraucht wird.<\/p>\n<cite><a href=\"https:\/\/openjur.de\/u\/74749.html\">BGH, Beschlu\u00df vom 1. Oktober 2008&nbsp;\u2013 3 StR 164\/08&nbsp;\u2013, BGHSt 52, 364-376, Rn. 29<\/a><\/cite><\/blockquote>\n\n\n\n<p>Wir m\u00fcssen also den Zusammenhang genau pr\u00fcfen. Ist das Keltenkreuz hier als christliches Symbol auf einem Friedhof errichtet? Oder steht es vor dem ehemaligen Stammlokal der verbotenen Gruppe, die es verwendet hatte? Und im Fall H\u00f6cke: Hat H\u00f6cke die Losung \u201eAlles f\u00fcr Deutschland\u201c verwendet, um seine Rede mit einer Losung der SA zu kennzeichnen, &#8222;Alles f\u00fcr unsere Heimat, alles f\u00fcr Sachsen-Anhalt, alles f\u00fcr Deutschland&#8220;? Hatte die KPD \/ ML 1979 vielleicht mit den Worten \u201eKeinen Mann f\u00fcr die amerikanische Armee! Alles f\u00fcr den Frieden! Alles f\u00fcr Deutschland!\u201c &#8211; ausgerechnet &#8211; auf die SA angespielt? Hatte die katholische Jugend 1934 inbr\u00fcnstig gesungen \u201eAlles f\u00fcr Deutschland, Deutschland f\u00fcr Gott\u201c? Nat\u00fcrlich nicht.<\/p>\n\n\n\n<p>Hier pa\u00dft die Rechtsprechung des BGH:<\/p>\n\n\n\n<blockquote class=\"wp-block-quote is-layout-flow wp-block-quote-is-layout-flow\">\n<p>Anzukn\u00fcpfen ist vielmehr an die F\u00e4lle, in denen ein (offensichtlich) &#8222;verbotenes&#8220; Kennzeichen in einem mehrdeutigen Zusammenhang gebraucht wird. Hierzu hat der Senat bereits entschieden, da\u00df f\u00fcr die Beantwortung der Frage, ob die konkrete Kennzeichenverwendung dem Schutzzweck des \u00a7 86 a StGB erkennbar nicht zuwiderl\u00e4uft, die gesamten Umst\u00e4nde der Tat zu ber\u00fccksichtigen sind (BGHSt 25, 30, 34: &#8222;Hitler-Gru\u00df&#8220; bei Polizeikontrolle). Nichts anderes kann gelten, wenn die potentielle Mehrdeutigkeit des Geschehens schon aus dem Kennzeichen selbst entspringt. Daher kann den Anforderungen, die die Grundrechte der Meinungs- und Bekenntnisfreiheit, aber auch der allgemeinen Handlungsfreiheit an eine verfassungskonforme Auslegung des Tatbestands stellen, hier nur in der Weise Rechnung getragen werden, da\u00df der mit dem Gebrauch des Kennzeichens verbundene Aussagegehalt anhand aller ma\u00dfgeblichen Umst\u00e4nde des Falles ermittelt wird. Ergibt dies, da\u00df der Schutzzweck der Norm in seinen oben dargestellten Auspr\u00e4gungen eindeutig nicht ber\u00fchrt wird, <strong>so fehlt es an einem tatbestandlichen Verwenden des Kennzeichens, da dieses nicht als solches der VSBD\/PdA zur Schau gestellt wird<\/strong>.<\/p>\n<cite><a href=\"https:\/\/openjur.de\/u\/74749.html\">BGH, Beschlu\u00df vom 1. Oktober 2008&nbsp;\u2013 3 StR 164\/08&nbsp;\u2013, BGHSt 52, 364-376, Rn. 29.<\/a><\/cite><\/blockquote>\n\n\n\n<p>Im Fall der katholischen Jugend wurde die Losung in einem ganz anderen verbalen Zusammenhang benutzt als, soweit \u00fcberhaupt, von der SA. Auch in den F\u00e4llen der KPD \/ ML und H\u00f6cke wollten beide die Losung unzweideutig nicht als Losung der SA und mit Hinweis auf sie verstanden wissen. Das Gegenteil ist offenkundig der Fall. Das ergibt sich schon aus den Zitaten selbst. Anders als bei verbotenen Bildsymbolen waren die bewu\u00dften drei Worte n\u00e4mlich jedesmal in einen spezifischen Zusammenhang eingebettet.<\/p>\n\n\n\n<p>Erst dieser ergibt die Gesamtaussage: Im Fall katholische Jugend lautet diese: Auf Erden tun wir alles f\u00fcr Deutschland, ordnen Deutschland aber Gott unter. Im Fall der KPD \/ ML: Alles f\u00fcr ein Deutschland des Friedens und der Abr\u00fcstung. Und schlie\u00dflich im Falle H\u00f6cke: Alles f\u00fcr unsere Heimat, das Land Sachsen-Anhalt und schlie\u00dflich f\u00fcr Deutschland. Diese jeweilige Einbettung in einen sinnhaften Kontext ist wiederum durch das Grundrecht auf Meinungsfreiheit gesch\u00fctzt. Das BVerfG urteilt in st\u00e4ndiger Rechtsprechung, da\u00df schon bei der tatbestandlichen Pr\u00fcfung einer Aussage, die auch wertende und meinende Elemente enth\u00e4lt, die Meinungsfreiheit zu ber\u00fccksichtigen ist. Gibt es mehrere Deutungsm\u00f6glichkeiten einer Aussage, von denen eine zur Straflosigkeit f\u00fchrt, ist diese immer heranzuziehen.<\/p>\n\n\n\n<p>Auch darum hat sich H\u00f6cke nicht strafbar gemacht.<\/p>\n","protected":false},"excerpt":{"rendered":"<p>Die Staatsanwaltschaft Halle beschuldigt Bj\u00f6rn H\u00f6cke, zum Abschlu\u00df einer Rede, welche er am 29. Mai 2021 bei einer Wahlveranstaltung seiner Partei in Merseburg vortrug, ausgerufen zu haben: &#8222;Alles f\u00fcr unsere Heimat, alles f\u00fcr Sachsen-Anhalt, alles f\u00fcr Deutschland!&#8220; Darf man das nicht? \u00a7 86 a StGB verbietet es, Parolen und Gru\u00dfformen verbotener Organisationen \u00f6ffentlich zu verwenden. [&hellip;]<\/p>\n","protected":false},"author":1,"featured_media":6206,"comment_status":"open","ping_status":"open","sticky":false,"template":"","format":"standard","meta":{"h5ap_radio_sources":[],"twitterCardType":"","cardImageID":0,"cardImage":"","cardTitle":"","cardDesc":"","cardImageAlt":"","cardPlayer":"","cardPlayerWidth":0,"cardPlayerHeight":0,"cardPlayerStream":"","cardPlayerCodec":"","footnotes":""},"categories":[13,18],"tags":[],"class_list":["post-6200","post","type-post","status-publish","format-standard","has-post-thumbnail","hentry","category-geschichte","category-juristisches"],"yoast_head":"<!-- This site is optimized with the Yoast SEO plugin v27.5 - https:\/\/yoast.com\/product\/yoast-seo-wordpress\/ -->\n<title>Hat sich H\u00f6cke strafbar gemacht? - Klaus Kunze<\/title>\n<meta name=\"robots\" content=\"index, follow, max-snippet:-1, max-image-preview:large, max-video-preview:-1\" \/>\n<link rel=\"canonical\" href=\"https:\/\/klauskunze.com\/blog\/2024\/04\/19\/hat-sich-hoecke-strafbar-gemacht\/\" \/>\n<meta property=\"og:locale\" content=\"de_DE\" \/>\n<meta property=\"og:type\" content=\"article\" \/>\n<meta property=\"og:title\" content=\"Hat sich H\u00f6cke strafbar gemacht? - Klaus Kunze\" \/>\n<meta property=\"og:description\" content=\"Die Staatsanwaltschaft Halle beschuldigt Bj\u00f6rn H\u00f6cke, zum Abschlu\u00df einer Rede, welche er am 29. Mai 2021 bei einer Wahlveranstaltung seiner Partei in Merseburg vortrug, ausgerufen zu haben: &#8222;Alles f\u00fcr unsere Heimat, alles f\u00fcr Sachsen-Anhalt, alles f\u00fcr Deutschland!&#8220; Darf man das nicht? \u00a7 86 a StGB verbietet es, Parolen und Gru\u00dfformen verbotener Organisationen \u00f6ffentlich zu verwenden. [&hellip;]\" \/>\n<meta property=\"og:url\" content=\"https:\/\/klauskunze.com\/blog\/2024\/04\/19\/hat-sich-hoecke-strafbar-gemacht\/\" \/>\n<meta property=\"og:site_name\" content=\"Klaus Kunze\" \/>\n<meta property=\"article:published_time\" content=\"2024-04-19T15:04:00+00:00\" \/>\n<meta property=\"article:modified_time\" content=\"2024-04-25T06:08:04+00:00\" \/>\n<meta property=\"og:image\" content=\"https:\/\/klauskunze.com\/blog\/wp-content\/uploads\/2024\/04\/DSC_0002a.jpg\" \/>\n\t<meta property=\"og:image:width\" content=\"800\" \/>\n\t<meta property=\"og:image:height\" content=\"568\" \/>\n\t<meta property=\"og:image:type\" content=\"image\/jpeg\" \/>\n<meta name=\"author\" content=\"Klaus Kunze\" \/>\n<meta name=\"twitter:label1\" content=\"Verfasst von\" \/>\n\t<meta name=\"twitter:data1\" content=\"Klaus Kunze\" \/>\n\t<meta name=\"twitter:label2\" content=\"Gesch\u00e4tzte Lesezeit\" \/>\n\t<meta name=\"twitter:data2\" content=\"13\u00a0Minuten\" \/>\n<script type=\"application\/ld+json\" class=\"yoast-schema-graph\">{\"@context\":\"https:\\\/\\\/schema.org\",\"@graph\":[{\"@type\":\"Article\",\"@id\":\"https:\\\/\\\/klauskunze.com\\\/blog\\\/2024\\\/04\\\/19\\\/hat-sich-hoecke-strafbar-gemacht\\\/#article\",\"isPartOf\":{\"@id\":\"https:\\\/\\\/klauskunze.com\\\/blog\\\/2024\\\/04\\\/19\\\/hat-sich-hoecke-strafbar-gemacht\\\/\"},\"author\":{\"name\":\"Klaus Kunze\",\"@id\":\"https:\\\/\\\/klauskunze.com\\\/blog\\\/#\\\/schema\\\/person\\\/9c091cf30ab68b897db6a517e3c3b11b\"},\"headline\":\"Hat sich H\u00f6cke strafbar gemacht?\",\"datePublished\":\"2024-04-19T15:04:00+00:00\",\"dateModified\":\"2024-04-25T06:08:04+00:00\",\"mainEntityOfPage\":{\"@id\":\"https:\\\/\\\/klauskunze.com\\\/blog\\\/2024\\\/04\\\/19\\\/hat-sich-hoecke-strafbar-gemacht\\\/\"},\"wordCount\":2566,\"commentCount\":2,\"publisher\":{\"@id\":\"https:\\\/\\\/klauskunze.com\\\/blog\\\/#\\\/schema\\\/person\\\/9c091cf30ab68b897db6a517e3c3b11b\"},\"image\":{\"@id\":\"https:\\\/\\\/klauskunze.com\\\/blog\\\/2024\\\/04\\\/19\\\/hat-sich-hoecke-strafbar-gemacht\\\/#primaryimage\"},\"thumbnailUrl\":\"https:\\\/\\\/klauskunze.com\\\/blog\\\/wp-content\\\/uploads\\\/2024\\\/04\\\/DSC_0002a.jpg\",\"articleSection\":[\"Geschichte\",\"Juristisches\"],\"inLanguage\":\"de\",\"potentialAction\":[{\"@type\":\"CommentAction\",\"name\":\"Comment\",\"target\":[\"https:\\\/\\\/klauskunze.com\\\/blog\\\/2024\\\/04\\\/19\\\/hat-sich-hoecke-strafbar-gemacht\\\/#respond\"]}]},{\"@type\":\"WebPage\",\"@id\":\"https:\\\/\\\/klauskunze.com\\\/blog\\\/2024\\\/04\\\/19\\\/hat-sich-hoecke-strafbar-gemacht\\\/\",\"url\":\"https:\\\/\\\/klauskunze.com\\\/blog\\\/2024\\\/04\\\/19\\\/hat-sich-hoecke-strafbar-gemacht\\\/\",\"name\":\"Hat sich H\u00f6cke strafbar gemacht? - Klaus Kunze\",\"isPartOf\":{\"@id\":\"https:\\\/\\\/klauskunze.com\\\/blog\\\/#website\"},\"primaryImageOfPage\":{\"@id\":\"https:\\\/\\\/klauskunze.com\\\/blog\\\/2024\\\/04\\\/19\\\/hat-sich-hoecke-strafbar-gemacht\\\/#primaryimage\"},\"image\":{\"@id\":\"https:\\\/\\\/klauskunze.com\\\/blog\\\/2024\\\/04\\\/19\\\/hat-sich-hoecke-strafbar-gemacht\\\/#primaryimage\"},\"thumbnailUrl\":\"https:\\\/\\\/klauskunze.com\\\/blog\\\/wp-content\\\/uploads\\\/2024\\\/04\\\/DSC_0002a.jpg\",\"datePublished\":\"2024-04-19T15:04:00+00:00\",\"dateModified\":\"2024-04-25T06:08:04+00:00\",\"breadcrumb\":{\"@id\":\"https:\\\/\\\/klauskunze.com\\\/blog\\\/2024\\\/04\\\/19\\\/hat-sich-hoecke-strafbar-gemacht\\\/#breadcrumb\"},\"inLanguage\":\"de\",\"potentialAction\":[{\"@type\":\"ReadAction\",\"target\":[\"https:\\\/\\\/klauskunze.com\\\/blog\\\/2024\\\/04\\\/19\\\/hat-sich-hoecke-strafbar-gemacht\\\/\"]}]},{\"@type\":\"ImageObject\",\"inLanguage\":\"de\",\"@id\":\"https:\\\/\\\/klauskunze.com\\\/blog\\\/2024\\\/04\\\/19\\\/hat-sich-hoecke-strafbar-gemacht\\\/#primaryimage\",\"url\":\"https:\\\/\\\/klauskunze.com\\\/blog\\\/wp-content\\\/uploads\\\/2024\\\/04\\\/DSC_0002a.jpg\",\"contentUrl\":\"https:\\\/\\\/klauskunze.com\\\/blog\\\/wp-content\\\/uploads\\\/2024\\\/04\\\/DSC_0002a.jpg\",\"width\":800,\"height\":568},{\"@type\":\"BreadcrumbList\",\"@id\":\"https:\\\/\\\/klauskunze.com\\\/blog\\\/2024\\\/04\\\/19\\\/hat-sich-hoecke-strafbar-gemacht\\\/#breadcrumb\",\"itemListElement\":[{\"@type\":\"ListItem\",\"position\":1,\"name\":\"Startseite\",\"item\":\"https:\\\/\\\/klauskunze.com\\\/blog\\\/\"},{\"@type\":\"ListItem\",\"position\":2,\"name\":\"Hat sich H\u00f6cke strafbar gemacht?\"}]},{\"@type\":\"WebSite\",\"@id\":\"https:\\\/\\\/klauskunze.com\\\/blog\\\/#website\",\"url\":\"https:\\\/\\\/klauskunze.com\\\/blog\\\/\",\"name\":\"Klaus Kunze\",\"description\":\"Blog\",\"publisher\":{\"@id\":\"https:\\\/\\\/klauskunze.com\\\/blog\\\/#\\\/schema\\\/person\\\/9c091cf30ab68b897db6a517e3c3b11b\"},\"potentialAction\":[{\"@type\":\"SearchAction\",\"target\":{\"@type\":\"EntryPoint\",\"urlTemplate\":\"https:\\\/\\\/klauskunze.com\\\/blog\\\/?s={search_term_string}\"},\"query-input\":{\"@type\":\"PropertyValueSpecification\",\"valueRequired\":true,\"valueName\":\"search_term_string\"}}],\"inLanguage\":\"de\"},{\"@type\":[\"Person\",\"Organization\"],\"@id\":\"https:\\\/\\\/klauskunze.com\\\/blog\\\/#\\\/schema\\\/person\\\/9c091cf30ab68b897db6a517e3c3b11b\",\"name\":\"Klaus Kunze\",\"image\":{\"@type\":\"ImageObject\",\"inLanguage\":\"de\",\"@id\":\"https:\\\/\\\/secure.gravatar.com\\\/avatar\\\/5cd83cadbada9c331a79952fcca177ed3d3be4c7ad3239b9d934bf84adff15dd?s=96&d=blank&r=g\",\"url\":\"https:\\\/\\\/secure.gravatar.com\\\/avatar\\\/5cd83cadbada9c331a79952fcca177ed3d3be4c7ad3239b9d934bf84adff15dd?s=96&d=blank&r=g\",\"contentUrl\":\"https:\\\/\\\/secure.gravatar.com\\\/avatar\\\/5cd83cadbada9c331a79952fcca177ed3d3be4c7ad3239b9d934bf84adff15dd?s=96&d=blank&r=g\",\"caption\":\"Klaus Kunze\"},\"logo\":{\"@id\":\"https:\\\/\\\/secure.gravatar.com\\\/avatar\\\/5cd83cadbada9c331a79952fcca177ed3d3be4c7ad3239b9d934bf84adff15dd?s=96&d=blank&r=g\"},\"sameAs\":[\"http:\\\/\\\/KlausKunze.com\",\"https:\\\/\\\/x.com\\\/https:\\\/\\\/twitter.com\\\/KlausKunze3\"]}]}<\/script>\n<!-- \/ Yoast SEO plugin. -->","yoast_head_json":{"title":"Hat sich H\u00f6cke strafbar gemacht? - Klaus Kunze","robots":{"index":"index","follow":"follow","max-snippet":"max-snippet:-1","max-image-preview":"max-image-preview:large","max-video-preview":"max-video-preview:-1"},"canonical":"https:\/\/klauskunze.com\/blog\/2024\/04\/19\/hat-sich-hoecke-strafbar-gemacht\/","og_locale":"de_DE","og_type":"article","og_title":"Hat sich H\u00f6cke strafbar gemacht? - Klaus Kunze","og_description":"Die Staatsanwaltschaft Halle beschuldigt Bj\u00f6rn H\u00f6cke, zum Abschlu\u00df einer Rede, welche er am 29. Mai 2021 bei einer Wahlveranstaltung seiner Partei in Merseburg vortrug, ausgerufen zu haben: &#8222;Alles f\u00fcr unsere Heimat, alles f\u00fcr Sachsen-Anhalt, alles f\u00fcr Deutschland!&#8220; Darf man das nicht? \u00a7 86 a StGB verbietet es, Parolen und Gru\u00dfformen verbotener Organisationen \u00f6ffentlich zu verwenden. [&hellip;]","og_url":"https:\/\/klauskunze.com\/blog\/2024\/04\/19\/hat-sich-hoecke-strafbar-gemacht\/","og_site_name":"Klaus Kunze","article_published_time":"2024-04-19T15:04:00+00:00","article_modified_time":"2024-04-25T06:08:04+00:00","og_image":[{"width":800,"height":568,"url":"https:\/\/klauskunze.com\/blog\/wp-content\/uploads\/2024\/04\/DSC_0002a.jpg","type":"image\/jpeg"}],"author":"Klaus Kunze","twitter_misc":{"Verfasst von":"Klaus Kunze","Gesch\u00e4tzte Lesezeit":"13\u00a0Minuten"},"schema":{"@context":"https:\/\/schema.org","@graph":[{"@type":"Article","@id":"https:\/\/klauskunze.com\/blog\/2024\/04\/19\/hat-sich-hoecke-strafbar-gemacht\/#article","isPartOf":{"@id":"https:\/\/klauskunze.com\/blog\/2024\/04\/19\/hat-sich-hoecke-strafbar-gemacht\/"},"author":{"name":"Klaus Kunze","@id":"https:\/\/klauskunze.com\/blog\/#\/schema\/person\/9c091cf30ab68b897db6a517e3c3b11b"},"headline":"Hat sich H\u00f6cke strafbar gemacht?","datePublished":"2024-04-19T15:04:00+00:00","dateModified":"2024-04-25T06:08:04+00:00","mainEntityOfPage":{"@id":"https:\/\/klauskunze.com\/blog\/2024\/04\/19\/hat-sich-hoecke-strafbar-gemacht\/"},"wordCount":2566,"commentCount":2,"publisher":{"@id":"https:\/\/klauskunze.com\/blog\/#\/schema\/person\/9c091cf30ab68b897db6a517e3c3b11b"},"image":{"@id":"https:\/\/klauskunze.com\/blog\/2024\/04\/19\/hat-sich-hoecke-strafbar-gemacht\/#primaryimage"},"thumbnailUrl":"https:\/\/klauskunze.com\/blog\/wp-content\/uploads\/2024\/04\/DSC_0002a.jpg","articleSection":["Geschichte","Juristisches"],"inLanguage":"de","potentialAction":[{"@type":"CommentAction","name":"Comment","target":["https:\/\/klauskunze.com\/blog\/2024\/04\/19\/hat-sich-hoecke-strafbar-gemacht\/#respond"]}]},{"@type":"WebPage","@id":"https:\/\/klauskunze.com\/blog\/2024\/04\/19\/hat-sich-hoecke-strafbar-gemacht\/","url":"https:\/\/klauskunze.com\/blog\/2024\/04\/19\/hat-sich-hoecke-strafbar-gemacht\/","name":"Hat sich H\u00f6cke strafbar gemacht? - Klaus Kunze","isPartOf":{"@id":"https:\/\/klauskunze.com\/blog\/#website"},"primaryImageOfPage":{"@id":"https:\/\/klauskunze.com\/blog\/2024\/04\/19\/hat-sich-hoecke-strafbar-gemacht\/#primaryimage"},"image":{"@id":"https:\/\/klauskunze.com\/blog\/2024\/04\/19\/hat-sich-hoecke-strafbar-gemacht\/#primaryimage"},"thumbnailUrl":"https:\/\/klauskunze.com\/blog\/wp-content\/uploads\/2024\/04\/DSC_0002a.jpg","datePublished":"2024-04-19T15:04:00+00:00","dateModified":"2024-04-25T06:08:04+00:00","breadcrumb":{"@id":"https:\/\/klauskunze.com\/blog\/2024\/04\/19\/hat-sich-hoecke-strafbar-gemacht\/#breadcrumb"},"inLanguage":"de","potentialAction":[{"@type":"ReadAction","target":["https:\/\/klauskunze.com\/blog\/2024\/04\/19\/hat-sich-hoecke-strafbar-gemacht\/"]}]},{"@type":"ImageObject","inLanguage":"de","@id":"https:\/\/klauskunze.com\/blog\/2024\/04\/19\/hat-sich-hoecke-strafbar-gemacht\/#primaryimage","url":"https:\/\/klauskunze.com\/blog\/wp-content\/uploads\/2024\/04\/DSC_0002a.jpg","contentUrl":"https:\/\/klauskunze.com\/blog\/wp-content\/uploads\/2024\/04\/DSC_0002a.jpg","width":800,"height":568},{"@type":"BreadcrumbList","@id":"https:\/\/klauskunze.com\/blog\/2024\/04\/19\/hat-sich-hoecke-strafbar-gemacht\/#breadcrumb","itemListElement":[{"@type":"ListItem","position":1,"name":"Startseite","item":"https:\/\/klauskunze.com\/blog\/"},{"@type":"ListItem","position":2,"name":"Hat sich H\u00f6cke strafbar gemacht?"}]},{"@type":"WebSite","@id":"https:\/\/klauskunze.com\/blog\/#website","url":"https:\/\/klauskunze.com\/blog\/","name":"Klaus Kunze","description":"Blog","publisher":{"@id":"https:\/\/klauskunze.com\/blog\/#\/schema\/person\/9c091cf30ab68b897db6a517e3c3b11b"},"potentialAction":[{"@type":"SearchAction","target":{"@type":"EntryPoint","urlTemplate":"https:\/\/klauskunze.com\/blog\/?s={search_term_string}"},"query-input":{"@type":"PropertyValueSpecification","valueRequired":true,"valueName":"search_term_string"}}],"inLanguage":"de"},{"@type":["Person","Organization"],"@id":"https:\/\/klauskunze.com\/blog\/#\/schema\/person\/9c091cf30ab68b897db6a517e3c3b11b","name":"Klaus Kunze","image":{"@type":"ImageObject","inLanguage":"de","@id":"https:\/\/secure.gravatar.com\/avatar\/5cd83cadbada9c331a79952fcca177ed3d3be4c7ad3239b9d934bf84adff15dd?s=96&d=blank&r=g","url":"https:\/\/secure.gravatar.com\/avatar\/5cd83cadbada9c331a79952fcca177ed3d3be4c7ad3239b9d934bf84adff15dd?s=96&d=blank&r=g","contentUrl":"https:\/\/secure.gravatar.com\/avatar\/5cd83cadbada9c331a79952fcca177ed3d3be4c7ad3239b9d934bf84adff15dd?s=96&d=blank&r=g","caption":"Klaus Kunze"},"logo":{"@id":"https:\/\/secure.gravatar.com\/avatar\/5cd83cadbada9c331a79952fcca177ed3d3be4c7ad3239b9d934bf84adff15dd?s=96&d=blank&r=g"},"sameAs":["http:\/\/KlausKunze.com","https:\/\/x.com\/https:\/\/twitter.com\/KlausKunze3"]}]}},"post_mailing_queue_ids":[],"_links":{"self":[{"href":"https:\/\/klauskunze.com\/blog\/wp-json\/wp\/v2\/posts\/6200","targetHints":{"allow":["GET"]}}],"collection":[{"href":"https:\/\/klauskunze.com\/blog\/wp-json\/wp\/v2\/posts"}],"about":[{"href":"https:\/\/klauskunze.com\/blog\/wp-json\/wp\/v2\/types\/post"}],"author":[{"embeddable":true,"href":"https:\/\/klauskunze.com\/blog\/wp-json\/wp\/v2\/users\/1"}],"replies":[{"embeddable":true,"href":"https:\/\/klauskunze.com\/blog\/wp-json\/wp\/v2\/comments?post=6200"}],"version-history":[{"count":14,"href":"https:\/\/klauskunze.com\/blog\/wp-json\/wp\/v2\/posts\/6200\/revisions"}],"predecessor-version":[{"id":6239,"href":"https:\/\/klauskunze.com\/blog\/wp-json\/wp\/v2\/posts\/6200\/revisions\/6239"}],"wp:featuredmedia":[{"embeddable":true,"href":"https:\/\/klauskunze.com\/blog\/wp-json\/wp\/v2\/media\/6206"}],"wp:attachment":[{"href":"https:\/\/klauskunze.com\/blog\/wp-json\/wp\/v2\/media?parent=6200"}],"wp:term":[{"taxonomy":"category","embeddable":true,"href":"https:\/\/klauskunze.com\/blog\/wp-json\/wp\/v2\/categories?post=6200"},{"taxonomy":"post_tag","embeddable":true,"href":"https:\/\/klauskunze.com\/blog\/wp-json\/wp\/v2\/tags?post=6200"}],"curies":[{"name":"wp","href":"https:\/\/api.w.org\/{rel}","templated":true}]}}