{"id":6526,"date":"2024-10-28T07:36:53","date_gmt":"2024-10-28T06:36:53","guid":{"rendered":"https:\/\/klauskunze.com\/blog\/?p=6526"},"modified":"2024-12-02T15:50:03","modified_gmt":"2024-12-02T14:50:03","slug":"wer-regiert-hier-eigentlich","status":"publish","type":"post","link":"https:\/\/klauskunze.com\/blog\/2024\/10\/28\/wer-regiert-hier-eigentlich\/","title":{"rendered":"Wer regiert hier eigentlich?"},"content":{"rendered":"\n<p><\/p>\n\n\n<div\n    id=\"h5ap-player-1\"\n    data-id=\"h5ap-player-1\"\n    data-attributes=\"{&quot;uniqueId&quot;:&quot;h5apb3a0d3a5&quot;,&quot;clientId&quot;:&quot;b3a0d3a5-225a-4a40-8156-9b995ebbde39&quot;,&quot;source&quot;:&quot;http:\\\/\\\/klauskunze.com\\\/blog\\\/download\\\/wer-regiert-hier-eigentlich\\\/?tmstv=1733067865&amp;v=6672&quot;,&quot;primaryColor&quot;:&quot;#4A5464&quot;,&quot;bgColor&quot;:&quot;#EEEEEE&quot;,&quot;CSS&quot;:&quot;#h5apb3a0d3a5 .plyr{justify-content: ;--plyr-color-main: #4A5464; --plyr-color-bg: #EEEEEE}#h5apb3a0d3a5 .h5ap_standard_player {width: 100%;}#h5apb3a0d3a5 .plyr__controls {--plyr-audio-control-color: #4a5464;background: #EEEEEE;border-radius:0px}#h5apb3a0d3a5 .radius{border-radius: 0px}#h5apb3a0d3a5 .skin_default .plyr__control,#h5apb3a0d3a5{--theme-skin-wave-color: #4A5464;}&quot;,&quot;align&quot;:&quot;&quot;,&quot;alignment&quot;:&quot;left&quot;,&quot;poster&quot;:&quot;&quot;,&quot;title&quot;:&quot;audio title&quot;,&quot;artist&quot;:&quot;&quot;,&quot;color&quot;:&quot;#87ceeb&quot;,&quot;hoverColor&quot;:&quot;#00B3FF&quot;,&quot;controlColor&quot;:&quot;#4a5464&quot;,&quot;skin&quot;:&quot;Default&quot;,&quot;repeat&quot;:false,&quot;autoplay&quot;:false,&quot;muted&quot;:false,&quot;loader&quot;:false,&quot;saveState&quot;:false,&quot;disablePause&quot;:false,&quot;seekTime&quot;:10,&quot;startTime&quot;:0,&quot;preload&quot;:&quot;metadata&quot;,&quot;download&quot;:true,&quot;width&quot;:&quot;100%&quot;,&quot;radius&quot;:&quot;0px&quot;,&quot;speed&quot;:{&quot;selected&quot;:1,&quot;speed&quot;:[&quot;0.5&quot;,&quot; 0.75&quot;,&quot; 1&quot;,&quot; 1.25&quot;,&quot; 1.5&quot;,&quot; 1.75&quot;,&quot; 2&quot;,&quot; 4&quot;,&quot; 8&quot;]},&quot;controls&quot;:{&quot;restart&quot;:false,&quot;rewind&quot;:false,&quot;play&quot;:true,&quot;fast-forward&quot;:false,&quot;progress&quot;:true,&quot;duration&quot;:false,&quot;current-time&quot;:true,&quot;mute&quot;:true,&quot;volume&quot;:true,&quot;settings&quot;:true,&quot;download&quot;:false},&quot;isSticky&quot;:false,&quot;multiple_audio&quot;:false,&quot;defaultValue&quot;:{&quot;Default&quot;:{&quot;primaryColor&quot;:&quot;#4A5464&quot;,&quot;controlColor&quot;:&quot;#4A5464&quot;,&quot;bgColor&quot;:&quot;#F5F5F5&quot;},&quot;Fusion&quot;:{&quot;primaryColor&quot;:&quot;#fff&quot;,&quot;bgColor&quot;:&quot;#161616&quot;,&quot;controlColor&quot;:&quot;#fff&quot;},&quot;Stamp&quot;:{&quot;controlColor&quot;:&quot;#fff&quot;,&quot;bgColor&quot;:&quot;#161616&quot;},&quot;Wave&quot;:{&quot;primaryColor&quot;:&quot;#fff&quot;,&quot;controlColor&quot;:&quot;#fff&quot;,&quot;bgColor&quot;:&quot;#161616&quot;,&quot;textColor&quot;:&quot;#fff&quot;},&quot;Card-1&quot;:{&quot;primaryColor&quot;:&quot;#fff&quot;,&quot;controlColor&quot;:&quot;#161616&quot;,&quot;bgColor&quot;:&quot;#161616&quot;,&quot;textColor&quot;:&quot;#fff&quot;},&quot;Card-2&quot;:{&quot;primaryColor&quot;:&quot;#00FBF3&quot;,&quot;controlColor&quot;:&quot;#fff&quot;,&quot;bgColor&quot;:&quot;#161616&quot;,&quot;textColor&quot;:&quot;#fff&quot;},&quot;Simple-1&quot;:{&quot;primaryColor&quot;:&quot;#00dcff&quot;,&quot;controlColor&quot;:&quot;#fff&quot;,&quot;bgColor&quot;:&quot;#161616&quot;,&quot;textColor&quot;:&quot;#00dcff&quot;},&quot;Simple-2&quot;:{&quot;primaryColor&quot;:&quot;#06F7FF00&quot;,&quot;controlColor&quot;:&quot;#fff&quot;,&quot;bgColor&quot;:&quot;#161616&quot;},&quot;Player9&quot;:{&quot;primaryColor&quot;:&quot;#195FF6&quot;,&quot;controlColor&quot;:&quot;#fff&quot;,&quot;bgColor&quot;:&quot;#161616&quot;,&quot;textColor&quot;:&quot;#EDEFF2&quot;},&quot;Player10&quot;:{&quot;primaryColor&quot;:&quot;#195FF6&quot;,&quot;controlColor&quot;:&quot;#fff&quot;,&quot;bgColor&quot;:&quot;#161616&quot;,&quot;textColor&quot;:&quot;#EDEFF2&quot;},&quot;Player11&quot;:{&quot;primaryColor&quot;:&quot;#195FF6&quot;,&quot;controlColor&quot;:&quot;#fff&quot;,&quot;bgColor&quot;:&quot;#161616&quot;,&quot;textColor&quot;:&quot;#fff&quot;}},&quot;i18n&quot;:{&quot;restart&quot;:&quot;Restart&quot;,&quot;rewind&quot;:&quot;Rewind {seektime}s&quot;,&quot;play&quot;:&quot;Play&quot;,&quot;pause&quot;:&quot;Pause&quot;,&quot;fastForward:&quot;:&quot;Forward {seektime}s&quot;,&quot;seek&quot;:&quot;Seek&quot;,&quot;seekLabel&quot;:&quot;{currentTime} of {duration}&quot;,&quot;played&quot;:&quot;Played&quot;,&quot;buffered&quot;:&quot;Buffered&quot;,&quot;currentTime:&quot;:&quot;Current time&quot;,&quot;duration&quot;:&quot;Duration&quot;,&quot;volume&quot;:&quot;Volume&quot;,&quot;mute&quot;:&quot;Mute&quot;,&quot;unmute&quot;:&quot;Unmute&quot;,&quot;enableCaptions&quot;:&quot;Enable captions&quot;,&quot;disableCaptions&quot;:&quot;Disable captions&quot;,&quot;download&quot;:&quot;Download&quot;,&quot;enterFullscreen&quot;:&quot;Enter fullscreen&quot;,&quot;exitFullscreen&quot;:&quot;Exit fullscreen&quot;,&quot;frameTitle&quot;:&quot;Player for {title}&quot;,&quot;captions&quot;:&quot;Captions&quot;,&quot;settings&quot;:&quot;Settings&quot;,&quot;pip&quot;:&quot;PIP&quot;,&quot;menuBack&quot;:&quot;Go back to previous menu&quot;,&quot;speed&quot;:&quot;Speed&quot;,&quot;normal&quot;:&quot;Normal&quot;,&quot;quality&quot;:&quot;Quality&quot;,&quot;loop&quot;:&quot;Loop&quot;,&quot;start&quot;:&quot;Start&quot;,&quot;end&quot;:&quot;End&quot;,&quot;all&quot;:&quot;All&quot;,&quot;reset&quot;:&quot;Reset&quot;,&quot;disabled&quot;:&quot;Disabled&quot;,&quot;enabled&quot;:&quot;Enabled&quot;,&quot;advertisement&quot;:&quot;Ad&quot;,&quot;qualityBadge&quot;:{&quot;2160&quot;:&quot;4K&quot;,&quot;1440&quot;:&quot;HD&quot;,&quot;1080&quot;:&quot;HD&quot;,&quot;720&quot;:&quot;HD&quot;,&quot;576&quot;:&quot;SD&quot;,&quot;480&quot;:&quot;SD&quot;}}}\"\n    class=\"wp-block-h5ap-tailwind wp-block-h5ap-audioplayer\">\n    <\/div>\n\n\n<p class=\"has-text-align-center\">H\u00f6ren statt lesen<\/p>\n\n\n\n<h2 class=\"wp-block-heading\">&#8222;Unsere Demokratie&#8220; zwischen Parlamentarismus und Plutokratie<\/h2>\n\n\n\n<p>Unser politisches Establishment ist links und findet dabei sein finanzielles Auskommen. Das vom urspr\u00fcnglich K\u00f6lner Soziologieprofessor <a href=\"https:\/\/de.wikipedia.org\/wiki\/Robert_Michels\">Robert Michels<\/a> schon 1911 gepr\u00e4gte Schlagwort vom ehernen Gesetz der Oligarchie hat sich wieder einmal erf\u00fcllt:<\/p>\n\n\n\n<p>Was die da oben als \u201eunsere Demokratie\u201c mit Z\u00e4hnen und Klauen verteidigen, ist tats\u00e4chlich: ihre Demokratie. Sie haben das politische System so genannt, weil der Begriff massentauglich ist und vielversprechend klingt. Wollten nicht schon die USA die ganze Welt <em>safe for democracy<\/em> machen? In Deutschland ist es ihnen gelungen.<\/p>\n\n\n\n<figure class=\"wp-block-gallery has-nested-images columns-default is-cropped wp-block-gallery-2 is-layout-flex wp-block-gallery-is-layout-flex\">\n<figure class=\"wp-block-image size-full\"><img loading=\"lazy\" decoding=\"async\" width=\"477\" height=\"600\" data-id=\"6651\" src=\"http:\/\/klauskunze.com\/blog\/wp-content\/uploads\/2024\/10\/s-l1600.jpg\" alt=\"\" class=\"wp-image-6651\" srcset=\"https:\/\/klauskunze.com\/blog\/wp-content\/uploads\/2024\/10\/s-l1600.jpg 477w, https:\/\/klauskunze.com\/blog\/wp-content\/uploads\/2024\/10\/s-l1600-239x300.jpg 239w\" sizes=\"auto, (max-width: 477px) 100vw, 477px\" \/><\/figure>\n\n\n\n<figure class=\"wp-block-image size-full\"><img loading=\"lazy\" decoding=\"async\" width=\"568\" height=\"668\" data-id=\"6655\" src=\"http:\/\/klauskunze.com\/blog\/wp-content\/uploads\/2024\/10\/0749.jpg\" alt=\"\" class=\"wp-image-6655\" srcset=\"https:\/\/klauskunze.com\/blog\/wp-content\/uploads\/2024\/10\/0749.jpg 568w, https:\/\/klauskunze.com\/blog\/wp-content\/uploads\/2024\/10\/0749-255x300.jpg 255w\" sizes=\"auto, (max-width: 568px) 100vw, 568px\" \/><\/figure>\n<\/figure>\n\n\n\n<p class=\"has-text-align-center\">Die amerikanische Kriegspropaganda &#8222;Making the world safe for democracy&#8220; (links Propagandapostkarte von 1918) wurde von der deutschen (<a href=\"https:\/\/klauskunze.com\/blog\/2019\/11\/26\/die-deutsch-amerikanische-echokammer\/\">antiamerikanische Grafik von 1944<\/a>) begierig aufgegriffen.<\/p>\n\n\n\n<p>Ihre politischen Lizenznehmer legten uns 1948 ein System nahe, das bei theoretischer sozialer Durchl\u00e4ssigkeit doch gew\u00e4hrleistet, da\u00df unser Land von einer mehr oder weniger gro\u00dfen politisch-medialen Funktionselite geleitet wird. Wer dazu geh\u00f6ren will, mu\u00df in ihrem totalen Parteienstaat so werden, wie die anderen da oben schon sind. Die Gesichter im Fernsehen wechseln gelegentlich, aber das System bleibt stabil. Deutsche m\u00f6gen Stabilit\u00e4t und da\u00df ihnen jemand das eigenst\u00e4ndige Denken abnimmt. Das waren sie vor 1948 schon zw\u00f6lf Jahre so gewohnt.<\/p>\n\n\n\n<p>Da\u00df \u201eDemokratie\u201c verfassungsrechtlich nicht unsere Staats- und Regierungsform ist, wei\u00df jeder Drittsemester. Unsere Staatsform ist Republik, und die Regierungsform ein Parlamentarismus, in dem der Bundestag das letztlich allm\u00e4chtige und allzust\u00e4ndige Staatsorgan ist. Letztlich hei\u00dft: Sp\u00e4testens im Ausnahmezustand, also wenn er will, kann der Bundestag von seiner Kompetenz-Kompetenz Gebrauch machen, seine Zust\u00e4ndigkeit also beliebig ausdehnen. Mit einer von ihm gew\u00e4hlten Regierung<a href=\"#_ftn1\" id=\"_ftnref1\">[1]<\/a> und von ihm ausgesuchten Bundesverfassungsrichtern beantwortet sich auch die Frage einer Gewaltenteilung von selbst.<\/p>\n\n\n\n<div class=\"wp-block-media-text is-stacked-on-mobile\"><figure class=\"wp-block-media-text__media\"><img loading=\"lazy\" decoding=\"async\" width=\"220\" height=\"293\" src=\"https:\/\/klauskunze.com\/blog\/wp-content\/uploads\/2024\/10\/Robert-michels.jpg\" alt=\"\" class=\"wp-image-6527 size-full\"\/><\/figure><div class=\"wp-block-media-text__content\">\n<p>Und im Innern dieses Parlaments herrschen Staatsparteien des Parteienstaats. Sie machen im Hinterzimmer in Koalitionsrunden vorher unter sich aus, was der Bundestag sp\u00e4ter beschlie\u00dft. Nach Ro\u00adbert Mi\u00adchels ehernem Gesetz der Oli\u00adgarchie \u00fcben in jedem Herr\u00adschaftssy\u00adstem nur we\u00adnige wirkli\u00adche Macht aus.<a href=\"#_ftn2\" id=\"_ftnref2\">[2]<\/a> <\/p>\n<\/div><\/div>\n\n\n\n<blockquote class=\"wp-block-quote is-layout-flow wp-block-quote-is-layout-flow\">\n<p>Man hat er\u00adrechnet, da\u00df die An\u00adzahl der Ari\u00adsto\u00adkraten im za\u00adristischen Ru\u00dfland, der aus\u00adschlag\u00adgeben\u00adden Lobby\u00adisten in den USA und der No\u00admen\u00adkla\u00adtura in der So\u00adwjet\u00adunion mit 4%-6% der Bev\u00f6l\u00adke\u00adrung immer ann\u00e4\u00adhernd gleich ist.<a href=\"#_ftn3\" id=\"_ftnref3\">[3]<\/a> Im Parteileben l\u00e4\u00dft sich die Beobachtung machen, da\u00df mit fortschreitender Entwicklung die Demokratie wieder eine r\u00fcckl\u00e4ufige Bewegung macht. Mit zunehmender Organisation ist die Demokratie im Schwinden begriffen.<\/p>\n\n\n\n<p>Robert Michels, Soziologie des Parteienwesens, 4.Aufl. 1989, ISBN 3-520-25004-7, S.26.<\/p>\n<\/blockquote>\n\n\n\n<p>Durch ein System wechselseitiger Abh\u00e4ngigkeiten sind diese Parteipolitiker verflochten mit einem sie st\u00fctzenden politisch-medialen Komplex, den sie Zivilgesellschaft nennen. Zu ihr z\u00e4hlen sie die \u00fcppig gedeihende Landschaft aus Nichtregierungsorganisationen, die in der laufenden Legislaturperiode mit hohen Millionenbetr\u00e4gen aus unseren Steuergeldern bezahlt wird und die alles das tun, was ein poltisch neutraler Staat von Rechts- und Verfassungs wegen nicht darf: Die Indoktrination des Wahlvolks mit der Ideologie ihrer Herrscher bis hin zur Meinungskontrolle durch dubiose \u201eTrusted Flaggers\u201c und \u00e4hnliche \u201eGatekeeper\u201c, Blockwarte des politisch Korrekten und Zensoren der auf Internetplattformen \u00f6ffentlich verbreiteten Meinungen.<\/p>\n\n\n\n<h2 class=\"wp-block-heading\">Liberalismus und Finanzkapitalismus<\/h2>\n\n\n\n<p>Die erw\u00fcnschte Staatsmeinung leitet sich aus Pr\u00e4missen des Liberalismus ab. Dessen Philosophie beruhte urspr\u00fcnglich auf dem metaphysischen Glauben an eine \u201e<a href=\"https:\/\/de.wikipedia.org\/wiki\/Unsichtbare_Hand\">unsichtbare Hand<\/a>\u201c, die das wirtschaftliche Gemeinwohl erzeugt, wenn man allen Akteuren freie Hand l\u00e4\u00dft. Sie erzeugt auch eine Art Surrogat von \u201eWahrheit\u201c, wenn man alle Akteure in herrschaftsfreiem Diskurs zu Wort kommen l\u00e4\u00dft, wie die Diskurstheorie des hochdekorierten Staatsphilosophen <a href=\"https:\/\/de.wikipedia.org\/wiki\/J%C3%BCrgen_Habermas\">Habermas <\/a>behauptet.<\/p>\n\n\n\n<blockquote class=\"wp-block-quote is-layout-flow wp-block-quote-is-layout-flow\">\n<p>Beide, die me\u00ad\u00adta\u00ad\u00ad\u00adphy\u00adsische Legi\u00adtimierung als <em>Li\u00adbera\u00adlismus <\/em>und ihre politi\u00adsche Ord\u00adnungs\u00ad\u00adform <em>Parla\u00admen\u00adta\u00adris\u00admus<\/em>, dienen letzt\u00adlich der Auf\u00adrecht\u00ader\u00adhal\u00adtung eines be\u00adstimm\u00adten Status quo, in dem sich die faktische Macht\u00adpo\u00adsi\u00adtion der\u00adjenigen nor\u00adma\u00adtiv aus\u00adpr\u00e4gt<a href=\"#_ftn4\" id=\"_ftnref4\">[4]<\/a> und sta\u00adbilisiert, die ih\u00adren \u00f6ko\u00adnomi\u00adschen Vor\u00adteil aus einer Wirt\u00adschafts\u00adverfas\u00adsung zie\u00adhen,<a href=\"#_ftn5\" id=\"_ftnref5\">[5]<\/a> in der ein freies Spiel der Kr\u00e4fte wei\u00adtest\u00adm\u00f6glich ist. F\u00fcr diese Wirt\u00adschaftsform hat sich die Be\u00adzeichnung <em>Kapitalis\u00admus <\/em>ein\u00adge\u00adb\u00fcr\u00adgert.<br>Klaus Kunze, Der totale Parteienstaat, 1995, S.15.<\/p>\n<\/blockquote>\n\n\n\n<div class=\"wp-block-media-text has-media-on-the-right is-stacked-on-mobile\"><div class=\"wp-block-media-text__content\">\n<p>Gegen soziale Markwirtschaft innerhalb eines Binnenmarktes ist politisch nichts einzuwenden. Dessen zu Wohlstand f\u00fchrende Spielregeln werden aber unterlaufen durch einen global agierenden reinen Finanzkapitalismus. Er f\u00fchrte die urliberale Metaphysik der unsichtbaren Hand ad absurdum. <\/p>\n<\/div><figure class=\"wp-block-media-text__media\"><a href=\"https:\/\/klauskunze.com\/heikun\/par\/index.htm\"><img loading=\"lazy\" decoding=\"async\" width=\"727\" height=\"1024\" src=\"https:\/\/klauskunze.com\/blog\/wp-content\/uploads\/2024\/10\/titel0015-727x1024.jpg\" alt=\"\" class=\"wp-image-6529 size-full\" srcset=\"https:\/\/klauskunze.com\/blog\/wp-content\/uploads\/2024\/10\/titel0015-727x1024.jpg 727w, https:\/\/klauskunze.com\/blog\/wp-content\/uploads\/2024\/10\/titel0015-213x300.jpg 213w, https:\/\/klauskunze.com\/blog\/wp-content\/uploads\/2024\/10\/titel0015-768x1082.jpg 768w, https:\/\/klauskunze.com\/blog\/wp-content\/uploads\/2024\/10\/titel0015-1090x1536.jpg 1090w, https:\/\/klauskunze.com\/blog\/wp-content\/uploads\/2024\/10\/titel0015-1453x2048.jpg 1453w, https:\/\/klauskunze.com\/blog\/wp-content\/uploads\/2024\/10\/titel0015-900x1268.jpg 900w, https:\/\/klauskunze.com\/blog\/wp-content\/uploads\/2024\/10\/titel0015-1280x1804.jpg 1280w, https:\/\/klauskunze.com\/blog\/wp-content\/uploads\/2024\/10\/titel0015.jpg 1760w\" sizes=\"auto, (max-width: 727px) 100vw, 727px\" \/><\/a><\/figure><\/div>\n\n\n\n<p>Es verhilft den Bewohnern eines Landes keineswegs zu Wohlstand, wenn Finanzoligarchen global agieren, deren Verm\u00f6gen h\u00f6her als die Staatshaushalte von Staaten sind.<\/p>\n\n\n\n<p>Auch die freie Meinungs\u00e4u\u00dferung als tragende Funktionsvoraussetzung jeder \u201edemokratischen Willensbildung von unten nach oben\u201c<a href=\"#_ftn6\" id=\"_ftnref6\">[6]<\/a> wird zur Farce, wenn der Bev\u00f6lkerung von Staatssendern vornehmlich genau die Meldungen serviert werden, die sie h\u00f6ren soll, w\u00e4hrend die Prediger und Sinnstifter in den Medienh\u00e4usern sie ideologisch vorkauen und nachbereiten.<a href=\"#_ftn7\" id=\"_ftnref7\">[7]<\/a><\/p>\n\n\n\n<p>Ausl\u00e4nder? Gastarbeiter? Fl\u00fcchtlinge? Migranten? Gefl\u00fcchtete? Welcher Euphemismus gilt diese Woche?<\/p>\n\n\n\n<blockquote class=\"wp-block-quote is-layout-flow wp-block-quote-is-layout-flow\">\n<p>\u201eHerrschaftsverh\u00e4ltnisse sind l\u00e4ngst \u201eDefinitionsverh\u00e4ltnisse\u201c<a href=\"#_ftn8\" id=\"_ftnref8\">[8]<\/a> Die Macht liegt heute dort, wo die Formeln und Begriffe entstehen, mit denen die Leitmedien Wirklichkeit beschreiben, und wo so auch bestimmt wird, wo wir hinschauen und wo nicht.<a href=\"#_ftn9\" id=\"_ftnref9\">[9]<\/a><br><\/p>\n\n\n\n<p>Michael Meyen, Der dressierte Nachwuchs, Berlin 2024, ISBN 978-3-910568-6, S.15.<\/p>\n<\/blockquote>\n\n\n\n<figure class=\"wp-block-image size-full\"><img loading=\"lazy\" decoding=\"async\" width=\"631\" height=\"1000\" src=\"https:\/\/klauskunze.com\/blog\/wp-content\/uploads\/2024\/10\/71C9vIxiFRL._UF10001000_QL80_.jpg\" alt=\"\" class=\"wp-image-6530\" srcset=\"https:\/\/klauskunze.com\/blog\/wp-content\/uploads\/2024\/10\/71C9vIxiFRL._UF10001000_QL80_.jpg 631w, https:\/\/klauskunze.com\/blog\/wp-content\/uploads\/2024\/10\/71C9vIxiFRL._UF10001000_QL80_-189x300.jpg 189w\" sizes=\"auto, (max-width: 631px) 100vw, 631px\" \/><\/figure>\n\n\n\n<p>Zu den Leitmedien z\u00e4hlen nicht nur die \u00f6ffentlich-rechtlichen, sondern auch rein privatrechtlich strukturierte. Wenn ein gro\u00dfer Teil unserer Presse direkt oder indirekt der SPD geh\u00f6rt, schlie\u00dft sich der Kreis. Folgt man der Spur des Geldes, findet man die gro\u00dfen Mitspieler im Hintergrund: h\u00e4ufig in \u00dcbersee wohnende Finanzoligarchen, die durch ihre NGOs und vielerlei Stiftungen, Beteiligungen und personellen Verflechtungen von au\u00dfen in innerstaatliche Willensbildungsprozesse eingreifen.<\/p>\n\n\n\n<blockquote class=\"wp-block-quote is-layout-flow wp-block-quote-is-layout-flow\">\n<p>Zwei Busse, sagt Mathias Br\u00f6ckers. Zwei Busse w\u00fcrden reichen, um die 80 Menschen auszunehmen, \u201edenen die H\u00e4lfte der gesamten Welt\u201c geh\u00f6rt und die bei Br\u00f6ckers wahlweise \u201eMultimillard\u00e4re\u201c oder \u201eOligarchen\u201c hei\u00dfen und an einer Stelle auch \u201eHerren des plutokratischen Neofeudalismus, der unsere (fassaden-)demokratischen, (pseudo-)martktwirtschaftlichen, (a-)sozialen Gesellschaftssysteme unter Kontrolle hat.<a href=\"#_ftn10\" id=\"_ftnref10\">[10]<\/a><\/p>\n\n\n\n<p>Michael Meyen, Der dressierte Nachwuchs, Berlin 2024, ISBN 978-3-910568-6, S.20.<\/p>\n<\/blockquote>\n\n\n\n<p>Ausgerechnet die Allerreichsten sind so m\u00e4chtig, weil der parlamentarische Liberalismus ein Gewaltmonopol f\u00fcr seinen Staat reklamiert und alle anderen Machtmittel au\u00dfer Anwendung gesetzt hat.<\/p>\n\n\n\n<blockquote class=\"wp-block-quote is-layout-flow wp-block-quote-is-layout-flow\">\n<p>Die Wahnidee, durch immerw\u00e4hrendes Ge\u00adspr\u00e4ch lie\u00dfe sich ir\u00adgend\u00adeine Art von Wahr\u00adheit finden oder lie\u00dfen sich reale Interessen\u00adgegen\u00ads\u00e4t\u00adze aufhe\u00adben, dient als Be\u00adru\u00adhi\u00adgungspille f\u00fcr alle, die als Den\u00adker viel kl\u00fc\u00adger, als K\u00e4mp\u00ad\u00adfer viel st\u00e4rker, als Ka\u00advaliere viel edel\u00adm\u00fcti\u00adger, als Phi\u00adlosophen viel mo\u00adra\u00adlischer, als Priester viel gl\u00e4u\u00adbiger oder als K\u00fcnst\u00adler viel sch\u00f6p\u00ad\u00adferi\u00adscher w\u00e4ren als diejenigen, die alle an\u00adderen durch einen ein\u00adfa\u00ad\u00adchen Trick von Den\u00adkern, K\u00e4mpfern, Kavalie\u00adren, Phi\u00adlo\u00adsophen, Prie\u00adstern oder K\u00fcnst\u00adlern zu Ver\u00adbrauchern herab\u00adgew\u00fcr\u00addigt ha\u00adben. Sie alle z\u00e4h\u00ad\u00adlen jetzt nichts mehr in ihren besten An\u00adlagen und gehorchen der Al\u00ad\u00adlein\u00adherr\u00adschaft des schn\u00f6\u00addesten aller Machtmit\u00adtel: des Geldes. Wo der zahnlo\u00adse Diskurs zur alleinigen Mo\u00adral er\u00adho\u00adben wird, die finan\u00adziel\u00adle Beherr\u00adschung anderer aber erlaubt bleibt, herr\u00ad\u00adschen dieje\u00adnigen, die finanziell zubei\u00dfen k\u00f6n\u00adnen. Darum ist die Haber\u00admas&#8217;sche Dis\u00adkurs\u00adtheorie die &#8222;Rechtsphiloso\u00adphie f\u00fcr den mo\u00adralisie\u00adrenden Handels\u00adstaat.&#8220;<a href=\"#_ftn11\" id=\"_ftnref11\">[11]<\/a><\/p>\n\n\n\n<p>Klaus Kunze, Mut zur Freiheit, 1.Aufl. 1995, ISBN 3-924396-43-4., S.171<\/p>\n<\/blockquote>\n\n\n<div class=\"wp-block-image\">\n<figure class=\"aligncenter size-full\"><a href=\"https:\/\/klauskunze.com\/heikun\/mut\/index.htm\"><img loading=\"lazy\" decoding=\"async\" width=\"250\" height=\"355\" src=\"https:\/\/klauskunze.com\/blog\/wp-content\/uploads\/2024\/10\/1995k.jpg\" alt=\"\" class=\"wp-image-6531\" srcset=\"https:\/\/klauskunze.com\/blog\/wp-content\/uploads\/2024\/10\/1995k.jpg 250w, https:\/\/klauskunze.com\/blog\/wp-content\/uploads\/2024\/10\/1995k-211x300.jpg 211w\" sizes=\"auto, (max-width: 250px) 100vw, 250px\" \/><\/a><\/figure>\n<\/div>\n\n\n<p>Damit werden in einem \u201eplutokratischen Neofeudalismus\u201c (Mathias Br\u00f6ckers) automatisch die reichsten Leute zu den M\u00e4chtigsten, weil sie mit ihrer Geldmacht die internen Spielregeln einzelner Staaten unterwandern und diese nach ihren Bed\u00fcrfnissen subtil lenken k\u00f6nnen &#8211; wenn, ja wenn sie sich nicht irgendwann mit ihren Ambitionen gegenseitig auf den F\u00fc\u00dfen stehen. Dann entbrennen Geld- und Propagandaschlachten wie zwischen Bill Gates und Elon Musk, von denen zur Zeit der eine den hinter Joe Biden stehenden linksliberalen Deep State st\u00fctzt, der andere sich aber f\u00fcr Trump entschieden hat. Seit seiner feindlichen \u00dcbernahme von Twitter sind sich Musk und das linke amerikanische Politestablishment n\u00e4mlich spinnefeind.<\/p>\n\n\n\n<p>Dieses verdient an der liberalen Einwanderungspolitik und der Biden\u2019schen Kriegspolitik in der Ukraine n\u00e4mlich hervorragend. So nimmt es nicht Wunder, da\u00df der deutsche Appendix des <em>Liberalism<\/em> lieber heute als morgen in diesen Krieg ziehen m\u00f6chte, wie eine notorische Kampfkr\u00e4he unserer FDP jetzt forderte &#8211; alles brav im Rahmen der NATO, versteht sich, nicht etwa sie pers\u00f6nlich.<\/p>\n\n\n\n<h2 class=\"wp-block-heading\">Wer regiert hier eigentlich?<\/h2>\n\n\n\n<p>Michael Meyen zitiert ausf\u00fchrlich den 2015 verstorbenen US-Politologen <a href=\"https:\/\/de.wikipedia.org\/wiki\/Sheldon_Wolin\">Sheldon S. Wolin<\/a>:<\/p>\n\n\n\n<blockquote class=\"wp-block-quote is-layout-flow wp-block-quote-is-layout-flow\">\n<p>La\u00dft euch nicht von dem Demokratie-Gerede einlullen. Schaut doch einfach hin, wenn ihr wissen wollt, wer wirklich regiert. Dann seht ihr, da\u00df der Staat die Konzerne geheiratet hat und da\u00df beide alle anderen Formen der Macht adoptieren und alimentieren. Kirchen, Wissenschaft, Technik, Kultur. Hier beim Staat, Milit\u00e4r und Gewaltmonopol, und dort, bei den Konzernen, das Geld, das heute auch die Autorit\u00e4t und die Ressourcen nutzt, die sich aus Wahlen, politischer Rhetorik und Steuern speisen.<\/p>\n\n\n\n<p>Sheldon S. Wolin, Umgekehrter Totalitarismus, Frankfurt\/M. 2022, S.56, 70, 192, 221.<a href=\"#_ftn12\" id=\"_ftnref12\">[12]<\/a><\/p>\n<\/blockquote>\n\n\n\n<p>Wolins Aufforderung, zu schauen, wer wirklich regiert, fand vor einigen Wochen volle Best\u00e4tigung angesichts des senilen und offenkundig entscheidungsunf\u00e4higen Pr\u00e4sidenten Biden.<\/p>\n\n\n\n<p>Wer in Deutschland wirklich regiert, wird sich finden. Es sind jedenfalls Angeh\u00f6rige der Funktionseliten, die ihr finanzielles Auskommen und damit wieder ihre Geldmacht darin finden, \u201cihre Demokratie\u201c um jeden Preis aufrechtzuerhalten. Rainer Mausfeld<\/p>\n\n\n\n<blockquote class=\"wp-block-quote is-layout-flow wp-block-quote-is-layout-flow\">\n<p>hat gezeigt, da\u00df Wahlen nie und nimmer frei sein k\u00f6nnen, solange die Meinungsbildung manipuliert wird und Parlamente mit Vertretern, die angeblich f\u00fcr uns alle stehen, schon lange vor unserer Zeit erkannt worden sind als \u201edie kosteng\u00fcnstigste, wirksamste und stabilste Form der Machtaus\u00fcbung.&#8220;<\/p>\n\n\n\n<p>Rainer Mausfeld, Hybris und Nemesis, Frankfurt\/M. 2023, S.454, 466.<a href=\"#_ftn13\" id=\"_ftnref13\">[13]<\/a><\/p>\n<\/blockquote>\n\n\n\n<p>Es best\u00e4tigt die Gesetzm\u00e4\u00dfigkeiten politischer Debatten, da\u00df die hier von rechts rezipierten und zitierten Autoren durchweg Linke waren und sind, begonnen bei dem urspr\u00fcnglichen SPD-Mitglied Robert Michels \u00fcber Michael Meyen, der seinen Weg im \u201eRoten Kloster\u201c begann, der journalistischen Kaderschmiede der DDR, dem <em>taz<\/em>-Autor Mathias Br\u00f6ker und den linken Professoren Sheldon S. Wolin und Rainer Mausfeld. Die westliche Plutokratie bedroht ihre Uranliegen nach Gleichheit, Emanzipation und Selbstbestimmung ebenso wie die rechten Grundbed\u00fcrfnisse nach Freiheit und Identit\u00e4t.<\/p>\n\n\n\n<p>Im politischen Kr\u00e4fteparallelogramm gibt es \u00fcberall dort \u00dcbereinstimmungen mit Gegnern, wenn es gegen einen Dritten geht. So stimmen rechte und linke Kritik am Liberalismus und Finanzkapitalismus strukturell \u00fcberein. Ebenso verh\u00e4lt es sich zwischen der Rechten und dem Katholizismus, wenn es gegen Sozialismus und Konsorten geht, und so fort.<\/p>\n\n\n\n<p>\u201eUnsere Demokratie\u201c dieser Plutokraten hat mit unseren Ideen einer Demokratie als Volksherrschaft von unten, dem Volk, hinauf zu den Staatsorganen nichts zu tun, setzt die Spielregeln demokratischer Selbstorganisation au\u00dfer Kraft, w\u00e4scht unseren Landsleuten tagt\u00e4glich die Gehirne mit einer globalistischen Propaganda und zerst\u00f6rt das nationale Selbstbewu\u00dftsein unseres Volkes.<\/p>\n\n\n\n<p>Wohin uns das gef\u00fchrt hat, k\u00f6nnen wir jeden Tag auf den Stra\u00dfen unserer St\u00e4dte erleben.<\/p>\n\n\n\n<p><\/p>\n\n\n\n<h2 class=\"wp-block-heading\">Lesen Sie zum Thema Pluralismus gern hier weiter:<\/h2>\n\n\n\n<figure class=\"wp-block-embed is-type-wp-embed is-provider-klaus-kunze wp-block-embed-klaus-kunze\"><div class=\"wp-block-embed__wrapper\">\n<blockquote class=\"wp-embedded-content\" data-secret=\"gdLUEncgAQ\"><a href=\"https:\/\/klauskunze.com\/blog\/2024\/12\/02\/plutokratie-schreckgespenst-oder-realitaet\/\">Plutokratie &#8211; Schreckgespenst oder Realit\u00e4t?<\/a><\/blockquote><iframe loading=\"lazy\" class=\"wp-embedded-content\" sandbox=\"allow-scripts\" security=\"restricted\" style=\"position: absolute; visibility: hidden;\" title=\"&#8222;Plutokratie &#8211; Schreckgespenst oder Realit\u00e4t?&#8220; &#8212; Klaus Kunze\" src=\"https:\/\/klauskunze.com\/blog\/2024\/12\/02\/plutokratie-schreckgespenst-oder-realitaet\/embed\/#?secret=If0tQOH7Aq#?secret=gdLUEncgAQ\" data-secret=\"gdLUEncgAQ\" width=\"600\" height=\"338\" frameborder=\"0\" marginwidth=\"0\" marginheight=\"0\" scrolling=\"no\"><\/iframe>\n<\/div><\/figure>\n\n\n\n<hr class=\"wp-block-separator has-alpha-channel-opacity\"\/>\n\n\n\n<p><a href=\"#_ftnref1\" id=\"_ftn1\">[1]<\/a> Deren Bundeskanzler der Bundestag unmittelbar w\u00e4hlt, der die anderen Regierungsmitglieder bestimmt, aber jederzeit abgew\u00e4hlt werden kann.<\/p>\n\n\n\n<p><a href=\"#_ftnref2\" id=\"_ftn2\">[2]<\/a> Robert Michels, Soziologie des Parteienwesens, 4.Aufl. 1989, ISBN 3-520-25004-7, S.13, 351 f., 354 beruft sich seinerseits auf Vorl\u00e4ufer wie Vilfredo Pareto und seine Th\u00e9orie de la circulation des \u00e9lites. Vgl. Michael Freund, Eliten und Elite-Begriffe, Herder-Initia\u00adtive Bd.29, Hrg.Gerd-Klaus Kal\u00adten\u00adbrunner, Freiburg 1977, S.28 (35), S.28 (35).<\/p>\n\n\n\n<p><a href=\"#_ftnref3\" id=\"_ftn3\">[3]<\/a> Kon\u00adrad Lorenz, Der Abbau des Menschlichen, S.222.<\/p>\n\n\n\n<p><a href=\"#_ftnref4\" id=\"_ftn4\">[4]<\/a> Jellinek, Allgemeine Staatslehre, S.337 ff.<\/p>\n\n\n\n<p><a href=\"#_ftnref5\" id=\"_ftn5\">[5]<\/a> Carl Schmitt, Der Begriff des Politischen, S.66.<\/p>\n\n\n\n<p><a href=\"#_ftnref6\" id=\"_ftn6\">[6]<\/a> Essential der Demokratie nach der st\u00e4ndigen Rechtsprechung des Bundesverfassungsgerichts.<\/p>\n\n\n\n<p><a href=\"#_ftnref7\" id=\"_ftn7\">[7]<\/a> Vgl. im einzelnen Klaus Kunze, Die sanfte Gehirnw\u00e4sche, 2020, ISBN 978-910087-21-7, S.85 ff.<\/p>\n\n\n\n<p><a href=\"#_ftnref8\" id=\"_ftn8\">[8]<\/a> Ulrich Beck, Die Metamorphose der Welt, Berlin 2017, S.129, 132.<\/p>\n\n\n\n<p><a href=\"#_ftnref9\" id=\"_ftn9\">[9]<\/a> Michael Meyen, Die Propaganda-Matrix, M\u00fcnchen 2021.<\/p>\n\n\n\n<p><a href=\"#_ftnref10\" id=\"_ftn10\">[10]<\/a> Mathias Br\u00f6ckers, Klimal\u00fcgner, Solothurn 2020, S.79-81.<\/p>\n\n\n\n<p><a href=\"#_ftnref11\" id=\"_ftn11\">[11]<\/a> Christoph Sch\u00f6nberger, in: Der Staat, Bd.33, 1994, Heft 1, S.124.<\/p>\n\n\n\n<p><a href=\"#_ftnref12\" id=\"_ftn12\">[12]<\/a> Sheldon Wolin, hier zitiert nach Michael Meyen, ebenda S.22.<\/p>\n\n\n\n<p><a href=\"#_ftnref13\" id=\"_ftn13\">[13]<\/a> Rainer Mausfeld, Hybris und Nemesis, Frankfurt\/M. 2023, S.454, 466, hier zitiert nach Michael Meyen, ebend, S.76.<\/p>\n","protected":false},"excerpt":{"rendered":"<p>H\u00f6ren statt lesen &#8222;Unsere Demokratie&#8220; zwischen Parlamentarismus und Plutokratie Unser politisches Establishment ist links und findet dabei sein finanzielles Auskommen. Das vom urspr\u00fcnglich K\u00f6lner Soziologieprofessor Robert Michels schon 1911 gepr\u00e4gte Schlagwort vom ehernen Gesetz der Oligarchie hat sich wieder einmal erf\u00fcllt: Was die da oben als \u201eunsere Demokratie\u201c mit Z\u00e4hnen und Klauen verteidigen, ist tats\u00e4chlich: [&hellip;]<\/p>\n","protected":false},"author":1,"featured_media":6542,"comment_status":"open","ping_status":"open","sticky":false,"template":"","format":"standard","meta":{"h5ap_radio_sources":[],"twitterCardType":"","cardImageID":0,"cardImage":"","cardTitle":"","cardDesc":"","cardImageAlt":"","cardPlayer":"","cardPlayerWidth":0,"cardPlayerHeight":0,"cardPlayerStream":"","cardPlayerCodec":"","footnotes":""},"categories":[1,20,17],"tags":[],"class_list":["post-6526","post","type-post","status-publish","format-standard","has-post-thumbnail","hentry","category-allgemein","category-philosophie","category-politik"],"yoast_head":"<!-- This site is optimized with the Yoast SEO plugin v27.5 - https:\/\/yoast.com\/product\/yoast-seo-wordpress\/ -->\n<title>Wer regiert hier eigentlich? - Klaus Kunze<\/title>\n<meta name=\"robots\" content=\"index, follow, max-snippet:-1, max-image-preview:large, max-video-preview:-1\" \/>\n<link rel=\"canonical\" href=\"https:\/\/klauskunze.com\/blog\/2024\/10\/28\/wer-regiert-hier-eigentlich\/\" \/>\n<meta property=\"og:locale\" content=\"de_DE\" \/>\n<meta property=\"og:type\" content=\"article\" \/>\n<meta property=\"og:title\" content=\"Wer regiert hier eigentlich? - Klaus Kunze\" \/>\n<meta property=\"og:description\" content=\"H\u00f6ren statt lesen &#8222;Unsere Demokratie&#8220; zwischen Parlamentarismus und Plutokratie Unser politisches Establishment ist links und findet dabei sein finanzielles Auskommen. Das vom urspr\u00fcnglich K\u00f6lner Soziologieprofessor Robert Michels schon 1911 gepr\u00e4gte Schlagwort vom ehernen Gesetz der Oligarchie hat sich wieder einmal erf\u00fcllt: Was die da oben als \u201eunsere Demokratie\u201c mit Z\u00e4hnen und Klauen verteidigen, ist tats\u00e4chlich: [&hellip;]\" \/>\n<meta property=\"og:url\" content=\"https:\/\/klauskunze.com\/blog\/2024\/10\/28\/wer-regiert-hier-eigentlich\/\" \/>\n<meta property=\"og:site_name\" content=\"Klaus Kunze\" \/>\n<meta property=\"article:published_time\" content=\"2024-10-28T06:36:53+00:00\" \/>\n<meta property=\"article:modified_time\" content=\"2024-12-02T14:50:03+00:00\" \/>\n<meta property=\"og:image\" content=\"http:\/\/klauskunze.com\/blog\/wp-content\/uploads\/2024\/10\/kunze-finance-_1280.jpg\" \/>\n\t<meta property=\"og:image:width\" content=\"1280\" \/>\n\t<meta property=\"og:image:height\" content=\"644\" \/>\n\t<meta property=\"og:image:type\" content=\"image\/jpeg\" \/>\n<meta name=\"author\" content=\"Klaus Kunze\" \/>\n<meta name=\"twitter:label1\" content=\"Verfasst von\" \/>\n\t<meta name=\"twitter:data1\" content=\"Klaus Kunze\" \/>\n\t<meta name=\"twitter:label2\" content=\"Gesch\u00e4tzte Lesezeit\" \/>\n\t<meta name=\"twitter:data2\" content=\"10\u00a0Minuten\" \/>\n<script type=\"application\/ld+json\" class=\"yoast-schema-graph\">{\"@context\":\"https:\\\/\\\/schema.org\",\"@graph\":[{\"@type\":\"Article\",\"@id\":\"https:\\\/\\\/klauskunze.com\\\/blog\\\/2024\\\/10\\\/28\\\/wer-regiert-hier-eigentlich\\\/#article\",\"isPartOf\":{\"@id\":\"https:\\\/\\\/klauskunze.com\\\/blog\\\/2024\\\/10\\\/28\\\/wer-regiert-hier-eigentlich\\\/\"},\"author\":{\"name\":\"Klaus Kunze\",\"@id\":\"https:\\\/\\\/klauskunze.com\\\/blog\\\/#\\\/schema\\\/person\\\/9c091cf30ab68b897db6a517e3c3b11b\"},\"headline\":\"Wer regiert hier eigentlich?\",\"datePublished\":\"2024-10-28T06:36:53+00:00\",\"dateModified\":\"2024-12-02T14:50:03+00:00\",\"mainEntityOfPage\":{\"@id\":\"https:\\\/\\\/klauskunze.com\\\/blog\\\/2024\\\/10\\\/28\\\/wer-regiert-hier-eigentlich\\\/\"},\"wordCount\":2018,\"commentCount\":2,\"publisher\":{\"@id\":\"https:\\\/\\\/klauskunze.com\\\/blog\\\/#\\\/schema\\\/person\\\/9c091cf30ab68b897db6a517e3c3b11b\"},\"image\":{\"@id\":\"https:\\\/\\\/klauskunze.com\\\/blog\\\/2024\\\/10\\\/28\\\/wer-regiert-hier-eigentlich\\\/#primaryimage\"},\"thumbnailUrl\":\"https:\\\/\\\/klauskunze.com\\\/blog\\\/wp-content\\\/uploads\\\/2024\\\/10\\\/kunze-finance-_1280.jpg\",\"articleSection\":{\"1\":\"Philosophie\",\"2\":\"Politik\"},\"inLanguage\":\"de\",\"potentialAction\":[{\"@type\":\"CommentAction\",\"name\":\"Comment\",\"target\":[\"https:\\\/\\\/klauskunze.com\\\/blog\\\/2024\\\/10\\\/28\\\/wer-regiert-hier-eigentlich\\\/#respond\"]}]},{\"@type\":\"WebPage\",\"@id\":\"https:\\\/\\\/klauskunze.com\\\/blog\\\/2024\\\/10\\\/28\\\/wer-regiert-hier-eigentlich\\\/\",\"url\":\"https:\\\/\\\/klauskunze.com\\\/blog\\\/2024\\\/10\\\/28\\\/wer-regiert-hier-eigentlich\\\/\",\"name\":\"Wer regiert hier eigentlich? - Klaus Kunze\",\"isPartOf\":{\"@id\":\"https:\\\/\\\/klauskunze.com\\\/blog\\\/#website\"},\"primaryImageOfPage\":{\"@id\":\"https:\\\/\\\/klauskunze.com\\\/blog\\\/2024\\\/10\\\/28\\\/wer-regiert-hier-eigentlich\\\/#primaryimage\"},\"image\":{\"@id\":\"https:\\\/\\\/klauskunze.com\\\/blog\\\/2024\\\/10\\\/28\\\/wer-regiert-hier-eigentlich\\\/#primaryimage\"},\"thumbnailUrl\":\"https:\\\/\\\/klauskunze.com\\\/blog\\\/wp-content\\\/uploads\\\/2024\\\/10\\\/kunze-finance-_1280.jpg\",\"datePublished\":\"2024-10-28T06:36:53+00:00\",\"dateModified\":\"2024-12-02T14:50:03+00:00\",\"breadcrumb\":{\"@id\":\"https:\\\/\\\/klauskunze.com\\\/blog\\\/2024\\\/10\\\/28\\\/wer-regiert-hier-eigentlich\\\/#breadcrumb\"},\"inLanguage\":\"de\",\"potentialAction\":[{\"@type\":\"ReadAction\",\"target\":[\"https:\\\/\\\/klauskunze.com\\\/blog\\\/2024\\\/10\\\/28\\\/wer-regiert-hier-eigentlich\\\/\"]}]},{\"@type\":\"ImageObject\",\"inLanguage\":\"de\",\"@id\":\"https:\\\/\\\/klauskunze.com\\\/blog\\\/2024\\\/10\\\/28\\\/wer-regiert-hier-eigentlich\\\/#primaryimage\",\"url\":\"https:\\\/\\\/klauskunze.com\\\/blog\\\/wp-content\\\/uploads\\\/2024\\\/10\\\/kunze-finance-_1280.jpg\",\"contentUrl\":\"https:\\\/\\\/klauskunze.com\\\/blog\\\/wp-content\\\/uploads\\\/2024\\\/10\\\/kunze-finance-_1280.jpg\",\"width\":1280,\"height\":644},{\"@type\":\"BreadcrumbList\",\"@id\":\"https:\\\/\\\/klauskunze.com\\\/blog\\\/2024\\\/10\\\/28\\\/wer-regiert-hier-eigentlich\\\/#breadcrumb\",\"itemListElement\":[{\"@type\":\"ListItem\",\"position\":1,\"name\":\"Startseite\",\"item\":\"https:\\\/\\\/klauskunze.com\\\/blog\\\/\"},{\"@type\":\"ListItem\",\"position\":2,\"name\":\"Wer regiert hier eigentlich?\"}]},{\"@type\":\"WebSite\",\"@id\":\"https:\\\/\\\/klauskunze.com\\\/blog\\\/#website\",\"url\":\"https:\\\/\\\/klauskunze.com\\\/blog\\\/\",\"name\":\"Klaus Kunze\",\"description\":\"Blog\",\"publisher\":{\"@id\":\"https:\\\/\\\/klauskunze.com\\\/blog\\\/#\\\/schema\\\/person\\\/9c091cf30ab68b897db6a517e3c3b11b\"},\"potentialAction\":[{\"@type\":\"SearchAction\",\"target\":{\"@type\":\"EntryPoint\",\"urlTemplate\":\"https:\\\/\\\/klauskunze.com\\\/blog\\\/?s={search_term_string}\"},\"query-input\":{\"@type\":\"PropertyValueSpecification\",\"valueRequired\":true,\"valueName\":\"search_term_string\"}}],\"inLanguage\":\"de\"},{\"@type\":[\"Person\",\"Organization\"],\"@id\":\"https:\\\/\\\/klauskunze.com\\\/blog\\\/#\\\/schema\\\/person\\\/9c091cf30ab68b897db6a517e3c3b11b\",\"name\":\"Klaus Kunze\",\"image\":{\"@type\":\"ImageObject\",\"inLanguage\":\"de\",\"@id\":\"https:\\\/\\\/secure.gravatar.com\\\/avatar\\\/5cd83cadbada9c331a79952fcca177ed3d3be4c7ad3239b9d934bf84adff15dd?s=96&d=blank&r=g\",\"url\":\"https:\\\/\\\/secure.gravatar.com\\\/avatar\\\/5cd83cadbada9c331a79952fcca177ed3d3be4c7ad3239b9d934bf84adff15dd?s=96&d=blank&r=g\",\"contentUrl\":\"https:\\\/\\\/secure.gravatar.com\\\/avatar\\\/5cd83cadbada9c331a79952fcca177ed3d3be4c7ad3239b9d934bf84adff15dd?s=96&d=blank&r=g\",\"caption\":\"Klaus Kunze\"},\"logo\":{\"@id\":\"https:\\\/\\\/secure.gravatar.com\\\/avatar\\\/5cd83cadbada9c331a79952fcca177ed3d3be4c7ad3239b9d934bf84adff15dd?s=96&d=blank&r=g\"},\"sameAs\":[\"http:\\\/\\\/KlausKunze.com\",\"https:\\\/\\\/x.com\\\/https:\\\/\\\/twitter.com\\\/KlausKunze3\"]}]}<\/script>\n<!-- \/ Yoast SEO plugin. -->","yoast_head_json":{"title":"Wer regiert hier eigentlich? - Klaus Kunze","robots":{"index":"index","follow":"follow","max-snippet":"max-snippet:-1","max-image-preview":"max-image-preview:large","max-video-preview":"max-video-preview:-1"},"canonical":"https:\/\/klauskunze.com\/blog\/2024\/10\/28\/wer-regiert-hier-eigentlich\/","og_locale":"de_DE","og_type":"article","og_title":"Wer regiert hier eigentlich? - Klaus Kunze","og_description":"H\u00f6ren statt lesen &#8222;Unsere Demokratie&#8220; zwischen Parlamentarismus und Plutokratie Unser politisches Establishment ist links und findet dabei sein finanzielles Auskommen. Das vom urspr\u00fcnglich K\u00f6lner Soziologieprofessor Robert Michels schon 1911 gepr\u00e4gte Schlagwort vom ehernen Gesetz der Oligarchie hat sich wieder einmal erf\u00fcllt: Was die da oben als \u201eunsere Demokratie\u201c mit Z\u00e4hnen und Klauen verteidigen, ist tats\u00e4chlich: [&hellip;]","og_url":"https:\/\/klauskunze.com\/blog\/2024\/10\/28\/wer-regiert-hier-eigentlich\/","og_site_name":"Klaus Kunze","article_published_time":"2024-10-28T06:36:53+00:00","article_modified_time":"2024-12-02T14:50:03+00:00","og_image":[{"width":1280,"height":644,"url":"http:\/\/klauskunze.com\/blog\/wp-content\/uploads\/2024\/10\/kunze-finance-_1280.jpg","type":"image\/jpeg"}],"author":"Klaus Kunze","twitter_misc":{"Verfasst von":"Klaus Kunze","Gesch\u00e4tzte Lesezeit":"10\u00a0Minuten"},"schema":{"@context":"https:\/\/schema.org","@graph":[{"@type":"Article","@id":"https:\/\/klauskunze.com\/blog\/2024\/10\/28\/wer-regiert-hier-eigentlich\/#article","isPartOf":{"@id":"https:\/\/klauskunze.com\/blog\/2024\/10\/28\/wer-regiert-hier-eigentlich\/"},"author":{"name":"Klaus Kunze","@id":"https:\/\/klauskunze.com\/blog\/#\/schema\/person\/9c091cf30ab68b897db6a517e3c3b11b"},"headline":"Wer regiert hier eigentlich?","datePublished":"2024-10-28T06:36:53+00:00","dateModified":"2024-12-02T14:50:03+00:00","mainEntityOfPage":{"@id":"https:\/\/klauskunze.com\/blog\/2024\/10\/28\/wer-regiert-hier-eigentlich\/"},"wordCount":2018,"commentCount":2,"publisher":{"@id":"https:\/\/klauskunze.com\/blog\/#\/schema\/person\/9c091cf30ab68b897db6a517e3c3b11b"},"image":{"@id":"https:\/\/klauskunze.com\/blog\/2024\/10\/28\/wer-regiert-hier-eigentlich\/#primaryimage"},"thumbnailUrl":"https:\/\/klauskunze.com\/blog\/wp-content\/uploads\/2024\/10\/kunze-finance-_1280.jpg","articleSection":{"1":"Philosophie","2":"Politik"},"inLanguage":"de","potentialAction":[{"@type":"CommentAction","name":"Comment","target":["https:\/\/klauskunze.com\/blog\/2024\/10\/28\/wer-regiert-hier-eigentlich\/#respond"]}]},{"@type":"WebPage","@id":"https:\/\/klauskunze.com\/blog\/2024\/10\/28\/wer-regiert-hier-eigentlich\/","url":"https:\/\/klauskunze.com\/blog\/2024\/10\/28\/wer-regiert-hier-eigentlich\/","name":"Wer regiert hier eigentlich? - Klaus Kunze","isPartOf":{"@id":"https:\/\/klauskunze.com\/blog\/#website"},"primaryImageOfPage":{"@id":"https:\/\/klauskunze.com\/blog\/2024\/10\/28\/wer-regiert-hier-eigentlich\/#primaryimage"},"image":{"@id":"https:\/\/klauskunze.com\/blog\/2024\/10\/28\/wer-regiert-hier-eigentlich\/#primaryimage"},"thumbnailUrl":"https:\/\/klauskunze.com\/blog\/wp-content\/uploads\/2024\/10\/kunze-finance-_1280.jpg","datePublished":"2024-10-28T06:36:53+00:00","dateModified":"2024-12-02T14:50:03+00:00","breadcrumb":{"@id":"https:\/\/klauskunze.com\/blog\/2024\/10\/28\/wer-regiert-hier-eigentlich\/#breadcrumb"},"inLanguage":"de","potentialAction":[{"@type":"ReadAction","target":["https:\/\/klauskunze.com\/blog\/2024\/10\/28\/wer-regiert-hier-eigentlich\/"]}]},{"@type":"ImageObject","inLanguage":"de","@id":"https:\/\/klauskunze.com\/blog\/2024\/10\/28\/wer-regiert-hier-eigentlich\/#primaryimage","url":"https:\/\/klauskunze.com\/blog\/wp-content\/uploads\/2024\/10\/kunze-finance-_1280.jpg","contentUrl":"https:\/\/klauskunze.com\/blog\/wp-content\/uploads\/2024\/10\/kunze-finance-_1280.jpg","width":1280,"height":644},{"@type":"BreadcrumbList","@id":"https:\/\/klauskunze.com\/blog\/2024\/10\/28\/wer-regiert-hier-eigentlich\/#breadcrumb","itemListElement":[{"@type":"ListItem","position":1,"name":"Startseite","item":"https:\/\/klauskunze.com\/blog\/"},{"@type":"ListItem","position":2,"name":"Wer regiert hier eigentlich?"}]},{"@type":"WebSite","@id":"https:\/\/klauskunze.com\/blog\/#website","url":"https:\/\/klauskunze.com\/blog\/","name":"Klaus Kunze","description":"Blog","publisher":{"@id":"https:\/\/klauskunze.com\/blog\/#\/schema\/person\/9c091cf30ab68b897db6a517e3c3b11b"},"potentialAction":[{"@type":"SearchAction","target":{"@type":"EntryPoint","urlTemplate":"https:\/\/klauskunze.com\/blog\/?s={search_term_string}"},"query-input":{"@type":"PropertyValueSpecification","valueRequired":true,"valueName":"search_term_string"}}],"inLanguage":"de"},{"@type":["Person","Organization"],"@id":"https:\/\/klauskunze.com\/blog\/#\/schema\/person\/9c091cf30ab68b897db6a517e3c3b11b","name":"Klaus Kunze","image":{"@type":"ImageObject","inLanguage":"de","@id":"https:\/\/secure.gravatar.com\/avatar\/5cd83cadbada9c331a79952fcca177ed3d3be4c7ad3239b9d934bf84adff15dd?s=96&d=blank&r=g","url":"https:\/\/secure.gravatar.com\/avatar\/5cd83cadbada9c331a79952fcca177ed3d3be4c7ad3239b9d934bf84adff15dd?s=96&d=blank&r=g","contentUrl":"https:\/\/secure.gravatar.com\/avatar\/5cd83cadbada9c331a79952fcca177ed3d3be4c7ad3239b9d934bf84adff15dd?s=96&d=blank&r=g","caption":"Klaus Kunze"},"logo":{"@id":"https:\/\/secure.gravatar.com\/avatar\/5cd83cadbada9c331a79952fcca177ed3d3be4c7ad3239b9d934bf84adff15dd?s=96&d=blank&r=g"},"sameAs":["http:\/\/KlausKunze.com","https:\/\/x.com\/https:\/\/twitter.com\/KlausKunze3"]}]}},"post_mailing_queue_ids":[],"_links":{"self":[{"href":"https:\/\/klauskunze.com\/blog\/wp-json\/wp\/v2\/posts\/6526","targetHints":{"allow":["GET"]}}],"collection":[{"href":"https:\/\/klauskunze.com\/blog\/wp-json\/wp\/v2\/posts"}],"about":[{"href":"https:\/\/klauskunze.com\/blog\/wp-json\/wp\/v2\/types\/post"}],"author":[{"embeddable":true,"href":"https:\/\/klauskunze.com\/blog\/wp-json\/wp\/v2\/users\/1"}],"replies":[{"embeddable":true,"href":"https:\/\/klauskunze.com\/blog\/wp-json\/wp\/v2\/comments?post=6526"}],"version-history":[{"count":25,"href":"https:\/\/klauskunze.com\/blog\/wp-json\/wp\/v2\/posts\/6526\/revisions"}],"predecessor-version":[{"id":6700,"href":"https:\/\/klauskunze.com\/blog\/wp-json\/wp\/v2\/posts\/6526\/revisions\/6700"}],"wp:featuredmedia":[{"embeddable":true,"href":"https:\/\/klauskunze.com\/blog\/wp-json\/wp\/v2\/media\/6542"}],"wp:attachment":[{"href":"https:\/\/klauskunze.com\/blog\/wp-json\/wp\/v2\/media?parent=6526"}],"wp:term":[{"taxonomy":"category","embeddable":true,"href":"https:\/\/klauskunze.com\/blog\/wp-json\/wp\/v2\/categories?post=6526"},{"taxonomy":"post_tag","embeddable":true,"href":"https:\/\/klauskunze.com\/blog\/wp-json\/wp\/v2\/tags?post=6526"}],"curies":[{"name":"wp","href":"https:\/\/api.w.org\/{rel}","templated":true}]}}