{"id":6807,"date":"2024-12-29T06:45:24","date_gmt":"2024-12-29T05:45:24","guid":{"rendered":"https:\/\/klauskunze.com\/blog\/?p=6807"},"modified":"2025-01-10T17:20:47","modified_gmt":"2025-01-10T16:20:47","slug":"gibt-es-ein-globales-gerechtigkeitskonzept","status":"publish","type":"post","link":"https:\/\/klauskunze.com\/blog\/2024\/12\/29\/gibt-es-ein-globales-gerechtigkeitskonzept\/","title":{"rendered":"Gibt es ein globales Gerechtigkeitskonzept?"},"content":{"rendered":"<div\n    id=\"h5ap-player-1\"\n    data-id=\"h5ap-player-1\"\n    data-attributes=\"{&quot;uniqueId&quot;:&quot;h5apa71efb59&quot;,&quot;clientId&quot;:&quot;a71efb59-1e9a-4508-bcee-6f97c4210122&quot;,&quot;source&quot;:&quot;http:\\\/\\\/klauskunze.com\\\/blog\\\/download\\\/gibt-es-ein-globales-gerechtigkeitskonzept\\\/?tmstv=1736525629&quot;,&quot;primaryColor&quot;:&quot;#4A5464&quot;,&quot;bgColor&quot;:&quot;#EEEEEE&quot;,&quot;width&quot;:&quot;75%&quot;,&quot;CSS&quot;:&quot;#h5apa71efb59 .plyr{justify-content: ;--plyr-color-main: #4A5464; --plyr-color-bg: #EEEEEE}#h5apa71efb59 .h5ap_standard_player {width: 75%;}#h5apa71efb59 .plyr__controls {--plyr-audio-control-color: #4a5464;background: #EEEEEE;border-radius:0px}#h5apa71efb59 .radius{border-radius: 0px}#h5apa71efb59 .skin_default .plyr__control,#h5apa71efb59{--theme-skin-wave-color: #4A5464;}&quot;,&quot;align&quot;:&quot;&quot;,&quot;alignment&quot;:&quot;left&quot;,&quot;poster&quot;:&quot;&quot;,&quot;title&quot;:&quot;audio title&quot;,&quot;artist&quot;:&quot;&quot;,&quot;color&quot;:&quot;#87ceeb&quot;,&quot;hoverColor&quot;:&quot;#00B3FF&quot;,&quot;controlColor&quot;:&quot;#4a5464&quot;,&quot;skin&quot;:&quot;Default&quot;,&quot;repeat&quot;:false,&quot;autoplay&quot;:false,&quot;muted&quot;:false,&quot;loader&quot;:false,&quot;saveState&quot;:false,&quot;disablePause&quot;:false,&quot;seekTime&quot;:10,&quot;startTime&quot;:0,&quot;preload&quot;:&quot;metadata&quot;,&quot;download&quot;:true,&quot;radius&quot;:&quot;0px&quot;,&quot;speed&quot;:{&quot;selected&quot;:1,&quot;speed&quot;:[&quot;0.5&quot;,&quot; 0.75&quot;,&quot; 1&quot;,&quot; 1.25&quot;,&quot; 1.5&quot;,&quot; 1.75&quot;,&quot; 2&quot;,&quot; 4&quot;,&quot; 8&quot;]},&quot;controls&quot;:{&quot;restart&quot;:false,&quot;rewind&quot;:false,&quot;play&quot;:true,&quot;fast-forward&quot;:false,&quot;progress&quot;:true,&quot;duration&quot;:false,&quot;current-time&quot;:true,&quot;mute&quot;:true,&quot;volume&quot;:true,&quot;settings&quot;:true,&quot;download&quot;:false},&quot;isSticky&quot;:false,&quot;multiple_audio&quot;:false,&quot;defaultValue&quot;:{&quot;Default&quot;:{&quot;primaryColor&quot;:&quot;#4A5464&quot;,&quot;controlColor&quot;:&quot;#4A5464&quot;,&quot;bgColor&quot;:&quot;#F5F5F5&quot;},&quot;Fusion&quot;:{&quot;primaryColor&quot;:&quot;#fff&quot;,&quot;bgColor&quot;:&quot;#161616&quot;,&quot;controlColor&quot;:&quot;#fff&quot;},&quot;Stamp&quot;:{&quot;controlColor&quot;:&quot;#fff&quot;,&quot;bgColor&quot;:&quot;#161616&quot;},&quot;Wave&quot;:{&quot;primaryColor&quot;:&quot;#fff&quot;,&quot;controlColor&quot;:&quot;#fff&quot;,&quot;bgColor&quot;:&quot;#161616&quot;,&quot;textColor&quot;:&quot;#fff&quot;},&quot;Card-1&quot;:{&quot;primaryColor&quot;:&quot;#fff&quot;,&quot;controlColor&quot;:&quot;#161616&quot;,&quot;bgColor&quot;:&quot;#161616&quot;,&quot;textColor&quot;:&quot;#fff&quot;},&quot;Card-2&quot;:{&quot;primaryColor&quot;:&quot;#00FBF3&quot;,&quot;controlColor&quot;:&quot;#fff&quot;,&quot;bgColor&quot;:&quot;#161616&quot;,&quot;textColor&quot;:&quot;#fff&quot;},&quot;Simple-1&quot;:{&quot;primaryColor&quot;:&quot;#00dcff&quot;,&quot;controlColor&quot;:&quot;#fff&quot;,&quot;bgColor&quot;:&quot;#161616&quot;,&quot;textColor&quot;:&quot;#00dcff&quot;},&quot;Simple-2&quot;:{&quot;primaryColor&quot;:&quot;#06F7FF00&quot;,&quot;controlColor&quot;:&quot;#fff&quot;,&quot;bgColor&quot;:&quot;#161616&quot;},&quot;Player9&quot;:{&quot;primaryColor&quot;:&quot;#195FF6&quot;,&quot;controlColor&quot;:&quot;#fff&quot;,&quot;bgColor&quot;:&quot;#161616&quot;,&quot;textColor&quot;:&quot;#EDEFF2&quot;},&quot;Player10&quot;:{&quot;primaryColor&quot;:&quot;#195FF6&quot;,&quot;controlColor&quot;:&quot;#fff&quot;,&quot;bgColor&quot;:&quot;#161616&quot;,&quot;textColor&quot;:&quot;#EDEFF2&quot;},&quot;Player11&quot;:{&quot;primaryColor&quot;:&quot;#195FF6&quot;,&quot;controlColor&quot;:&quot;#fff&quot;,&quot;bgColor&quot;:&quot;#161616&quot;,&quot;textColor&quot;:&quot;#fff&quot;}},&quot;i18n&quot;:{&quot;restart&quot;:&quot;Restart&quot;,&quot;rewind&quot;:&quot;Rewind {seektime}s&quot;,&quot;play&quot;:&quot;Play&quot;,&quot;pause&quot;:&quot;Pause&quot;,&quot;fastForward:&quot;:&quot;Forward {seektime}s&quot;,&quot;seek&quot;:&quot;Seek&quot;,&quot;seekLabel&quot;:&quot;{currentTime} of {duration}&quot;,&quot;played&quot;:&quot;Played&quot;,&quot;buffered&quot;:&quot;Buffered&quot;,&quot;currentTime:&quot;:&quot;Current time&quot;,&quot;duration&quot;:&quot;Duration&quot;,&quot;volume&quot;:&quot;Volume&quot;,&quot;mute&quot;:&quot;Mute&quot;,&quot;unmute&quot;:&quot;Unmute&quot;,&quot;enableCaptions&quot;:&quot;Enable captions&quot;,&quot;disableCaptions&quot;:&quot;Disable captions&quot;,&quot;download&quot;:&quot;Download&quot;,&quot;enterFullscreen&quot;:&quot;Enter fullscreen&quot;,&quot;exitFullscreen&quot;:&quot;Exit fullscreen&quot;,&quot;frameTitle&quot;:&quot;Player for {title}&quot;,&quot;captions&quot;:&quot;Captions&quot;,&quot;settings&quot;:&quot;Settings&quot;,&quot;pip&quot;:&quot;PIP&quot;,&quot;menuBack&quot;:&quot;Go back to previous menu&quot;,&quot;speed&quot;:&quot;Speed&quot;,&quot;normal&quot;:&quot;Normal&quot;,&quot;quality&quot;:&quot;Quality&quot;,&quot;loop&quot;:&quot;Loop&quot;,&quot;start&quot;:&quot;Start&quot;,&quot;end&quot;:&quot;End&quot;,&quot;all&quot;:&quot;All&quot;,&quot;reset&quot;:&quot;Reset&quot;,&quot;disabled&quot;:&quot;Disabled&quot;,&quot;enabled&quot;:&quot;Enabled&quot;,&quot;advertisement&quot;:&quot;Ad&quot;,&quot;qualityBadge&quot;:{&quot;2160&quot;:&quot;4K&quot;,&quot;1440&quot;:&quot;HD&quot;,&quot;1080&quot;:&quot;HD&quot;,&quot;720&quot;:&quot;HD&quot;,&quot;576&quot;:&quot;SD&quot;,&quot;480&quot;:&quot;SD&quot;}}}\"\n    class=\"wp-block-h5ap-tailwind wp-block-h5ap-audioplayer\">\n    <\/div>\n\n\n<p class=\"has-text-align-center\">H\u00f6ren statt lesen: 11 Minuten<\/p>\n\n\n\n<p>Zweifellos ist <em>sozial<\/em> etwas ganz anderes als ideologisch <em>sozialistisch<\/em> zu denken, <em>national<\/em> nicht dasselbe wie <em>nationalistisch<\/em> und so fort. Skepsis ist geboten, wenn jemand hinter ein harmloses Adjektiv ein -ismus h\u00e4ngt. Gew\u00f6hnlich erhebt er dann Machtanspr\u00fcche und m\u00f6chte uns reglementieren.<\/p>\n\n\n\n<p>Er m\u00f6chte gern am Wesen seiner Ideologie die ganze Welt genesen lassen. Wie die derzeitige Amtsverwalterin unseres Au\u00dfenministeriums macht er sich damit leicht <em>global <\/em>zum Gesp\u00f6tt, etwa mit <em>gerechter<\/em> oder <em>feministischer<\/em> Au\u00dfenpolitik, die er <em>globalistisch<\/em> durchsetzen will. Mit dem notorischen Feingef\u00fchl eines wilhelminischen Kolonialpolitikers bricht er, kaum gelandet, aus in ein dreifach donnerndes deutsches <em>Hurra <\/em>und verlangt, die Welt m\u00f6ge auf sein Kommando h\u00f6ren: \u201eGerechtigkeit!\u201c, lautet heutzutage sein Schlachtruf.<\/p>\n\n\n\n<p>Wir m\u00f6chten hier dagegen subtiler vorgehen und uns einmal global umsehen, wie das globalistische Verst\u00e4ndnis unserer Linken wohl global aufgenommen werden k\u00f6nnte. Wenn wir uns einmal mit den Augen der Fremden betrachten, lernen wir uns vielleicht selbst besser kennen. Unsere geistige Reise f\u00fchrt uns nach Indien: zweifellos ein relevantes Land mit <a href=\"https:\/\/de.statista.com\/statistik\/daten\/studie\/170764\/umfrage\/religionen-\">\u00fcber 1,5 Milliarden Menschen, von ihnen mehr als eine Milliarde Hindus<\/a>:<\/p>\n\n\n\n<h2 class=\"wp-block-heading\">Was Hindus glauben<\/h2>\n\n\n\n<p>Die geistigen Konzepte &#8222;Verteilungsgerechtigkeit&#8220; und &#8222;Gleichheit&#8220; m\u00fc\u00dfte ein Hindu sich erst m\u00fchsam erkl\u00e4ren lassen. Hindus teilen nicht die Religion der allgemeinen Menschengleichheit, sie glauben nicht an eine g\u00f6ttliche Sch\u00f6pfung, keine S\u00fcnde und keinen j\u00fcngsten Tag mit Posaunenschall und Strafgericht. Darum ist ihnen auch das Konzept einer g\u00f6ttlichen Gerechtigkeit fremd, erst recht das linksradikale Gleichheitsdogma: Gleichheit bedeute Gerechtigkeit.<\/p>\n\n\n\n<p>Der Inder <a href=\"https:\/\/en.wikipedia.org\/wiki\/Devdutt_Pattanaik\">Pattanaik <\/a>hat sich jahrzehntelang mit Mythen befa\u00dft, einem spannenden Thema, <a href=\"https:\/\/klauskunze.com\/blog\/2023\/12\/28\/sag-mir-wo-die-mythen-sind\/\">das auch uns hier schon besch\u00e4ftigt hat<\/a>. \u201eDebadutta Pattanaik ist ein Mythologe und Schriftsteller. Er schreibt \u00fcber Mythologie, das Studium kultureller Wahrheiten, die durch Geschichten, Symbole und Rituale offenbart werden. Er h\u00e4lt Vortr\u00e4ge \u00fcber die Relevanz sowohl indischer als auch westlicher Mythen im modernen Leben. Seine Arbeit konzentriert sich haupts\u00e4chlich auf die Bereiche Religion, Mythologie und Management. Er hat \u00fcber 50 B\u00fccher verfa\u00dft und illustriert\u201c (<a href=\"https:\/\/en.wikipedia.org\/wiki\/Devdutt_Pattanaik\">Wikipedia<\/a>).<\/p>\n\n\n<div class=\"wp-block-image\">\n<figure class=\"aligncenter size-full\"><img loading=\"lazy\" decoding=\"async\" width=\"675\" height=\"563\" src=\"https:\/\/klauskunze.com\/blog\/wp-content\/uploads\/2024\/12\/Zuschneiden_20.jpg\" alt=\"\" class=\"wp-image-6811\" srcset=\"https:\/\/klauskunze.com\/blog\/wp-content\/uploads\/2024\/12\/Zuschneiden_20.jpg 675w, https:\/\/klauskunze.com\/blog\/wp-content\/uploads\/2024\/12\/Zuschneiden_20-300x250.jpg 300w\" sizes=\"auto, (max-width: 675px) 100vw, 675px\" \/><figcaption class=\"wp-element-caption\">Devdutt Pattanaik (<a href=\"Bild: Deccan Herald\">Bild: Deccan Herald<\/a>)<\/figcaption><\/figure>\n<\/div>\n\n\n<p>Regelm\u00e4\u00dfig schreibt er Beitr\u00e4ge zum Beispiel f\u00fcr die gro\u00dfe Tageszeitung <a href=\"https:\/\/de.wikipedia.org\/wiki\/Deccan_Herald\"><em>Deccan Herald<\/em> <\/a>\u00fcber religionsphilosophische Fragen.<\/p>\n\n\n\n<p>F\u00fcr ihn ist<\/p>\n\n\n\n<blockquote class=\"wp-block-quote is-layout-flow wp-block-quote-is-layout-flow\">\n<p>\u201eGerechtigkeit der Wahn derer, die die Zeit ablehnen.\u201c<\/p>\n\n\n\n<p>Devdutt Pattanaik, <a href=\"https:\/\/devdutt.com\/pursuit-of-justice-in-time\/\">Streben nach Gerechtigkeit in der Zeit, 15.4.2024<\/a>, mit KI \u00fcbersetzt.<\/p>\n<\/blockquote>\n\n\n\n<figure class=\"wp-block-embed is-type-wp-embed is-provider-devdutt-pattanaik wp-block-embed-devdutt-pattanaik\"><div class=\"wp-block-embed__wrapper\">\n<blockquote class=\"wp-embedded-content\" data-secret=\"thVin1vYkl\"><a href=\"https:\/\/devdutt.com\/pursuit-of-justice-in-time\/\">Pursuit of Justice in Time<\/a><\/blockquote><iframe loading=\"lazy\" class=\"wp-embedded-content\" sandbox=\"allow-scripts\" security=\"restricted\" style=\"position: absolute; visibility: hidden;\" title=\"&#8220;Pursuit of Justice in Time&#8221; &#8212; Devdutt Pattanaik\" src=\"https:\/\/devdutt.com\/pursuit-of-justice-in-time\/embed\/#?secret=KU1JZY8A3I#?secret=thVin1vYkl\" data-secret=\"thVin1vYkl\" width=\"600\" height=\"338\" frameborder=\"0\" marginwidth=\"0\" marginheight=\"0\" scrolling=\"no\"><\/iframe>\n<\/div><\/figure>\n\n\n\n<p>Die Zeit hat n\u00e4mlich aus hinduistischer Sicht keinen Anfang (&#8222;Sch\u00f6pfung&#8220;) und kein Ende, also kein &#8222;j\u00fcngstes Gericht&#8220;. Sie w\u00e4hrt ewig. Pattanaik erkennt alle auch uns gel\u00e4ufigen Prinzipien und Konzepte als Mythen, die nur in unseren K\u00f6pfen existieren:<\/p>\n\n\n\n<blockquote class=\"wp-block-quote is-layout-flow wp-block-quote-is-layout-flow\">\n<p>In Mythen geht es nicht nur um G\u00f6tter, sondern auch um von Menschen geschaffene Konzepte, an die wir glauben. Eigentum ist zum Beispiel ein Mythos. Nicht nat\u00fcrlich, nicht real, sondern ein v\u00f6llig erfundenes Konzept. Das gilt auch f\u00fcr die Menschenrechte. Gleichheit und Gerechtigkeit sind auch kulturelle Wahrheiten, die die Mythen von Eigentum und Menschenrechten voraussetzen. Ihre Existenz wird durch Gewalt und Regulierungsbeh\u00f6rden durchgesetzt. Sie existieren nicht au\u00dferhalb der menschlichen Vorstellungskraft.<br><br><a href=\"https:\/\/www.deccanherald.com\/opinion\/devdutt-pattanaik-history-mythology-myths-india-middle-east-israel-palestine-amazon-gods-2740685\">Devdutt Pattanaik, Geschichte ist keine Mythologie, keine Mythosfiktion, Deccan Herald 25.10.2023<\/a><\/p>\n<\/blockquote>\n\n\n<div class=\"wp-block-image\">\n<figure class=\"aligncenter size-full\"><a href=\"https:\/\/devdutt.com\/pursuit-of-justice-in-time\/\"><img loading=\"lazy\" decoding=\"async\" width=\"757\" height=\"577\" src=\"http:\/\/klauskunze.com\/blog\/wp-content\/uploads\/2024\/12\/Zuschneiden_21.jpg\" alt=\"\" class=\"wp-image-6827\" srcset=\"https:\/\/klauskunze.com\/blog\/wp-content\/uploads\/2024\/12\/Zuschneiden_21.jpg 757w, https:\/\/klauskunze.com\/blog\/wp-content\/uploads\/2024\/12\/Zuschneiden_21-300x229.jpg 300w\" sizes=\"auto, (max-width: 757px) 100vw, 757px\" \/><\/a><figcaption class=\"wp-element-caption\">Greift der &#8222;westliche&#8220; Mensch nach der &#8222;\u00f6stlichen&#8220; Weisheit, bleibt ihm diese oft fremd (Zeichnung: Devdutt Pattanaik)<\/figcaption><\/figure>\n<\/div>\n\n\n<p>Wenn wir diesen hinduistischen Standpunkt in unser Vokabular \u00fcbersetzen, k\u00f6nnte er lauten: Eigentum, Menschenrechte, Gleichheit oder Gerechtigkeit gibt es nur als Vorstellungen in unseren K\u00f6pfen. Sie k\u00f6nnen, wie das Eigentum, zu gelebten sozialen Realit\u00e4ten oder gar Gesetzen werden, aber eben nur dort, wo sie von Menschen tats\u00e4chlich angewandt werden. Darum sind sie keinesfalls universalisierbar oder k\u00f6nnen &#8211; globalistisch &#8211; fremden Menschen aufgezwungen werden.<\/p>\n\n\n\n<blockquote class=\"wp-block-quote is-layout-flow wp-block-quote-is-layout-flow\">\n<p>Jeder Stamm hat seinen eigenen Mythos \u2013 seine eigenen Geschichten dar\u00fcber, wie die Welt entstand, wie die Welt untergehen wird, warum wir existieren und was nach dem Tod passiert. Diese Ideen werden mithilfe von Geschichten, Symbolen und Ritualen \u00fcbermittelt. F\u00fcr den Insider sind sie real; nicht f\u00fcr Au\u00dfenseiter. [\u2026] Mythen sind im Gegensatz zu Fakten weder objektiv noch universell. Es geh\u00f6rt zu einer Gruppe von Menschen, einer Gemeinschaft, einer Kultur. Daher werden sich niemals alle Menschen auf Ideen wie Eigentum, Menschenrechte, Gerechtigkeit und Gleichheit einigen. <\/p>\n\n\n\n<p><br><a href=\"https:\/\/www.deccanherald.com\/opinion\/devdutt-pattanaik-history-mythology-myths-india-middle-east-israel-palestine-amazon-gods-2740685\">Devdutt Pattanaik, Geschichte ist keine Mythologie, keine Mythosfiktion, Deccan Herald 25.10.2023<\/a><\/p>\n<\/blockquote>\n\n\n\n<p>Wer sich mit dem Hinduismus und dem Buddhismus n\u00e4her befa\u00dft, gewinnt gr\u00f6\u00dfere Klarheit auch \u00fcber das Wesen unserer eigenen modernen Mythen: Abstrakte Begriffe erf\u00fcllen f\u00fcr uns h\u00e4ufig dieselbe Funktion wie in polytheistischen Religionen die Heerscharen der G\u00f6tter und Heiligen: Indem wir ihnen folgen, versichern wir uns, im Einklang mit ewigen Gesetzen zu leben, die uns aufgegeben sind. Wir m\u00fcssen uns klar machen,<\/p>\n\n\n\n<blockquote class=\"wp-block-quote is-layout-flow wp-block-quote-is-layout-flow\">\n<p>da\u00df der Polytheismus selbst unter uns noch durchaus lebendig ist, nur da\u00df unsere Phantasie nicht mehr wie fr\u00fcher durch Athene, Baal, Astarte, Isis, Sarasvati, Kwan Yin und andere erregt wird, sondern durch Begriffe wie Demokratie, Fortschritt, Zivilisation, Gleichheit, Freiheit, Vernunft, Wissenschaft und dergleichen. Eine Vielheit pers\u00f6nlicher Wesen hat einer Vielheit abstrakter Begriffe Platz gemacht. Europa stand am Wendepunkt, als die Franzosen die Jungfrau Maria entthronten und ihre Zuneigung der Gottheit der Venunft zuwandten.<\/p>\n\n\n\n<p><a href=\"https:\/\/de.wikipedia.org\/wiki\/Edward_Conze\">Edward Conze<\/a>, Der Buddhismus, Wesen und Entwicklung, Kohlhammer-Verlag, Stuttgart 1953, <a href=\"https:\/\/de.wikipedia.org\/wiki\/Spezial:ISBN-Suche\/3170135058\">ISBN 3-17-013505-8<\/a>, S.37.<\/p>\n<\/blockquote>\n\n\n\n<p>Es gibt keinen grunds\u00e4tzlichen Funktions-Unterschied, ob wir &#8222;die Gerechtigkeit&#8220; oder &#8222;die Gleichheit&#8220; als personifizierte G\u00f6ttin verehren oder als abstrakten Begriff, dessen jeweiliger Inhalt genauso nebelhaft ist wie das Wesen eine Gottesperson.<\/p>\n\n\n\n<blockquote class=\"wp-block-quote is-layout-flow wp-block-quote-is-layout-flow\">\n<p>Schon die <a href=\"https:\/\/de.wikipedia.org\/wiki\/Stoa\">Stoa<\/a> kannte neben der physischen und mythischen die politische Theologie, welche die Frage beantwortete, welche G\u00f6tter von Staats wegen der jeweilige B\u00fcrger verehren und welche heiligen Handlungen und Opfer er machen soll.<\/p>\n\n\n\n<p><a href=\"https:\/\/de.wikipedia.org\/wiki\/Caspar_von_Schrenck-Notzing\">Caspar von Schrenck-Notzing<\/a>, Rund um die Politische Theologie, Rezension zu Taubes, Der F\u00fcrst dieser Welt, Carl Schmitt und die Folgen, Critic\u00f3n 1984, 184.<\/p>\n<\/blockquote>\n\n\n\n<p>Lange bevor Menschen das Konzept pers\u00f6nlicher G\u00f6tter erfanden, behalfen sie sich mit magischen Weltdeutungen, die bis heute der herrschenden politischen Theologie zugrundeliegen. Wie wenig es noch darum geht, heilige Begriffe wie Gerechtigkeit, Gleichheit oder Demokratie mit halbwegs rationalisierbaren Inhalten zu f\u00fcllen, erleben wir tagt\u00e4glich. In unseren Staatsmedien fragt niemand mehr, warum Ungleichheit eigentlich ungerecht und Gleichheit gerecht sein soll. Die Behauptung ist in die Sph\u00e4re eines Dogmas entr\u00fcckt, eines Glaubenssatzes, den nur Ketzer anzweifeln. <\/p>\n\n\n\n<p>Beim Dogma der Demokratie fragt ebensowenig jemand, worin sich zum Beispiel die selbsternannten Demokraten &#8222;unserer Demokratie&#8220; von einer politischen Rechten wie der AfD unterscheiden, und zwar eben in ihrer Stellung zum Demokratieprinzip. Es gibt n\u00e4mlich keinerlei Hinweis darauf, aus Reihen der AfD werde dieses angezweifelt. Tats\u00e4chlich haben die Verfechter &#8222;unserer Demokratie&#8220; das Zauberwort in den Rang religi\u00f6ser Verkl\u00e4rung erhoben, der sich nicht mehr damit abgibt, rationalisierbare Gr\u00fcnde daf\u00fcr zu finden, die AfD sei nicht demokratisch rechtgl\u00e4ubig. Das Wort Demokratie wird nur noch wie magisch beschworen und dient &#8222;unseren Demokraten&#8220; funktional dazu, sich selbst zu segnen, die Rechte aber zu verfluchen und zu bannen.<\/p>\n\n\n<div class=\"wp-block-image\">\n<figure class=\"aligncenter size-full is-resized\"><img loading=\"lazy\" decoding=\"async\" width=\"220\" height=\"318\" src=\"https:\/\/klauskunze.com\/blog\/wp-content\/uploads\/2024\/12\/M03895557056-large.jpg\" alt=\"\" class=\"wp-image-6813\" style=\"width:auto;height:500px\" srcset=\"https:\/\/klauskunze.com\/blog\/wp-content\/uploads\/2024\/12\/M03895557056-large.jpg 220w, https:\/\/klauskunze.com\/blog\/wp-content\/uploads\/2024\/12\/M03895557056-large-208x300.jpg 208w\" sizes=\"auto, (max-width: 220px) 100vw, 220px\" \/><\/figure>\n<\/div>\n\n\n<blockquote class=\"wp-block-quote is-layout-flow wp-block-quote-is-layout-flow\">\n<p>Das seit ewigen Zeiten und f\u00fcr ewige Zeiten bestehende Neben- und Gegeneinander einer Macht des Lichts, der Wahrheit, Reinheit und G\u00fcte und einer Macht der Finsternis, der L\u00fcge, Unreinheit und Bosheit war letztlich nur eine unmittelbare Systematisierung des magischen Pluralismus der Geister mit ihrer Scheidung von guten (n\u00fctzlichen) und b\u00f6sen (sch\u00e4dlichen) Geistern, der Vorstufen des Gegensatzes von G\u00f6ttern und D\u00e4monen.<\/p>\n\n\n\n<p>Max Weber, Die Wirtschaftsethik der Weltreligionen II, Hinduismus und Buddhismus, 1917, hier zitiert nach: Max Weber, Religion und Gesellschaft, D\u00f6rfler-Verlag 2011, S.560.<\/p>\n<\/blockquote>\n\n\n\n<h2 class=\"wp-block-heading\">Max Weber wu\u00dfte das schon lange<\/h2>\n\n\n\n<p>In gewisser Weise gab es in Indien seit der <a href=\"https:\/\/de.wikipedia.org\/wiki\/Indoarische_Sprachen\">Eroberung durch Indoarier vor rund 4000 Jahren<\/a> viele in sich homogene Ethnien, die einen multikulturellen Flickenteppich verschiedener Kasten bildeten. Die spirituellen Grundlagen vereinten die meisten von ihnen im hinduistischen Glauben. <a href=\"https:\/\/de.wikipedia.org\/wiki\/Max_Weber\">Max Weber<\/a> (1864-1920) hat sie schon 1917 im Rahmen seiner gesammelten Aufs\u00e4tze zur Religionssoziologie akribisch analysiert.<\/p>\n\n\n<div class=\"wp-block-image\">\n<figure class=\"aligncenter size-full is-resized\"><a href=\"https:\/\/ia601307.us.archive.org\/11\/items\/gesammelteaufs02webe\/gesammelteaufs02webe.pdf\"><img loading=\"lazy\" decoding=\"async\" width=\"505\" height=\"727\" src=\"https:\/\/klauskunze.com\/blog\/wp-content\/uploads\/2024\/12\/Zuschneiden_19.jpg\" alt=\"\" class=\"wp-image-6809\" style=\"width:auto;height:500px\" srcset=\"https:\/\/klauskunze.com\/blog\/wp-content\/uploads\/2024\/12\/Zuschneiden_19.jpg 505w, https:\/\/klauskunze.com\/blog\/wp-content\/uploads\/2024\/12\/Zuschneiden_19-208x300.jpg 208w\" sizes=\"auto, (max-width: 505px) 100vw, 505px\" \/><\/a><\/figure>\n<\/div>\n\n\n<p>Hindus glauben, da\u00df sie immer wieder geboren werden, bis es ihnen gelingt, durch strenge Einhaltung ethischer und ritueller Regeln dem ewigen Kreislauf zu entkommen und ins Nirwana einzugehen. Diese Regeln &#8211; das <em>Dharma<\/em> einer Person &#8211; &nbsp;sind aber keineswegs f\u00fcr alle Menschen dieselben. Die Sozialethik richtet sich vielmehr nach der Kastenzugeh\u00f6rigkeit und ist dieser jeweils angepa\u00dft.<\/p>\n\n\n\n<blockquote class=\"wp-block-quote is-layout-flow wp-block-quote-is-layout-flow\">\n<p>Es konnte &#8211; im Prinzip &#8211; ein Berufs-Dharma f\u00fcr Prostituierte, R\u00e4uber und Diebe ganz ebenso geben wie f\u00fcr Brahmanen und K\u00f6nige. Und es gab die allerernsthaftesten Ans\u00e4tze zu diesen \u00e4u\u00dfersten Konsequenzen auch tats\u00e4chlich. Der Kampf des Menschen mit dem Menschen in allen seinen Formen war prinzipiell ebensowenig ein Problem, wie sein Kampf mit den Tieren und auch mit den G\u00f6ttern und wie die Existenz des schlechthin H\u00e4\u00dflichen, Dummen und des vom Ma\u00dfstab des Dharma eines Brahmanen oder sonstigen \u201eWiedergeborenen&#8220; aus gesehen &#8211; schlechthin Verwerflichen. Die Mensehen waren nicht &#8211; wie f\u00fcr den klassischen Konfuzianismus &#8211; prinzipiell gleich, sondern wurden zu allen Zeiten ungleich geboren. <\/p>\n\n\n\n<p>Max Weber, Die Wirtschaftsethik der Weltreligionen II, Hinduismus und Buddhismus, 1917, hier zitiert nach: Max Weber, Religion und Gesellschaft, D\u00f6rfler-Verlag 2011, S.684.<\/p>\n<\/blockquote>\n\n\n\n<p>Darum fehlt von Anfang an jeder \u201earchimedische Punkt\u201c, von dem aus irgendetwas als schlechthin gerecht oder ungerecht bezeichnet werden k\u00f6nnte. Wer sich ethisch verfehlt und entgegen seinem <em>Dharma<\/em> handelt, wird halt dereinst wiedergeboren und mu\u00df eine Ehrenrunde drehen, vielleicht als Wurm. Es gibt aber kein g\u00f6ttliches Tribunal und keine Scheidung der Menschen in Selige und Verworfene.<\/p>\n\n\n\n<blockquote class=\"wp-block-quote is-layout-flow wp-block-quote-is-layout-flow\">\n<p>Die Konzeption eines \u201e<em>radikal B\u00f6sen<\/em>&#8220; war in dieser Weltordnung \u00fcberhaupt nicht m\u00f6glich, denn eine \u201eS\u00fcnde schlechthin&#8220; konnte es ja nicht geben. Sondern immer nur einen rituellen Versto\u00df gegen das konkrete, durch die Kastenzugeh\u00f6rigkeit bedingte Dharma. Es gab in dieser in ihrer Abgestuftheit ewigen Welt keinen seligen Urst\u00e4nd und kein seliges Endreich, und deshalb auch keine &#8211; im Gegensatz zur positiven Sozialordnung &#8211; \u201enat\u00fcrliche&#8220; Ordnung der Menschen und Dinge, also auch kein \u201eNaturrecht&#8220; irgendwelcher Art. Sondern es gab &#8211; f\u00fcr die Theorie zum mindesten &#8211; nur heiliges, st\u00e4ndisch besondertes, aber positives Recht und innerhalb der von ihm &#8211; als indifferent &#8211; unreglementiert belassenen Gebiete positive Satzungen. <\/p>\n\n\n\n<p>Max Weber, Die Wirtschaftsethik der Weltreligionen II, Hinduismus und Buddhismus, 1917, hier zitiert nach: Max Weber, Religion und Gesellschaft, D\u00f6rfler-Verlag 2011, S.685.<\/p>\n<\/blockquote>\n\n\n\n<p>Somit stimmt Max Weber &#8211; vor \u00fcber hundert Jahren &#8211; v\u00f6llig \u00fcberein mit Pattanaik:<\/p>\n\n\n\n<blockquote class=\"wp-block-quote is-layout-flow wp-block-quote-is-layout-flow\">\n<p>Denn es gab schlechthin eben keinerlei \u201anat\u00fcrliche\u2018 Gleichheit der Menschheit vor irgendeiner Instanz, am allerwenigsten vor irgendeinem \u00fcberweltlichen \u201aGott\u2018. Dies ist die negative Seite der Sache. Und diese ist die wichtigste: sie schlo\u00df die Entstehung sozialkritischer und im naturrechtlichen Sinn \u201arationalistischer\u2018 Spekulationen und Abstraktionen vollst\u00e4ndig und f\u00fcr immer aus und hinderte das Entstehen irgendwelcher \u201aMenschenrechte\u2018. <\/p>\n\n\n\n<p>Max Weber, Die Wirtschaftsethik der Weltreligionen II, Hinduismus und Buddhismus, 1917, hier zitiert nach: Max Weber, Religion und Gesellschaft, D\u00f6rfler-Verlag 2011, S.685.<\/p>\n<\/blockquote>\n\n\n\n<p>Und wo es keine \u201enat\u00fcrliche Gleichheit\u201c gibt, da kann auch keine \u201enat\u00fcrliche Gerechtigkeit\u201c verlangen, eine solche Gleichheit herzustellen. Hindus sind immun gegen jeden quasireligi\u00f6sen Gleichheitswahn.<\/p>\n\n\n\n<h2 class=\"wp-block-heading\">Weisheit<\/h2>\n\n\n\n<p>Der Begriff Weisheit ist in Deutschland aus der Mode gekommen.<\/p>\n\n\n\n<blockquote class=\"wp-block-quote is-layout-flow wp-block-quote-is-layout-flow\">\n<p>Weisheit bedeutet zu erkennen, da\u00df jeder seine eigene Wahrheit hat. Unterschiedliche Wahrheiten schaffen unterschiedliche Kulturen. Oft stehen Wahrheiten im Widerspruch zueinander. Dies ist die Quelle des Konflikts. Rationalit\u00e4t wird dieses Problem nicht l\u00f6sen. <\/p>\n\n\n\n<p><a href=\"https:\/\/www.deccanherald.com\/opinion\/devdutt-pattanaik-history-mythology-myths-india-middle-east-israel-palestine-amazon-gods-2740685\">Devdutt Pattanaik, Geschichte ist keine Mythologie, keine Mythosfiktion, Deccan Herald 25.10.2023<\/a><\/p>\n<\/blockquote>\n\n\n\n<p>Philosophische &#8222;Wahrheit&#8220; kann es immer nur in Bezug auf eine Weltdeutung geben. Deren gibt es viele. Jeder kann die Welt &#8222;deuten&#8220;, wie er will. <\/p>\n\n\n\n<p>Seit unserer Christianisierung haben wir aber ein Gerechtigkeitskonzept tief verinnerlicht, das von zentralen Dogmen abh\u00e4ngt, die wir gef\u00e4lligst glauben sollten.<\/p>\n\n\n\n<blockquote class=\"wp-block-quote is-layout-flow wp-block-quote-is-layout-flow\">\n<p>Der Gerechtigkeitsdiskurs hat seine Wurzeln im Nahen Osten, im Judentum, im Christentum und im Islam. Sie setzen eine endliche Zeit voraus, in der alles, was in der Vergangenheit falsch war, in etwas Gutes umgewandelt wird. Gott sitzt am J\u00fcngsten Tag am Ende der Geschichte zu Gericht, ein Konzept, das Hindus, Buddhisten und Jainas fremd ist. Die Welt dreht sich weiter. Es gibt keinen Punkt. Keine ewige Verdammnis. Buddhas kommen und gehen weiter. Die Welt sehnt sich weiter und leidet. <\/p>\n\n\n\n<p>Devdutt Pattanaik, Streben nach Gerechtigkeit in der Zeit, 15.4.2024, mit KI \u00fcbersetzt.<\/p>\n<\/blockquote>\n\n\n\n<figure class=\"wp-block-embed is-type-wp-embed is-provider-devdutt-pattanaik wp-block-embed-devdutt-pattanaik\"><div class=\"wp-block-embed__wrapper\">\n<blockquote class=\"wp-embedded-content\" data-secret=\"thVin1vYkl\"><a href=\"https:\/\/devdutt.com\/pursuit-of-justice-in-time\/\">Pursuit of Justice in Time<\/a><\/blockquote><iframe loading=\"lazy\" class=\"wp-embedded-content\" sandbox=\"allow-scripts\" security=\"restricted\" style=\"position: absolute; visibility: hidden;\" title=\"&#8220;Pursuit of Justice in Time&#8221; &#8212; Devdutt Pattanaik\" src=\"https:\/\/devdutt.com\/pursuit-of-justice-in-time\/embed\/#?secret=KU1JZY8A3I#?secret=thVin1vYkl\" data-secret=\"thVin1vYkl\" width=\"600\" height=\"338\" frameborder=\"0\" marginwidth=\"0\" marginheight=\"0\" scrolling=\"no\"><\/iframe>\n<\/div><\/figure>\n\n\n\n<p>\u201eDer Gerechtigkeitsmythos\u201c, betont Pattanaik, \u201epr\u00e4gte christliche und islamische Gesellschaften.\u201c<\/p>\n\n\n\n<p>Ohne Wissen ist Weisheit nicht zu haben. Weisheit hat zur Voraussetzung, da\u00df wir die in uns gepflanzten Mythen, Dogmen und Prinzipien \u00fcberhaupt erkennen als das, was sie sind: zeitbedingt, kulturbedingt und bedingt durch die Macht derer, die einst die H\u00e4upter unserer Ahnen in dem\u00fctiger Gottesfurcht zu beugen verstanden.<\/p>\n\n\n\n<p>Selbsterkenntnis f\u00e4llt umso leichter, wenn wir das Fremde kennengelernt haben und das Eigene relativieren k\u00f6nnen. Ohne Selbsterkenntnis finden wir keinen Weg in die Freiheit.<\/p>\n\n\n\n<p>Wer von seinem Kinderglauben und seinem Jesulein nicht lassen kann, dem w\u00fcrde ein Hindu l\u00e4chelnd sein <em>Dharma<\/em> lassen: zu knien, zu beten, Bu\u00dfe zu tun oder gegen <em>die Armen Gerechtigkeit zu \u00fcben<\/em>. Aus hinduistischer Sicht spricht nichts dagegen, jeden nach seiner Facon selig werden zu lassen.<\/p>\n\n\n\n<p>Nur soll er uns dann mit <em>seiner Gerechtigkeit<\/em> der Gleichheit bitte verschonen.<\/p>\n","protected":false},"excerpt":{"rendered":"<p>H\u00f6ren statt lesen: 11 Minuten Zweifellos ist sozial etwas ganz anderes als ideologisch sozialistisch zu denken, national nicht dasselbe wie nationalistisch und so fort. Skepsis ist geboten, wenn jemand hinter ein harmloses Adjektiv ein -ismus h\u00e4ngt. Gew\u00f6hnlich erhebt er dann Machtanspr\u00fcche und m\u00f6chte uns reglementieren. Er m\u00f6chte gern am Wesen seiner Ideologie die ganze Welt [&hellip;]<\/p>\n","protected":false},"author":1,"featured_media":6827,"comment_status":"open","ping_status":"open","sticky":false,"template":"","format":"standard","meta":{"h5ap_radio_sources":[],"twitterCardType":"","cardImageID":0,"cardImage":"","cardTitle":"","cardDesc":"","cardImageAlt":"","cardPlayer":"","cardPlayerWidth":0,"cardPlayerHeight":0,"cardPlayerStream":"","cardPlayerCodec":"","footnotes":""},"categories":[1,20,17],"tags":[],"class_list":["post-6807","post","type-post","status-publish","format-standard","has-post-thumbnail","hentry","category-allgemein","category-philosophie","category-politik"],"yoast_head":"<!-- This site is optimized with the Yoast SEO plugin v27.5 - https:\/\/yoast.com\/product\/yoast-seo-wordpress\/ -->\n<title>Gibt es ein globales Gerechtigkeitskonzept? - Klaus Kunze<\/title>\n<meta name=\"robots\" content=\"index, follow, max-snippet:-1, max-image-preview:large, max-video-preview:-1\" \/>\n<link rel=\"canonical\" href=\"https:\/\/klauskunze.com\/blog\/2024\/12\/29\/gibt-es-ein-globales-gerechtigkeitskonzept\/\" \/>\n<meta property=\"og:locale\" content=\"de_DE\" \/>\n<meta property=\"og:type\" content=\"article\" \/>\n<meta property=\"og:title\" content=\"Gibt es ein globales Gerechtigkeitskonzept? - Klaus Kunze\" \/>\n<meta property=\"og:description\" content=\"H\u00f6ren statt lesen: 11 Minuten Zweifellos ist sozial etwas ganz anderes als ideologisch sozialistisch zu denken, national nicht dasselbe wie nationalistisch und so fort. Skepsis ist geboten, wenn jemand hinter ein harmloses Adjektiv ein -ismus h\u00e4ngt. Gew\u00f6hnlich erhebt er dann Machtanspr\u00fcche und m\u00f6chte uns reglementieren. Er m\u00f6chte gern am Wesen seiner Ideologie die ganze Welt [&hellip;]\" \/>\n<meta property=\"og:url\" content=\"https:\/\/klauskunze.com\/blog\/2024\/12\/29\/gibt-es-ein-globales-gerechtigkeitskonzept\/\" \/>\n<meta property=\"og:site_name\" content=\"Klaus Kunze\" \/>\n<meta property=\"article:published_time\" content=\"2024-12-29T05:45:24+00:00\" \/>\n<meta property=\"article:modified_time\" content=\"2025-01-10T16:20:47+00:00\" \/>\n<meta property=\"og:image\" content=\"http:\/\/klauskunze.com\/blog\/wp-content\/uploads\/2024\/12\/Zuschneiden_21.jpg\" \/>\n\t<meta property=\"og:image:width\" content=\"757\" \/>\n\t<meta property=\"og:image:height\" content=\"577\" \/>\n\t<meta property=\"og:image:type\" content=\"image\/jpeg\" \/>\n<meta name=\"author\" content=\"Klaus Kunze\" \/>\n<meta name=\"twitter:label1\" content=\"Verfasst von\" \/>\n\t<meta name=\"twitter:data1\" content=\"Klaus Kunze\" \/>\n\t<meta name=\"twitter:label2\" content=\"Gesch\u00e4tzte Lesezeit\" \/>\n\t<meta name=\"twitter:data2\" content=\"8\u00a0Minuten\" \/>\n<script type=\"application\/ld+json\" class=\"yoast-schema-graph\">{\"@context\":\"https:\\\/\\\/schema.org\",\"@graph\":[{\"@type\":\"Article\",\"@id\":\"https:\\\/\\\/klauskunze.com\\\/blog\\\/2024\\\/12\\\/29\\\/gibt-es-ein-globales-gerechtigkeitskonzept\\\/#article\",\"isPartOf\":{\"@id\":\"https:\\\/\\\/klauskunze.com\\\/blog\\\/2024\\\/12\\\/29\\\/gibt-es-ein-globales-gerechtigkeitskonzept\\\/\"},\"author\":{\"name\":\"Klaus Kunze\",\"@id\":\"https:\\\/\\\/klauskunze.com\\\/blog\\\/#\\\/schema\\\/person\\\/9c091cf30ab68b897db6a517e3c3b11b\"},\"headline\":\"Gibt es ein globales Gerechtigkeitskonzept?\",\"datePublished\":\"2024-12-29T05:45:24+00:00\",\"dateModified\":\"2025-01-10T16:20:47+00:00\",\"mainEntityOfPage\":{\"@id\":\"https:\\\/\\\/klauskunze.com\\\/blog\\\/2024\\\/12\\\/29\\\/gibt-es-ein-globales-gerechtigkeitskonzept\\\/\"},\"wordCount\":2155,\"commentCount\":0,\"publisher\":{\"@id\":\"https:\\\/\\\/klauskunze.com\\\/blog\\\/#\\\/schema\\\/person\\\/9c091cf30ab68b897db6a517e3c3b11b\"},\"image\":{\"@id\":\"https:\\\/\\\/klauskunze.com\\\/blog\\\/2024\\\/12\\\/29\\\/gibt-es-ein-globales-gerechtigkeitskonzept\\\/#primaryimage\"},\"thumbnailUrl\":\"https:\\\/\\\/klauskunze.com\\\/blog\\\/wp-content\\\/uploads\\\/2024\\\/12\\\/Zuschneiden_21.jpg\",\"articleSection\":{\"1\":\"Philosophie\",\"2\":\"Politik\"},\"inLanguage\":\"de\",\"potentialAction\":[{\"@type\":\"CommentAction\",\"name\":\"Comment\",\"target\":[\"https:\\\/\\\/klauskunze.com\\\/blog\\\/2024\\\/12\\\/29\\\/gibt-es-ein-globales-gerechtigkeitskonzept\\\/#respond\"]}]},{\"@type\":\"WebPage\",\"@id\":\"https:\\\/\\\/klauskunze.com\\\/blog\\\/2024\\\/12\\\/29\\\/gibt-es-ein-globales-gerechtigkeitskonzept\\\/\",\"url\":\"https:\\\/\\\/klauskunze.com\\\/blog\\\/2024\\\/12\\\/29\\\/gibt-es-ein-globales-gerechtigkeitskonzept\\\/\",\"name\":\"Gibt es ein globales Gerechtigkeitskonzept? - Klaus Kunze\",\"isPartOf\":{\"@id\":\"https:\\\/\\\/klauskunze.com\\\/blog\\\/#website\"},\"primaryImageOfPage\":{\"@id\":\"https:\\\/\\\/klauskunze.com\\\/blog\\\/2024\\\/12\\\/29\\\/gibt-es-ein-globales-gerechtigkeitskonzept\\\/#primaryimage\"},\"image\":{\"@id\":\"https:\\\/\\\/klauskunze.com\\\/blog\\\/2024\\\/12\\\/29\\\/gibt-es-ein-globales-gerechtigkeitskonzept\\\/#primaryimage\"},\"thumbnailUrl\":\"https:\\\/\\\/klauskunze.com\\\/blog\\\/wp-content\\\/uploads\\\/2024\\\/12\\\/Zuschneiden_21.jpg\",\"datePublished\":\"2024-12-29T05:45:24+00:00\",\"dateModified\":\"2025-01-10T16:20:47+00:00\",\"breadcrumb\":{\"@id\":\"https:\\\/\\\/klauskunze.com\\\/blog\\\/2024\\\/12\\\/29\\\/gibt-es-ein-globales-gerechtigkeitskonzept\\\/#breadcrumb\"},\"inLanguage\":\"de\",\"potentialAction\":[{\"@type\":\"ReadAction\",\"target\":[\"https:\\\/\\\/klauskunze.com\\\/blog\\\/2024\\\/12\\\/29\\\/gibt-es-ein-globales-gerechtigkeitskonzept\\\/\"]}]},{\"@type\":\"ImageObject\",\"inLanguage\":\"de\",\"@id\":\"https:\\\/\\\/klauskunze.com\\\/blog\\\/2024\\\/12\\\/29\\\/gibt-es-ein-globales-gerechtigkeitskonzept\\\/#primaryimage\",\"url\":\"https:\\\/\\\/klauskunze.com\\\/blog\\\/wp-content\\\/uploads\\\/2024\\\/12\\\/Zuschneiden_21.jpg\",\"contentUrl\":\"https:\\\/\\\/klauskunze.com\\\/blog\\\/wp-content\\\/uploads\\\/2024\\\/12\\\/Zuschneiden_21.jpg\",\"width\":757,\"height\":577},{\"@type\":\"BreadcrumbList\",\"@id\":\"https:\\\/\\\/klauskunze.com\\\/blog\\\/2024\\\/12\\\/29\\\/gibt-es-ein-globales-gerechtigkeitskonzept\\\/#breadcrumb\",\"itemListElement\":[{\"@type\":\"ListItem\",\"position\":1,\"name\":\"Startseite\",\"item\":\"https:\\\/\\\/klauskunze.com\\\/blog\\\/\"},{\"@type\":\"ListItem\",\"position\":2,\"name\":\"Gibt es ein globales Gerechtigkeitskonzept?\"}]},{\"@type\":\"WebSite\",\"@id\":\"https:\\\/\\\/klauskunze.com\\\/blog\\\/#website\",\"url\":\"https:\\\/\\\/klauskunze.com\\\/blog\\\/\",\"name\":\"Klaus Kunze\",\"description\":\"Blog\",\"publisher\":{\"@id\":\"https:\\\/\\\/klauskunze.com\\\/blog\\\/#\\\/schema\\\/person\\\/9c091cf30ab68b897db6a517e3c3b11b\"},\"potentialAction\":[{\"@type\":\"SearchAction\",\"target\":{\"@type\":\"EntryPoint\",\"urlTemplate\":\"https:\\\/\\\/klauskunze.com\\\/blog\\\/?s={search_term_string}\"},\"query-input\":{\"@type\":\"PropertyValueSpecification\",\"valueRequired\":true,\"valueName\":\"search_term_string\"}}],\"inLanguage\":\"de\"},{\"@type\":[\"Person\",\"Organization\"],\"@id\":\"https:\\\/\\\/klauskunze.com\\\/blog\\\/#\\\/schema\\\/person\\\/9c091cf30ab68b897db6a517e3c3b11b\",\"name\":\"Klaus Kunze\",\"image\":{\"@type\":\"ImageObject\",\"inLanguage\":\"de\",\"@id\":\"https:\\\/\\\/secure.gravatar.com\\\/avatar\\\/5cd83cadbada9c331a79952fcca177ed3d3be4c7ad3239b9d934bf84adff15dd?s=96&d=blank&r=g\",\"url\":\"https:\\\/\\\/secure.gravatar.com\\\/avatar\\\/5cd83cadbada9c331a79952fcca177ed3d3be4c7ad3239b9d934bf84adff15dd?s=96&d=blank&r=g\",\"contentUrl\":\"https:\\\/\\\/secure.gravatar.com\\\/avatar\\\/5cd83cadbada9c331a79952fcca177ed3d3be4c7ad3239b9d934bf84adff15dd?s=96&d=blank&r=g\",\"caption\":\"Klaus Kunze\"},\"logo\":{\"@id\":\"https:\\\/\\\/secure.gravatar.com\\\/avatar\\\/5cd83cadbada9c331a79952fcca177ed3d3be4c7ad3239b9d934bf84adff15dd?s=96&d=blank&r=g\"},\"sameAs\":[\"http:\\\/\\\/KlausKunze.com\",\"https:\\\/\\\/x.com\\\/https:\\\/\\\/twitter.com\\\/KlausKunze3\"]}]}<\/script>\n<!-- \/ Yoast SEO plugin. -->","yoast_head_json":{"title":"Gibt es ein globales Gerechtigkeitskonzept? - Klaus Kunze","robots":{"index":"index","follow":"follow","max-snippet":"max-snippet:-1","max-image-preview":"max-image-preview:large","max-video-preview":"max-video-preview:-1"},"canonical":"https:\/\/klauskunze.com\/blog\/2024\/12\/29\/gibt-es-ein-globales-gerechtigkeitskonzept\/","og_locale":"de_DE","og_type":"article","og_title":"Gibt es ein globales Gerechtigkeitskonzept? - Klaus Kunze","og_description":"H\u00f6ren statt lesen: 11 Minuten Zweifellos ist sozial etwas ganz anderes als ideologisch sozialistisch zu denken, national nicht dasselbe wie nationalistisch und so fort. Skepsis ist geboten, wenn jemand hinter ein harmloses Adjektiv ein -ismus h\u00e4ngt. Gew\u00f6hnlich erhebt er dann Machtanspr\u00fcche und m\u00f6chte uns reglementieren. Er m\u00f6chte gern am Wesen seiner Ideologie die ganze Welt [&hellip;]","og_url":"https:\/\/klauskunze.com\/blog\/2024\/12\/29\/gibt-es-ein-globales-gerechtigkeitskonzept\/","og_site_name":"Klaus Kunze","article_published_time":"2024-12-29T05:45:24+00:00","article_modified_time":"2025-01-10T16:20:47+00:00","og_image":[{"width":757,"height":577,"url":"http:\/\/klauskunze.com\/blog\/wp-content\/uploads\/2024\/12\/Zuschneiden_21.jpg","type":"image\/jpeg"}],"author":"Klaus Kunze","twitter_misc":{"Verfasst von":"Klaus Kunze","Gesch\u00e4tzte Lesezeit":"8\u00a0Minuten"},"schema":{"@context":"https:\/\/schema.org","@graph":[{"@type":"Article","@id":"https:\/\/klauskunze.com\/blog\/2024\/12\/29\/gibt-es-ein-globales-gerechtigkeitskonzept\/#article","isPartOf":{"@id":"https:\/\/klauskunze.com\/blog\/2024\/12\/29\/gibt-es-ein-globales-gerechtigkeitskonzept\/"},"author":{"name":"Klaus Kunze","@id":"https:\/\/klauskunze.com\/blog\/#\/schema\/person\/9c091cf30ab68b897db6a517e3c3b11b"},"headline":"Gibt es ein globales Gerechtigkeitskonzept?","datePublished":"2024-12-29T05:45:24+00:00","dateModified":"2025-01-10T16:20:47+00:00","mainEntityOfPage":{"@id":"https:\/\/klauskunze.com\/blog\/2024\/12\/29\/gibt-es-ein-globales-gerechtigkeitskonzept\/"},"wordCount":2155,"commentCount":0,"publisher":{"@id":"https:\/\/klauskunze.com\/blog\/#\/schema\/person\/9c091cf30ab68b897db6a517e3c3b11b"},"image":{"@id":"https:\/\/klauskunze.com\/blog\/2024\/12\/29\/gibt-es-ein-globales-gerechtigkeitskonzept\/#primaryimage"},"thumbnailUrl":"https:\/\/klauskunze.com\/blog\/wp-content\/uploads\/2024\/12\/Zuschneiden_21.jpg","articleSection":{"1":"Philosophie","2":"Politik"},"inLanguage":"de","potentialAction":[{"@type":"CommentAction","name":"Comment","target":["https:\/\/klauskunze.com\/blog\/2024\/12\/29\/gibt-es-ein-globales-gerechtigkeitskonzept\/#respond"]}]},{"@type":"WebPage","@id":"https:\/\/klauskunze.com\/blog\/2024\/12\/29\/gibt-es-ein-globales-gerechtigkeitskonzept\/","url":"https:\/\/klauskunze.com\/blog\/2024\/12\/29\/gibt-es-ein-globales-gerechtigkeitskonzept\/","name":"Gibt es ein globales Gerechtigkeitskonzept? - Klaus Kunze","isPartOf":{"@id":"https:\/\/klauskunze.com\/blog\/#website"},"primaryImageOfPage":{"@id":"https:\/\/klauskunze.com\/blog\/2024\/12\/29\/gibt-es-ein-globales-gerechtigkeitskonzept\/#primaryimage"},"image":{"@id":"https:\/\/klauskunze.com\/blog\/2024\/12\/29\/gibt-es-ein-globales-gerechtigkeitskonzept\/#primaryimage"},"thumbnailUrl":"https:\/\/klauskunze.com\/blog\/wp-content\/uploads\/2024\/12\/Zuschneiden_21.jpg","datePublished":"2024-12-29T05:45:24+00:00","dateModified":"2025-01-10T16:20:47+00:00","breadcrumb":{"@id":"https:\/\/klauskunze.com\/blog\/2024\/12\/29\/gibt-es-ein-globales-gerechtigkeitskonzept\/#breadcrumb"},"inLanguage":"de","potentialAction":[{"@type":"ReadAction","target":["https:\/\/klauskunze.com\/blog\/2024\/12\/29\/gibt-es-ein-globales-gerechtigkeitskonzept\/"]}]},{"@type":"ImageObject","inLanguage":"de","@id":"https:\/\/klauskunze.com\/blog\/2024\/12\/29\/gibt-es-ein-globales-gerechtigkeitskonzept\/#primaryimage","url":"https:\/\/klauskunze.com\/blog\/wp-content\/uploads\/2024\/12\/Zuschneiden_21.jpg","contentUrl":"https:\/\/klauskunze.com\/blog\/wp-content\/uploads\/2024\/12\/Zuschneiden_21.jpg","width":757,"height":577},{"@type":"BreadcrumbList","@id":"https:\/\/klauskunze.com\/blog\/2024\/12\/29\/gibt-es-ein-globales-gerechtigkeitskonzept\/#breadcrumb","itemListElement":[{"@type":"ListItem","position":1,"name":"Startseite","item":"https:\/\/klauskunze.com\/blog\/"},{"@type":"ListItem","position":2,"name":"Gibt es ein globales Gerechtigkeitskonzept?"}]},{"@type":"WebSite","@id":"https:\/\/klauskunze.com\/blog\/#website","url":"https:\/\/klauskunze.com\/blog\/","name":"Klaus Kunze","description":"Blog","publisher":{"@id":"https:\/\/klauskunze.com\/blog\/#\/schema\/person\/9c091cf30ab68b897db6a517e3c3b11b"},"potentialAction":[{"@type":"SearchAction","target":{"@type":"EntryPoint","urlTemplate":"https:\/\/klauskunze.com\/blog\/?s={search_term_string}"},"query-input":{"@type":"PropertyValueSpecification","valueRequired":true,"valueName":"search_term_string"}}],"inLanguage":"de"},{"@type":["Person","Organization"],"@id":"https:\/\/klauskunze.com\/blog\/#\/schema\/person\/9c091cf30ab68b897db6a517e3c3b11b","name":"Klaus Kunze","image":{"@type":"ImageObject","inLanguage":"de","@id":"https:\/\/secure.gravatar.com\/avatar\/5cd83cadbada9c331a79952fcca177ed3d3be4c7ad3239b9d934bf84adff15dd?s=96&d=blank&r=g","url":"https:\/\/secure.gravatar.com\/avatar\/5cd83cadbada9c331a79952fcca177ed3d3be4c7ad3239b9d934bf84adff15dd?s=96&d=blank&r=g","contentUrl":"https:\/\/secure.gravatar.com\/avatar\/5cd83cadbada9c331a79952fcca177ed3d3be4c7ad3239b9d934bf84adff15dd?s=96&d=blank&r=g","caption":"Klaus Kunze"},"logo":{"@id":"https:\/\/secure.gravatar.com\/avatar\/5cd83cadbada9c331a79952fcca177ed3d3be4c7ad3239b9d934bf84adff15dd?s=96&d=blank&r=g"},"sameAs":["http:\/\/KlausKunze.com","https:\/\/x.com\/https:\/\/twitter.com\/KlausKunze3"]}]}},"post_mailing_queue_ids":[],"_links":{"self":[{"href":"https:\/\/klauskunze.com\/blog\/wp-json\/wp\/v2\/posts\/6807","targetHints":{"allow":["GET"]}}],"collection":[{"href":"https:\/\/klauskunze.com\/blog\/wp-json\/wp\/v2\/posts"}],"about":[{"href":"https:\/\/klauskunze.com\/blog\/wp-json\/wp\/v2\/types\/post"}],"author":[{"embeddable":true,"href":"https:\/\/klauskunze.com\/blog\/wp-json\/wp\/v2\/users\/1"}],"replies":[{"embeddable":true,"href":"https:\/\/klauskunze.com\/blog\/wp-json\/wp\/v2\/comments?post=6807"}],"version-history":[{"count":34,"href":"https:\/\/klauskunze.com\/blog\/wp-json\/wp\/v2\/posts\/6807\/revisions"}],"predecessor-version":[{"id":6875,"href":"https:\/\/klauskunze.com\/blog\/wp-json\/wp\/v2\/posts\/6807\/revisions\/6875"}],"wp:featuredmedia":[{"embeddable":true,"href":"https:\/\/klauskunze.com\/blog\/wp-json\/wp\/v2\/media\/6827"}],"wp:attachment":[{"href":"https:\/\/klauskunze.com\/blog\/wp-json\/wp\/v2\/media?parent=6807"}],"wp:term":[{"taxonomy":"category","embeddable":true,"href":"https:\/\/klauskunze.com\/blog\/wp-json\/wp\/v2\/categories?post=6807"},{"taxonomy":"post_tag","embeddable":true,"href":"https:\/\/klauskunze.com\/blog\/wp-json\/wp\/v2\/tags?post=6807"}],"curies":[{"name":"wp","href":"https:\/\/api.w.org\/{rel}","templated":true}]}}