{"id":7232,"date":"2025-10-19T20:49:29","date_gmt":"2025-10-19T18:49:29","guid":{"rendered":"https:\/\/klauskunze.com\/blog\/?p=7232"},"modified":"2025-10-27T11:49:04","modified_gmt":"2025-10-27T10:49:04","slug":"wir-sollen-vergessen","status":"publish","type":"post","link":"https:\/\/klauskunze.com\/blog\/2025\/10\/19\/wir-sollen-vergessen\/","title":{"rendered":"Wir sollen vergessen"},"content":{"rendered":"\n<p>Der Zeitgeist unserer woken Ideologen behauptet, Deutschland und das deutsche Volk gebe erst seit 1871. Die Narren k\u00f6nnen Staaten nicht von V\u00f6lkern unterscheiden! St\u00e4dte und L\u00e4nder hat man uns genommen und will und jetzt noch unsere Erinnerungen rauben. Ziel ist die Zersetzung unserer Identit\u00e4t.<\/p>\n\n\n\n<p>&#8222;<em>Fabian Frangk von A\u00dflaw in Schlesien, Freyer k\u00fcnste magister, Burger zu Buntzlaw, w\u00fcndscht heil dem Leser<\/em>&#8222;. So beginnt das m.W. \u00e4lteste deutsche Grammatikbuch. Geschrieben hat es Magister <a href=\"https:\/\/de.wikipedia.org\/wiki\/Fabian_Frangk\">Fabian Frangk<\/a> aus Aslau nord\u00f6stlich von Bunzlau, und gedruckt wurde es 1530 in Stra\u00dfburg.<\/p>\n\n\n\n<div class=\"wp-block-columns is-layout-flex wp-container-core-columns-is-layout-9d6595d7 wp-block-columns-is-layout-flex\">\n<div class=\"wp-block-column is-layout-flow wp-block-column-is-layout-flow\" style=\"flex-basis:100%\">\n<div class=\"wp-block-group\"><div class=\"wp-block-group__inner-container is-layout-constrained wp-block-group-is-layout-constrained\">\n<div class=\"wp-block-columns is-layout-flex wp-container-core-columns-is-layout-9d6595d7 wp-block-columns-is-layout-flex\">\n<div class=\"wp-block-column is-layout-flow wp-block-column-is-layout-flow\" style=\"flex-basis:50%\">\n<figure class=\"wp-block-image size-full\"><img loading=\"lazy\" decoding=\"async\" width=\"566\" height=\"786\" src=\"https:\/\/klauskunze.com\/blog\/wp-content\/uploads\/2025\/10\/Zuschneiden_23.jpg\" alt=\"\" class=\"wp-image-7233\" srcset=\"https:\/\/klauskunze.com\/blog\/wp-content\/uploads\/2025\/10\/Zuschneiden_23.jpg 566w, https:\/\/klauskunze.com\/blog\/wp-content\/uploads\/2025\/10\/Zuschneiden_23-216x300.jpg 216w\" sizes=\"auto, (max-width: 566px) 100vw, 566px\" \/><\/figure>\n<\/div>\n\n\n\n<div class=\"wp-block-column is-layout-flow wp-block-column-is-layout-flow\" style=\"flex-basis:50%\">\n<figure class=\"wp-block-image size-full\"><img loading=\"lazy\" decoding=\"async\" width=\"547\" height=\"772\" src=\"https:\/\/klauskunze.com\/blog\/wp-content\/uploads\/2025\/10\/Zuschneiden_25-1.jpg\" alt=\"\" class=\"wp-image-7236\" srcset=\"https:\/\/klauskunze.com\/blog\/wp-content\/uploads\/2025\/10\/Zuschneiden_25-1.jpg 547w, https:\/\/klauskunze.com\/blog\/wp-content\/uploads\/2025\/10\/Zuschneiden_25-1-213x300.jpg 213w\" sizes=\"auto, (max-width: 547px) 100vw, 547px\" \/><\/figure>\n<\/div>\n<\/div>\n<\/div><\/div>\n<\/div>\n<\/div>\n\n\n\n<blockquote class=\"wp-block-quote is-layout-flow wp-block-quote-is-layout-flow\">\n<p>&#8222;Da\u00df wir Deutsche neben andern Nationen in unserer Sprache nicht so ganz ungeschickt befunden w\u00fcrden, hab ich den jungen deutscher Zung Unge\u00fcbten und den recht regulierten deutschen Liebhabern diesen kurzen Unterricht zur Anweisung, sich darinnen zu \u00fcben, vorschreiben wollen.&#8220;<\/p>\n\n\n\n<p>Fabian Frangk, 1530<\/p>\n<\/blockquote>\n\n\n\n<p>Wir vergessen aber nicht Aslau bei Bunzlau und nicht die deutsche Stadt Stra\u00dfburg.<\/p>\n\n\n\n<figure class=\"wp-block-image size-large\"><img loading=\"lazy\" decoding=\"async\" width=\"1024\" height=\"655\" src=\"https:\/\/klauskunze.com\/blog\/wp-content\/uploads\/2025\/10\/Aslau-1024x655.jpg\" alt=\"\" class=\"wp-image-7238\" srcset=\"https:\/\/klauskunze.com\/blog\/wp-content\/uploads\/2025\/10\/Aslau-1024x655.jpg 1024w, https:\/\/klauskunze.com\/blog\/wp-content\/uploads\/2025\/10\/Aslau-300x192.jpg 300w, https:\/\/klauskunze.com\/blog\/wp-content\/uploads\/2025\/10\/Aslau-768x491.jpg 768w, https:\/\/klauskunze.com\/blog\/wp-content\/uploads\/2025\/10\/Aslau-900x576.jpg 900w, https:\/\/klauskunze.com\/blog\/wp-content\/uploads\/2025\/10\/Aslau.jpg 1097w\" sizes=\"auto, (max-width: 1024px) 100vw, 1024px\" \/><\/figure>\n\n\n\n<p>Es gibt das Buch auch antiquarisch als Reprint auf <a href=\"http:\/\/booklooker.de\/?fbclid=IwZXh0bgNhZW0CMTAAYnJpZBExbzBlaTZKdldkMDJtcHVVZAEecaqCitmNRFLHeWL96z0gJLE8P2dPxqHqmi4Xai8XMXvX2JjbAIY5MJMG9pA_aem_DhBAZ40bbQ1Xc8sX-CoiNg\" target=\"_blank\" rel=\"noreferrer noopener\">booklooker.de<\/a> und zum Herunterladen hier: <a href=\"https:\/\/www.digitale-sammlungen.de\/de\/view\/bsb10163878?page=1&amp;fbclid=IwZXh0bgNhZW0CMTAAYnJpZBExbzBlaTZKdldkMDJtcHVVZAEeV1nwHlUY6Sn4a2PmeU1Uk8GbfGcW0VX59TdS0GWU8bwekvNTlGB8kB2lQ7s_aem_tWg8_Q0mYdFvaXX53Q3ozw\" target=\"_blank\" rel=\"noreferrer noopener\">https:\/\/www.digitale-sammlungen.de\/de\/view\/bsb10163878&#8230;<\/a><\/p>\n\n\n\n<h2 class=\"wp-block-heading\">Die Methode des Wahnsinns<\/h2>\n\n\n\n<p>Und ist es auch Wahnsinn, so hat es doch Methode: Wir sollen vergessen, weil man uns dann einen vom Pferd erz\u00e4hlen, uns mental wehrlos machen und beliebig manipulieren kann. Das Vergessen unseres gemeinsamen Wissensschatzes soll uns die Identit\u00e4t nehmen. Die gemeinsame Identit\u00e4t allein aber ist es, die unser Gemeinwesen zusammenh\u00e4lt. Sie wird gest\u00fctzt durch gemeinsame Erinnerungen an historische Schicksale unseres ganzen Volks. <\/p>\n\n\n\n<blockquote class=\"wp-block-quote is-layout-flow wp-block-quote-is-layout-flow\">\n<p>Man muss das Kind beim Namen nennen: Wer die \u00e4lteren Epochen aus dem Geschichtsunterricht verbannt, amputiert die Erinnerung einer Nation. Der \u2013 publizistisch bislang nur von Ronald G. Asch im \u201cCicero\u201d zu Recht monierte \u2013 Vorsto\u00df in Berlin und Brandenburg, die Geschichte vor 1800 faktisch aus dem Lehrplan der Oberstufe zu streichen, ist kein p\u00e4dagogischer Betriebsunfall, sondern Ausdruck einer Ideologie der Gegenwartsverengung. Geschichte wird zur Kulisse f\u00fcr tagespolitische Moral \u2013 und alles, was nicht unmittelbar als \u201e<em>n\u00fctzlich<\/em>\u201c gilt, verschwindet. Der Westen soll seine Herkunft vergessen, damit er leichter umerzogen werden kann.&nbsp;Das ist der Subtext einer Politik, die den humanistischen Bildungskanon zur entbehrlichen Nostalgie erkl\u00e4rt. In Berlin und Brandenburg sollen vormoderne Epochen in der gymnasialen Oberstufe faktisch entfallen \u2013 ein weiterer Schritt in Richtung \u201e<em>Pr\u00e4sentismus<\/em>\u201c, der nur noch die Gegenwart und ihre unmittelbare Vorgeschichte gelten l\u00e4sst. Asch bringt es auf den Punkt: Der Westen entfremdet sich von seiner eigenen historischen Fundierung \u2013 genau jener Tiefendimension, die anderswo politisch handlungsleitend bleibt.<br><a href=\"https:\/\/ansage.org\/wie-man-ein-land-entwurzelt\/\">Thomas Hartung, Wie man ein Land entwurzelt, Ansage 16.10.2025<\/a><\/p>\n<\/blockquote>\n\n\n\n<p>Man will uns gewisserma\u00dfen das Gehirn durch die Nasenl\u00f6cher abpumpen und uns verbl\u00f6den. Bei einem Teil unserer j\u00fcngeren Generationen ist das bereits gelungen. Man ersetzt hergebrachte Worte und Begriffe durch Fantasieworte, die man mit dem gew\u00fcnschten ideologischen Ballast f\u00fcllt und der die Menschen \u00e4ngstigen und aufregen soll. zum Beispiel Klimagerechtigkeit oder Gender-Gap. Man streicht die Worte Sozialhilfe und ersetzt sie durch das Wort B\u00fcrgergeld, und das wiederum mu\u00df jetzt der Grundsicherung weichen. Was \u00e4ndert sich in der Sache aber? Nichts!<\/p>\n\n\n\n<p>Diese Methode ist uralt. Martin Luther erkannte sie 1530 in seiner Schrift &#8222;An den christlichen Adel deutscher Nation&#8220; und warf der Kirche vor:<\/p>\n\n\n\n<blockquote class=\"wp-block-quote is-layout-flow wp-block-quote-is-layout-flow\">\n<p>Es werden falsch meyster vnter euch erstehen, vnd mit falschen ertichten [erdichteten] wortten mit euch vmbgehen, euch ym sack zu verkeuffen. [&#8230;]<\/p>\n\n\n\n<p>Den es ist zu Rom gnug, das die wortlin [W\u00f6rtlein] sich wandeln vnnd nit die that, gleich als wen ich leret die hurwirtten solt burgemeysterin heyssen, vnnd doch hieydenn tzo frum als sie ist.<br>Martin Luther, An den christlichen Adel deutscher Nation, 1530, in: Otto Clemen, Luthers Werke, Band 1, Berlin 1929, S.369, 381.<\/p>\n<\/blockquote>\n\n\n\n<h2 class=\"wp-block-heading\">Die Abschaffung der Germanen<\/h2>\n\n\n\n<p>Nat\u00fcrlich wollen sie alles madig machen, was jahrhundertelang unser Stolz war. Gerade in tiefster Not, wenn der Feind tief im Lande stand, entsannen wir uns unserer Urspr\u00fcnge. So setzte Christian von Massenbach <em>Deutschland <\/em>und uns <em>Germanier <\/em>gleich:<\/p>\n\n\n\n<figure class=\"wp-block-image size-large\"><img loading=\"lazy\" decoding=\"async\" width=\"1024\" height=\"560\" src=\"https:\/\/klauskunze.com\/blog\/wp-content\/uploads\/2025\/10\/20251019_173049-1024x560.jpg\" alt=\"\" class=\"wp-image-7241\" srcset=\"https:\/\/klauskunze.com\/blog\/wp-content\/uploads\/2025\/10\/20251019_173049-1024x560.jpg 1024w, https:\/\/klauskunze.com\/blog\/wp-content\/uploads\/2025\/10\/20251019_173049-300x164.jpg 300w, https:\/\/klauskunze.com\/blog\/wp-content\/uploads\/2025\/10\/20251019_173049-768x420.jpg 768w, https:\/\/klauskunze.com\/blog\/wp-content\/uploads\/2025\/10\/20251019_173049-1536x839.jpg 1536w, https:\/\/klauskunze.com\/blog\/wp-content\/uploads\/2025\/10\/20251019_173049-900x492.jpg 900w, https:\/\/klauskunze.com\/blog\/wp-content\/uploads\/2025\/10\/20251019_173049-1280x700.jpg 1280w, https:\/\/klauskunze.com\/blog\/wp-content\/uploads\/2025\/10\/20251019_173049.jpg 1934w\" sizes=\"auto, (max-width: 1024px) 100vw, 1024px\" \/><\/figure>\n\n\n\n<blockquote class=\"wp-block-quote is-layout-flow wp-block-quote-is-layout-flow\">\n<p>Von der Ueberzeugung, da\u00df Deutschland untergehen werde, nieder\u00adgedr\u00fcckt, gebe ich hier nur einige Ideen an, wie vielleicht noch einem edeln Volk gehol\u00adfen werden k\u00f6nne. &#8230; Die Geschichte der k\u00fcnftigen Jahrhunderte wird keine Germanier mehr nennen. &#8211; Ungl\u00fcckliches deutsches Vaterland!<br>Christian von Massenbach, Memoiren zur Geschichte des preu\u00dfischen Staates, Amsterdam 1809, S.460.<\/p>\n<\/blockquote>\n\n\n\n<p>Von Germanen abzustammen ist gewisserma\u00dfen die Gr\u00fcndungslegende des deutschen Volkes. Sie beruht auf nachgewiesenen Tatsachen. Auf links gedrehten Historikern pa\u00dft sie nicht, und manche nagen am Schatz unserer Erinnerung wie gewisse Tierchen in unaufger\u00e4umten Kellern an unseren Vorr\u00e4ten.<\/p>\n\n\n<div class=\"wp-block-image\">\n<figure class=\"aligncenter size-full\"><a href=\"https:\/\/x.com\/GanzeGeschichte\/status\/1979621858782871942\"><img loading=\"lazy\" decoding=\"async\" width=\"583\" height=\"556\" src=\"https:\/\/klauskunze.com\/blog\/wp-content\/uploads\/2025\/10\/Zuschneiden_22-1.jpg\" alt=\"\" class=\"wp-image-7243\" srcset=\"https:\/\/klauskunze.com\/blog\/wp-content\/uploads\/2025\/10\/Zuschneiden_22-1.jpg 583w, https:\/\/klauskunze.com\/blog\/wp-content\/uploads\/2025\/10\/Zuschneiden_22-1-300x286.jpg 300w\" sizes=\"auto, (max-width: 583px) 100vw, 583px\" \/><\/a><figcaption class=\"wp-element-caption\">Der Beitrag von Simon Akstinat auf X (Twitter) 18.10.2025 &#8230;..<\/figcaption><\/figure>\n<\/div>\n\n<div class=\"wp-block-image\">\n<figure class=\"aligncenter size-large\"><a href=\"https:\/\/x.com\/GanzeGeschichte\/status\/1979619259388207108\"><img loading=\"lazy\" decoding=\"async\" width=\"1024\" height=\"514\" src=\"https:\/\/klauskunze.com\/blog\/wp-content\/uploads\/2025\/10\/Zuschneiden_26-1024x514.jpg\" alt=\"\" class=\"wp-image-7256\" srcset=\"https:\/\/klauskunze.com\/blog\/wp-content\/uploads\/2025\/10\/Zuschneiden_26-1024x514.jpg 1024w, https:\/\/klauskunze.com\/blog\/wp-content\/uploads\/2025\/10\/Zuschneiden_26-300x151.jpg 300w, https:\/\/klauskunze.com\/blog\/wp-content\/uploads\/2025\/10\/Zuschneiden_26-768x385.jpg 768w, https:\/\/klauskunze.com\/blog\/wp-content\/uploads\/2025\/10\/Zuschneiden_26-1536x771.jpg 1536w, https:\/\/klauskunze.com\/blog\/wp-content\/uploads\/2025\/10\/Zuschneiden_26-900x452.jpg 900w, https:\/\/klauskunze.com\/blog\/wp-content\/uploads\/2025\/10\/Zuschneiden_26-1280x642.jpg 1280w, https:\/\/klauskunze.com\/blog\/wp-content\/uploads\/2025\/10\/Zuschneiden_26.jpg 1819w\" sizes=\"auto, (max-width: 1024px) 100vw, 1024px\" \/><\/a><figcaption class=\"wp-element-caption\"><a href=\"https:\/\/x.com\/GanzeGeschichte\/status\/1979619259388207108\">&#8230; f\u00fchrte zu einer ebhaften Diskussion.<\/a><\/figcaption><\/figure>\n<\/div>\n\n\n<p>Selbst der um das Arch\u00e4ologische Landesmuseum in Halle hochverdiente, aber SPD-lastige Harald Meller vernebelt in einem Youtube-Filmchen seines Museums die Tatsachen und fabuliert von der &#8222;Erfindung&#8220; der Germanen. Doch wie k\u00f6nnte er als Arch\u00e4ologe germanische Funde von keltischen oder r\u00f6mischen unterscheiden, wenn die Germanen blo\u00dfe Fiktion gewesen w\u00e4ren? Da\u00df es die Germanen gab, steht fest, nur ob sie ein <em>Volk <\/em>waren, ist eine Frage der Definition des Begriffs Volk.<\/p>\n\n\n\n<p>Tats\u00e4chlich waren es die R\u00f6mer, die sich des Begriffes <em>Germanen <\/em>bedienten und ihn dauerhaft machten. Da\u00df die Germanen selbst in nicht unbedingt dauerhaften Kult- und Stammesverb\u00e4nden lebten und kein gemeinsames &#8222;Reich&#8220; besa\u00dfen, hei\u00dft aber nicht, da\u00df es sie nicht gegeben h\u00e4tte. Sie waren historisch, sprachlich, kulturell und religionswissenschaftlich durch vielerlei Gemeinsamkeiten gepr\u00e4gt und ohne Zweifel gemeinsamer Abstammung. <\/p>\n\n\n\n<figure class=\"wp-block-image alignwide size-large\"><img loading=\"lazy\" decoding=\"async\" width=\"1024\" height=\"903\" src=\"https:\/\/klauskunze.com\/blog\/wp-content\/uploads\/2025\/10\/z-1024x903.jpg\" alt=\"\" class=\"wp-image-7248\" srcset=\"https:\/\/klauskunze.com\/blog\/wp-content\/uploads\/2025\/10\/z-1024x903.jpg 1024w, https:\/\/klauskunze.com\/blog\/wp-content\/uploads\/2025\/10\/z-300x265.jpg 300w, https:\/\/klauskunze.com\/blog\/wp-content\/uploads\/2025\/10\/z-768x678.jpg 768w, https:\/\/klauskunze.com\/blog\/wp-content\/uploads\/2025\/10\/z-1536x1355.jpg 1536w, https:\/\/klauskunze.com\/blog\/wp-content\/uploads\/2025\/10\/z-2048x1807.jpg 2048w, https:\/\/klauskunze.com\/blog\/wp-content\/uploads\/2025\/10\/z-900x794.jpg 900w, https:\/\/klauskunze.com\/blog\/wp-content\/uploads\/2025\/10\/z-1280x1129.jpg 1280w\" sizes=\"auto, (max-width: 1024px) 100vw, 1024px\" \/><figcaption class=\"wp-element-caption\">Die Verehrung einzelner G\u00f6tter variierte von Zeit zu Zeit und von Stamm zu Stamm (hier: Wodan \/ Odin, Hornhausen um 1630-55, Landesmuseum Halle: &#8222;Sehr seltener Nachweis steinerner Bildhaauerei und Architektur im germanischen Lulturkreis&#8220;)<\/figcaption><\/figure>\n\n\n\n<p>Da\u00df diese Abstammung ihnen sehr bewu\u00dft war, ergab sich nicht nur aus ihren damaligen Gr\u00fcndungslegenden, die sich gern auf Abstammung von gemeinsamen Stammensg\u00f6ttern wie Wodan beriefen. Es ist auch historisch nachgewiesen, da\u00df diese Gemeinsamkeiten durchaus von ihnen selbst als relevanter Umstand wahrgenommen wurden. Das ergibt sich aus der uns unter anderem von Tacitus \u00fcberlieferten Stadtgeschichte K\u00f6lns. Es ist dabei irrelevant, ob die Germanen selbst in ihrer damaligen &#8222;gemeingermanischen&#8220; Sprache sich &#8222;Germani&#8220; nannten wie Tacitus. Als die Tenkterer 69 n.Chr. K\u00f6ln belagerten, sollten die Ubier (<em>Agrippinenser<\/em>) die Tore \u00f6ffnen.<\/p>\n\n\n\n<blockquote class=\"wp-block-quote is-layout-flow wp-block-quote-is-layout-flow\">\n<p>Die Tenkterer, ein durch den Rhein von der Kolonie getrennter Stamm, schickten Gesandte und lie\u00dfen diese ihre Forderungen in einer Volksversammlung der Agrippinenser vortragen. Der mutigste der Gesandten trug sie in folgender Weise vor: &#8218;Da\u00df ihr in den Leib und den Namen Germaniens zur\u00fcckgekehrt seid [&#8218;redisse vos in corpus nomenque Germaniae&#8216;], danken wir den gemeinsamen G\u00f6ttern und vor allem dem obersten der G\u00f6tter, dem Mars; und wir gratulieren euch, da\u00df ihr endlich frei unter Freien sein werdet. Denn bis zu diesem Tag haben die R\u00f6mer die Fl\u00fcsse und L\u00e4nder und gewisserma\u00dfen den Himmel selbst abgesperrt, um unsere Gespr\u00e4che und Zusammenk\u00fcnfte zu verhindern, oder \u2013 was f\u00fcr M\u00e4nner, die zu den Waffen geboren sind, noch beleidigender ist \u2013 uns unbewaffnet und fast nackt unter Aufsicht und gegen Bezahlung zusammenzukommen zu zwingen. Damit aber unsere Freundschaft und unser B\u00fcndnis ewig w\u00e4hre, fordern wir von euch, die Mauern der Kolonie, diese Bollwerke der Knechtschaft, niederzurei\u00dfen <\/p>\n\n\n\n<p>Tacitus, Historien&#8220; (Historiae, Buch 4, Kapitel 64)<\/p>\n<\/blockquote>\n\n\n\n<p>Der germanische Kriegsgott Ziu entspricht in der <em>interpretatio romana <\/em>dem r\u00f6mischen Mars. &#8218;redisse vos in corpus nomenque Germaniae&#8216; (so Tacitus) ist &#8222;so zu verstehen, da\u00df sie sich wieder als Germanen, nicht mehr als R\u00f6mer betrachteten&#8220; (Werner Eck, K\u00f6ln in r\u00f6mischer Zeit, 2004, S.761 in Fu\u00dfnote 45).  <\/p>\n\n\n\n<p>Dieses gemeinsame Bewu\u00dftsein spielte politisch im Mittelalter noch keine Rolle, weil es noch keine Staaten gab und as Konzept des Nationalstaats noch keinen Sinn ergab. Es war aber immer wach und vorhanden. So dichtete uns der bedeutendste S\u00e4nger des Hochmittelalters, Walther von der Vogelweide (ca.1170-1230):<\/p>\n\n\n\n<figure class=\"wp-block-table\"><table class=\"has-fixed-layout\"><tbody><tr><td><em>Ich wil tiuschen frouwen sagen<\/em> <em>solhiu m\u00e6re, daz si deste baz<\/em> <em>al der werlte suln behagen:<\/em> <em>\u00e2ne gr\u00f4ze miete tuon ich daz.<\/em> <em>waz wold ich ze l\u00f4ne?<\/em> <em>si sint mir ze h\u00ear:<\/em> <em>s\u00f4 bin ich gef\u00fcege und bite si nihtes m\u00ear,<\/em> <em>wan daz si mich gr\u00fcezen sch\u00f4ne.<\/em> <em>&nbsp;<\/em> <em>&nbsp;<\/em> <br><br><em>Ich h\u00e2n lande vil gesehen<\/em> <em>unde nam der besten gerne war:<\/em> <em>\u00fcbel m\u00fceze mir geschehen,<\/em> <em>kunde ich ie m\u00een herze bringen dar,<\/em> <em>daz im wol gevallen<\/em> <em>wolde fremeder site.<\/em> <em>n\u00fb waz hulfe mich, ob ich unrehte strite?<\/em> <em>tiuschiu zuht g\u00e2t vor in allen.<\/em> <em>&nbsp;<\/em> <br><br><em>Von der Elbe unz an den R\u00een<\/em> <em>und her wider unz an Ungerlant<\/em> <br> <em>mugen wol die besten s\u00een,<\/em> <em>die ich in der werlte h\u00e2n erkant.<\/em> <em>kan ich rehte schouwen<\/em> <em>guot gel\u00e2z unt l\u00eep,<\/em> <em>sem mir got, s\u00f4 sw\u00fcere ich wol, daz hie diu w\u00eep<\/em> <em>bezzer sint danne ander frouwen.<\/em> <em>&nbsp;<\/em> <br><br><em>Tiusche man sint wol gezogen,<\/em> <em>rehte als engel sint diu w\u00eep get\u00e2n.<\/em> <em>swer si schildet, derst betrogen:<\/em> <em>ich enkan s\u00een anders niht verst\u00e2n.<\/em> <em>tugent und reine minne,<\/em> <em>swer die suochen wil,<\/em> <em>der sol komen in unser lant: da ist w\u00fcnne vil:<\/em> <em>lange m\u00fceze ich leben dar inne!<\/em><\/td><td><br><br><em>Ich will deutschen Frauen sagen<\/em> <em>solche Dinge, da\u00df sie umso mehr<\/em> <em>aller Welt gefallen sollen:<\/em> <em>Ohne gro\u00dfen Lohn tue ich das.<\/em> <em>Was ich zum Lohne will?<\/em> <em>Sie sind mir zu hehr.<\/em> <em>Darum bescheid ich mich und bitte sie um nichts mehr,<\/em> <em>als da\u00df sie mich sch\u00f6n gr\u00fc\u00dfen.<\/em> <em>&nbsp;<\/em> <br><br><em>Ich hab Lande viel gesehen<\/em> <em>und die besten gern betrachtet.<\/em> <em>\u00dcbel m\u00fc\u00dfte mir geschehen,<\/em> <em>k\u00f6nnte ich je mein Herz dazu bringen,<\/em> <em>da\u00df ihm wohlgefallen<\/em> <em>wolle fremde Sitte.<\/em> <em>Was n\u00fctzte es mir zu l\u00fcgen?<\/em> <em>Deutsche Erziehung geht \u00fcber alle.<\/em> <em>&nbsp;<\/em> <br><br><em>Von der Elbe bis zum Rhein<\/em> <em>und zur\u00fcck her wieder ans Ungarland<\/em> <em>da m\u00f6gen wohl die besten sein,<\/em> <em>die in der Welt ich hab erkannt.<\/em> <em>Wenn ich richtig schaue<\/em> <em>gutes Benehmen und Leib,<\/em> <em>bei Gott schw\u00f6re ich, da\u00df hier die Weib<\/em> <em>besser sind als anderswo die Frauen.<\/em> <em>&nbsp;<\/em> <em>&nbsp;<\/em> <br><br><em>Gut erzogen ist der deutsche Mann,<\/em> <em>recht wie Engel ihre Frauen,<\/em> <em>wer sie schilt, der t\u00e4uscht sich,<\/em> <em>niemals k\u00f6nnt ich ihn verstehn.<\/em> <em>Tugend und reine Liebe,<\/em> <em>wer die suchen will,<\/em> <em>der soll kommen in unser Land: da ist Wonne viel,<\/em> <em>lange m\u00f6chte ich leben darinne!<\/em><\/td><\/tr><\/tbody><\/table><\/figure>\n\n\n\n<hr class=\"wp-block-separator has-alpha-channel-opacity\"\/>\n\n\n\n<p>Wer freilich mit dekonstruktivistisch halbierter Vernunft und herzlosem Selbstha\u00df unser Volk und Land im Orkus einer<em> damnatio memoriae<\/em> versenken will, mag einmal ein paar Jahre Geschichtsunterricht nehmen. Ernst nehmen m\u00fcssen wir ihn nicht. Solche Leute haben von Tuten und Blasen keine Ahnung, wollen uns aber zum Totentanz unseres historischen Ged\u00e4chtnisses und unserer Identit\u00e4t aufspielen.<\/p>\n\n\n\n<p><\/p>\n\n\n\n<h2 class=\"wp-block-heading\">Lesen Sie gern hier weiter:<\/h2>\n\n\n\n<figure class=\"wp-block-embed is-type-wp-embed is-provider-klaus-kunze wp-block-embed-klaus-kunze\"><div class=\"wp-block-embed__wrapper\">\n<blockquote class=\"wp-embedded-content\" data-secret=\"7RduD4Fl5p\"><a href=\"https:\/\/klauskunze.com\/blog\/2025\/10\/24\/die-facetten-des-kulturkampfes\/\">Die Facetten des Kulturkampfes<\/a><\/blockquote><iframe loading=\"lazy\" class=\"wp-embedded-content\" sandbox=\"allow-scripts\" security=\"restricted\" style=\"position: absolute; visibility: hidden;\" title=\"&#8222;Die Facetten des Kulturkampfes&#8220; &#8212; Klaus Kunze\" src=\"https:\/\/klauskunze.com\/blog\/2025\/10\/24\/die-facetten-des-kulturkampfes\/embed\/#?secret=Jd9TMx9t9h#?secret=7RduD4Fl5p\" data-secret=\"7RduD4Fl5p\" width=\"600\" height=\"338\" frameborder=\"0\" marginwidth=\"0\" marginheight=\"0\" scrolling=\"no\"><\/iframe>\n<\/div><\/figure>\n","protected":false},"excerpt":{"rendered":"<p>Der Zeitgeist unserer woken Ideologen behauptet, Deutschland und das deutsche Volk gebe erst seit 1871. Die Narren k\u00f6nnen Staaten nicht von V\u00f6lkern unterscheiden! St\u00e4dte und L\u00e4nder hat man uns genommen und will und jetzt noch unsere Erinnerungen rauben. Ziel ist die Zersetzung unserer Identit\u00e4t. &#8222;Fabian Frangk von A\u00dflaw in Schlesien, Freyer k\u00fcnste magister, Burger zu [&hellip;]<\/p>\n","protected":false},"author":1,"featured_media":7249,"comment_status":"open","ping_status":"open","sticky":false,"template":"","format":"standard","meta":{"h5ap_radio_sources":[],"twitterCardType":"","cardImageID":0,"cardImage":"","cardTitle":"","cardDesc":"","cardImageAlt":"","cardPlayer":"","cardPlayerWidth":0,"cardPlayerHeight":0,"cardPlayerStream":"","cardPlayerCodec":"","footnotes":""},"categories":[1,13,20,17],"tags":[],"class_list":["post-7232","post","type-post","status-publish","format-standard","has-post-thumbnail","hentry","category-allgemein","category-geschichte","category-philosophie","category-politik"],"yoast_head":"<!-- This site is optimized with the Yoast SEO plugin v27.5 - https:\/\/yoast.com\/product\/yoast-seo-wordpress\/ -->\n<title>Wir sollen vergessen - Klaus Kunze<\/title>\n<meta name=\"robots\" content=\"index, follow, max-snippet:-1, max-image-preview:large, max-video-preview:-1\" \/>\n<link rel=\"canonical\" href=\"https:\/\/klauskunze.com\/blog\/2025\/10\/19\/wir-sollen-vergessen\/\" \/>\n<meta property=\"og:locale\" content=\"de_DE\" \/>\n<meta property=\"og:type\" content=\"article\" \/>\n<meta property=\"og:title\" content=\"Wir sollen vergessen - Klaus Kunze\" \/>\n<meta property=\"og:description\" content=\"Der Zeitgeist unserer woken Ideologen behauptet, Deutschland und das deutsche Volk gebe erst seit 1871. Die Narren k\u00f6nnen Staaten nicht von V\u00f6lkern unterscheiden! St\u00e4dte und L\u00e4nder hat man uns genommen und will und jetzt noch unsere Erinnerungen rauben. Ziel ist die Zersetzung unserer Identit\u00e4t. &#8222;Fabian Frangk von A\u00dflaw in Schlesien, Freyer k\u00fcnste magister, Burger zu [&hellip;]\" \/>\n<meta property=\"og:url\" content=\"https:\/\/klauskunze.com\/blog\/2025\/10\/19\/wir-sollen-vergessen\/\" \/>\n<meta property=\"og:site_name\" content=\"Klaus Kunze\" \/>\n<meta property=\"article:published_time\" content=\"2025-10-19T18:49:29+00:00\" \/>\n<meta property=\"article:modified_time\" content=\"2025-10-27T10:49:04+00:00\" \/>\n<meta property=\"og:image\" content=\"http:\/\/klauskunze.com\/blog\/wp-content\/uploads\/2025\/10\/z-1-1024x799.jpg\" \/>\n\t<meta property=\"og:image:width\" content=\"1024\" \/>\n\t<meta property=\"og:image:height\" content=\"799\" \/>\n\t<meta property=\"og:image:type\" content=\"image\/jpeg\" \/>\n<meta name=\"author\" content=\"Klaus Kunze\" \/>\n<meta name=\"twitter:label1\" content=\"Verfasst von\" \/>\n\t<meta name=\"twitter:data1\" content=\"Klaus Kunze\" \/>\n\t<meta name=\"twitter:label2\" content=\"Gesch\u00e4tzte Lesezeit\" \/>\n\t<meta name=\"twitter:data2\" content=\"8\u00a0Minuten\" \/>\n<script type=\"application\/ld+json\" class=\"yoast-schema-graph\">{\"@context\":\"https:\\\/\\\/schema.org\",\"@graph\":[{\"@type\":\"Article\",\"@id\":\"https:\\\/\\\/klauskunze.com\\\/blog\\\/2025\\\/10\\\/19\\\/wir-sollen-vergessen\\\/#article\",\"isPartOf\":{\"@id\":\"https:\\\/\\\/klauskunze.com\\\/blog\\\/2025\\\/10\\\/19\\\/wir-sollen-vergessen\\\/\"},\"author\":{\"name\":\"Klaus Kunze\",\"@id\":\"https:\\\/\\\/klauskunze.com\\\/blog\\\/#\\\/schema\\\/person\\\/9c091cf30ab68b897db6a517e3c3b11b\"},\"headline\":\"Wir sollen vergessen\",\"datePublished\":\"2025-10-19T18:49:29+00:00\",\"dateModified\":\"2025-10-27T10:49:04+00:00\",\"mainEntityOfPage\":{\"@id\":\"https:\\\/\\\/klauskunze.com\\\/blog\\\/2025\\\/10\\\/19\\\/wir-sollen-vergessen\\\/\"},\"wordCount\":1761,\"commentCount\":0,\"publisher\":{\"@id\":\"https:\\\/\\\/klauskunze.com\\\/blog\\\/#\\\/schema\\\/person\\\/9c091cf30ab68b897db6a517e3c3b11b\"},\"image\":{\"@id\":\"https:\\\/\\\/klauskunze.com\\\/blog\\\/2025\\\/10\\\/19\\\/wir-sollen-vergessen\\\/#primaryimage\"},\"thumbnailUrl\":\"https:\\\/\\\/klauskunze.com\\\/blog\\\/wp-content\\\/uploads\\\/2025\\\/10\\\/z-1.jpg\",\"articleSection\":{\"1\":\"Geschichte\",\"2\":\"Philosophie\",\"3\":\"Politik\"},\"inLanguage\":\"de\",\"potentialAction\":[{\"@type\":\"CommentAction\",\"name\":\"Comment\",\"target\":[\"https:\\\/\\\/klauskunze.com\\\/blog\\\/2025\\\/10\\\/19\\\/wir-sollen-vergessen\\\/#respond\"]}]},{\"@type\":\"WebPage\",\"@id\":\"https:\\\/\\\/klauskunze.com\\\/blog\\\/2025\\\/10\\\/19\\\/wir-sollen-vergessen\\\/\",\"url\":\"https:\\\/\\\/klauskunze.com\\\/blog\\\/2025\\\/10\\\/19\\\/wir-sollen-vergessen\\\/\",\"name\":\"Wir sollen vergessen - Klaus Kunze\",\"isPartOf\":{\"@id\":\"https:\\\/\\\/klauskunze.com\\\/blog\\\/#website\"},\"primaryImageOfPage\":{\"@id\":\"https:\\\/\\\/klauskunze.com\\\/blog\\\/2025\\\/10\\\/19\\\/wir-sollen-vergessen\\\/#primaryimage\"},\"image\":{\"@id\":\"https:\\\/\\\/klauskunze.com\\\/blog\\\/2025\\\/10\\\/19\\\/wir-sollen-vergessen\\\/#primaryimage\"},\"thumbnailUrl\":\"https:\\\/\\\/klauskunze.com\\\/blog\\\/wp-content\\\/uploads\\\/2025\\\/10\\\/z-1.jpg\",\"datePublished\":\"2025-10-19T18:49:29+00:00\",\"dateModified\":\"2025-10-27T10:49:04+00:00\",\"breadcrumb\":{\"@id\":\"https:\\\/\\\/klauskunze.com\\\/blog\\\/2025\\\/10\\\/19\\\/wir-sollen-vergessen\\\/#breadcrumb\"},\"inLanguage\":\"de\",\"potentialAction\":[{\"@type\":\"ReadAction\",\"target\":[\"https:\\\/\\\/klauskunze.com\\\/blog\\\/2025\\\/10\\\/19\\\/wir-sollen-vergessen\\\/\"]}]},{\"@type\":\"ImageObject\",\"inLanguage\":\"de\",\"@id\":\"https:\\\/\\\/klauskunze.com\\\/blog\\\/2025\\\/10\\\/19\\\/wir-sollen-vergessen\\\/#primaryimage\",\"url\":\"https:\\\/\\\/klauskunze.com\\\/blog\\\/wp-content\\\/uploads\\\/2025\\\/10\\\/z-1.jpg\",\"contentUrl\":\"https:\\\/\\\/klauskunze.com\\\/blog\\\/wp-content\\\/uploads\\\/2025\\\/10\\\/z-1.jpg\",\"width\":1714,\"height\":1338},{\"@type\":\"BreadcrumbList\",\"@id\":\"https:\\\/\\\/klauskunze.com\\\/blog\\\/2025\\\/10\\\/19\\\/wir-sollen-vergessen\\\/#breadcrumb\",\"itemListElement\":[{\"@type\":\"ListItem\",\"position\":1,\"name\":\"Startseite\",\"item\":\"https:\\\/\\\/klauskunze.com\\\/blog\\\/\"},{\"@type\":\"ListItem\",\"position\":2,\"name\":\"Wir sollen vergessen\"}]},{\"@type\":\"WebSite\",\"@id\":\"https:\\\/\\\/klauskunze.com\\\/blog\\\/#website\",\"url\":\"https:\\\/\\\/klauskunze.com\\\/blog\\\/\",\"name\":\"Klaus Kunze\",\"description\":\"Blog\",\"publisher\":{\"@id\":\"https:\\\/\\\/klauskunze.com\\\/blog\\\/#\\\/schema\\\/person\\\/9c091cf30ab68b897db6a517e3c3b11b\"},\"potentialAction\":[{\"@type\":\"SearchAction\",\"target\":{\"@type\":\"EntryPoint\",\"urlTemplate\":\"https:\\\/\\\/klauskunze.com\\\/blog\\\/?s={search_term_string}\"},\"query-input\":{\"@type\":\"PropertyValueSpecification\",\"valueRequired\":true,\"valueName\":\"search_term_string\"}}],\"inLanguage\":\"de\"},{\"@type\":[\"Person\",\"Organization\"],\"@id\":\"https:\\\/\\\/klauskunze.com\\\/blog\\\/#\\\/schema\\\/person\\\/9c091cf30ab68b897db6a517e3c3b11b\",\"name\":\"Klaus Kunze\",\"image\":{\"@type\":\"ImageObject\",\"inLanguage\":\"de\",\"@id\":\"https:\\\/\\\/secure.gravatar.com\\\/avatar\\\/5cd83cadbada9c331a79952fcca177ed3d3be4c7ad3239b9d934bf84adff15dd?s=96&d=blank&r=g\",\"url\":\"https:\\\/\\\/secure.gravatar.com\\\/avatar\\\/5cd83cadbada9c331a79952fcca177ed3d3be4c7ad3239b9d934bf84adff15dd?s=96&d=blank&r=g\",\"contentUrl\":\"https:\\\/\\\/secure.gravatar.com\\\/avatar\\\/5cd83cadbada9c331a79952fcca177ed3d3be4c7ad3239b9d934bf84adff15dd?s=96&d=blank&r=g\",\"caption\":\"Klaus Kunze\"},\"logo\":{\"@id\":\"https:\\\/\\\/secure.gravatar.com\\\/avatar\\\/5cd83cadbada9c331a79952fcca177ed3d3be4c7ad3239b9d934bf84adff15dd?s=96&d=blank&r=g\"},\"sameAs\":[\"http:\\\/\\\/KlausKunze.com\",\"https:\\\/\\\/x.com\\\/https:\\\/\\\/twitter.com\\\/KlausKunze3\"]}]}<\/script>\n<!-- \/ Yoast SEO plugin. -->","yoast_head_json":{"title":"Wir sollen vergessen - Klaus Kunze","robots":{"index":"index","follow":"follow","max-snippet":"max-snippet:-1","max-image-preview":"max-image-preview:large","max-video-preview":"max-video-preview:-1"},"canonical":"https:\/\/klauskunze.com\/blog\/2025\/10\/19\/wir-sollen-vergessen\/","og_locale":"de_DE","og_type":"article","og_title":"Wir sollen vergessen - Klaus Kunze","og_description":"Der Zeitgeist unserer woken Ideologen behauptet, Deutschland und das deutsche Volk gebe erst seit 1871. Die Narren k\u00f6nnen Staaten nicht von V\u00f6lkern unterscheiden! St\u00e4dte und L\u00e4nder hat man uns genommen und will und jetzt noch unsere Erinnerungen rauben. Ziel ist die Zersetzung unserer Identit\u00e4t. &#8222;Fabian Frangk von A\u00dflaw in Schlesien, Freyer k\u00fcnste magister, Burger zu [&hellip;]","og_url":"https:\/\/klauskunze.com\/blog\/2025\/10\/19\/wir-sollen-vergessen\/","og_site_name":"Klaus Kunze","article_published_time":"2025-10-19T18:49:29+00:00","article_modified_time":"2025-10-27T10:49:04+00:00","og_image":[{"width":1024,"height":799,"url":"http:\/\/klauskunze.com\/blog\/wp-content\/uploads\/2025\/10\/z-1-1024x799.jpg","type":"image\/jpeg"}],"author":"Klaus Kunze","twitter_misc":{"Verfasst von":"Klaus Kunze","Gesch\u00e4tzte Lesezeit":"8\u00a0Minuten"},"schema":{"@context":"https:\/\/schema.org","@graph":[{"@type":"Article","@id":"https:\/\/klauskunze.com\/blog\/2025\/10\/19\/wir-sollen-vergessen\/#article","isPartOf":{"@id":"https:\/\/klauskunze.com\/blog\/2025\/10\/19\/wir-sollen-vergessen\/"},"author":{"name":"Klaus Kunze","@id":"https:\/\/klauskunze.com\/blog\/#\/schema\/person\/9c091cf30ab68b897db6a517e3c3b11b"},"headline":"Wir sollen vergessen","datePublished":"2025-10-19T18:49:29+00:00","dateModified":"2025-10-27T10:49:04+00:00","mainEntityOfPage":{"@id":"https:\/\/klauskunze.com\/blog\/2025\/10\/19\/wir-sollen-vergessen\/"},"wordCount":1761,"commentCount":0,"publisher":{"@id":"https:\/\/klauskunze.com\/blog\/#\/schema\/person\/9c091cf30ab68b897db6a517e3c3b11b"},"image":{"@id":"https:\/\/klauskunze.com\/blog\/2025\/10\/19\/wir-sollen-vergessen\/#primaryimage"},"thumbnailUrl":"https:\/\/klauskunze.com\/blog\/wp-content\/uploads\/2025\/10\/z-1.jpg","articleSection":{"1":"Geschichte","2":"Philosophie","3":"Politik"},"inLanguage":"de","potentialAction":[{"@type":"CommentAction","name":"Comment","target":["https:\/\/klauskunze.com\/blog\/2025\/10\/19\/wir-sollen-vergessen\/#respond"]}]},{"@type":"WebPage","@id":"https:\/\/klauskunze.com\/blog\/2025\/10\/19\/wir-sollen-vergessen\/","url":"https:\/\/klauskunze.com\/blog\/2025\/10\/19\/wir-sollen-vergessen\/","name":"Wir sollen vergessen - Klaus Kunze","isPartOf":{"@id":"https:\/\/klauskunze.com\/blog\/#website"},"primaryImageOfPage":{"@id":"https:\/\/klauskunze.com\/blog\/2025\/10\/19\/wir-sollen-vergessen\/#primaryimage"},"image":{"@id":"https:\/\/klauskunze.com\/blog\/2025\/10\/19\/wir-sollen-vergessen\/#primaryimage"},"thumbnailUrl":"https:\/\/klauskunze.com\/blog\/wp-content\/uploads\/2025\/10\/z-1.jpg","datePublished":"2025-10-19T18:49:29+00:00","dateModified":"2025-10-27T10:49:04+00:00","breadcrumb":{"@id":"https:\/\/klauskunze.com\/blog\/2025\/10\/19\/wir-sollen-vergessen\/#breadcrumb"},"inLanguage":"de","potentialAction":[{"@type":"ReadAction","target":["https:\/\/klauskunze.com\/blog\/2025\/10\/19\/wir-sollen-vergessen\/"]}]},{"@type":"ImageObject","inLanguage":"de","@id":"https:\/\/klauskunze.com\/blog\/2025\/10\/19\/wir-sollen-vergessen\/#primaryimage","url":"https:\/\/klauskunze.com\/blog\/wp-content\/uploads\/2025\/10\/z-1.jpg","contentUrl":"https:\/\/klauskunze.com\/blog\/wp-content\/uploads\/2025\/10\/z-1.jpg","width":1714,"height":1338},{"@type":"BreadcrumbList","@id":"https:\/\/klauskunze.com\/blog\/2025\/10\/19\/wir-sollen-vergessen\/#breadcrumb","itemListElement":[{"@type":"ListItem","position":1,"name":"Startseite","item":"https:\/\/klauskunze.com\/blog\/"},{"@type":"ListItem","position":2,"name":"Wir sollen vergessen"}]},{"@type":"WebSite","@id":"https:\/\/klauskunze.com\/blog\/#website","url":"https:\/\/klauskunze.com\/blog\/","name":"Klaus Kunze","description":"Blog","publisher":{"@id":"https:\/\/klauskunze.com\/blog\/#\/schema\/person\/9c091cf30ab68b897db6a517e3c3b11b"},"potentialAction":[{"@type":"SearchAction","target":{"@type":"EntryPoint","urlTemplate":"https:\/\/klauskunze.com\/blog\/?s={search_term_string}"},"query-input":{"@type":"PropertyValueSpecification","valueRequired":true,"valueName":"search_term_string"}}],"inLanguage":"de"},{"@type":["Person","Organization"],"@id":"https:\/\/klauskunze.com\/blog\/#\/schema\/person\/9c091cf30ab68b897db6a517e3c3b11b","name":"Klaus Kunze","image":{"@type":"ImageObject","inLanguage":"de","@id":"https:\/\/secure.gravatar.com\/avatar\/5cd83cadbada9c331a79952fcca177ed3d3be4c7ad3239b9d934bf84adff15dd?s=96&d=blank&r=g","url":"https:\/\/secure.gravatar.com\/avatar\/5cd83cadbada9c331a79952fcca177ed3d3be4c7ad3239b9d934bf84adff15dd?s=96&d=blank&r=g","contentUrl":"https:\/\/secure.gravatar.com\/avatar\/5cd83cadbada9c331a79952fcca177ed3d3be4c7ad3239b9d934bf84adff15dd?s=96&d=blank&r=g","caption":"Klaus Kunze"},"logo":{"@id":"https:\/\/secure.gravatar.com\/avatar\/5cd83cadbada9c331a79952fcca177ed3d3be4c7ad3239b9d934bf84adff15dd?s=96&d=blank&r=g"},"sameAs":["http:\/\/KlausKunze.com","https:\/\/x.com\/https:\/\/twitter.com\/KlausKunze3"]}]}},"post_mailing_queue_ids":[],"_links":{"self":[{"href":"https:\/\/klauskunze.com\/blog\/wp-json\/wp\/v2\/posts\/7232","targetHints":{"allow":["GET"]}}],"collection":[{"href":"https:\/\/klauskunze.com\/blog\/wp-json\/wp\/v2\/posts"}],"about":[{"href":"https:\/\/klauskunze.com\/blog\/wp-json\/wp\/v2\/types\/post"}],"author":[{"embeddable":true,"href":"https:\/\/klauskunze.com\/blog\/wp-json\/wp\/v2\/users\/1"}],"replies":[{"embeddable":true,"href":"https:\/\/klauskunze.com\/blog\/wp-json\/wp\/v2\/comments?post=7232"}],"version-history":[{"count":15,"href":"https:\/\/klauskunze.com\/blog\/wp-json\/wp\/v2\/posts\/7232\/revisions"}],"predecessor-version":[{"id":7284,"href":"https:\/\/klauskunze.com\/blog\/wp-json\/wp\/v2\/posts\/7232\/revisions\/7284"}],"wp:featuredmedia":[{"embeddable":true,"href":"https:\/\/klauskunze.com\/blog\/wp-json\/wp\/v2\/media\/7249"}],"wp:attachment":[{"href":"https:\/\/klauskunze.com\/blog\/wp-json\/wp\/v2\/media?parent=7232"}],"wp:term":[{"taxonomy":"category","embeddable":true,"href":"https:\/\/klauskunze.com\/blog\/wp-json\/wp\/v2\/categories?post=7232"},{"taxonomy":"post_tag","embeddable":true,"href":"https:\/\/klauskunze.com\/blog\/wp-json\/wp\/v2\/tags?post=7232"}],"curies":[{"name":"wp","href":"https:\/\/api.w.org\/{rel}","templated":true}]}}