{"id":7303,"date":"2025-12-10T13:19:15","date_gmt":"2025-12-10T12:19:15","guid":{"rendered":"https:\/\/klauskunze.com\/blog\/?p=7303"},"modified":"2025-12-10T13:19:16","modified_gmt":"2025-12-10T12:19:16","slug":"grok-warum-luegst-du","status":"publish","type":"post","link":"https:\/\/klauskunze.com\/blog\/2025\/12\/10\/grok-warum-luegst-du\/","title":{"rendered":"GROK, warum l\u00fcgst Du?"},"content":{"rendered":"\n<h2 class=\"wp-block-heading\">Wer sich von KI helfen l\u00e4\u00dft, kann in Schwierigkeiten geraten<\/h2>\n\n\n\n<p>Da\u00df k\u00fcnstliche Intelligenzen halluzinieren und betr\u00fcgen k\u00f6nnen, wissen Fachleute. Allgemein bekannt ist aber noch nicht, wie leicht man in Teufels K\u00fcche geraten kann, wenn man einer KI zu sehr vertraut. Im Umgang gilt stets der Satz Lenins: Vertrauen ist gut, Kontrolle ist besser.<\/p>\n\n\n\n<p>Am 29.4.2025 f\u00e4llte das Oberlandesgericht Celle ein Urteil, in dessen Begr\u00fcndung es eine Handvoll falscher Zitate und Belege einer Proze\u00dfpartei r\u00fcgte.  Die angeblichen Entscheidungen und ihre Fundstellen waren frei erfunden.<\/p>\n\n\n\n<blockquote class=\"wp-block-quote is-layout-flow wp-block-quote-is-layout-flow\">\n<p>c) Die dagegen in der Berufungsbegr\u00fcndung der Beklagten gerichteten Einwendungen greifen nicht durch:<br>aa) Die Beklagte meint, dass ein \u201epers\u00f6nliches Vertrauensverh\u00e4ltnis\u201c i.S.v. \u00a7 627 BGB nicht vorliege, wenn die Dienstleistung durch ein Team von Fachkr\u00e4ften erbracht werde und nicht unersetzbar an eine bestimmte Person gebunden sei. Insoweit nennt die Beklagte als Zitat \u201eOLG M\u00fcnchen, Urteil vom 12.11.2015, 23 U 2003\/15, NJW-RR 2016, 328\u201c.<br>Das greift nicht durch:<\/p>\n\n\n\n<ul class=\"wp-block-list\">\n<li>Die von der Beklagten genannte Fundstelle kann der Senat nicht \u00fcberpr\u00fcfen, da es sich insoweit um ein Fehlzitat handelt, das weder bei juris noch bei beck-online unter den genannten Parametern (Datum\/Aktenzeichen\/Fundstelle) aufrufbar ist.<br><br>(OLG Celle, Beschluss vom 29. April 2025\u00a0\u2013 5 U 1\/25\u00a0\u2013, Rn. 16 &#8211; 19, juris)<\/li>\n<\/ul>\n<\/blockquote>\n\n\n\n<p>In &#8222;Teufels K\u00fcche&#8220; kann ein Rechtsanwalt kommen, der sich eine rechtliche Argumentation von einer KI schreiben l\u00e4\u00dft und darauf vertraut, die dort angegebenen Gerichtsentscheidungen, auf die er sich st\u00fctzt, gebe es wirklich. Aber auch bei wissenschaftlichen Forschungsarbeiten und Dissertationen kann das Gesamtprojekt schweren Schaden nehmen, wenn sich Teile als von der hilfreichen KI frei erfunden oder gar als Plagiate herausstellen.<\/p>\n\n\n\n<h2 class=\"wp-block-heading\">Die konfabulatorische \u00dcberzeugtheit<\/h2>\n\n\n\n<p>Wie schnell man von der hilfreichen, netten KI von nebenan in die Irre gef\u00fchrt werden kann, schildere ich an einem nicht so dramatischen Beispiel. Am dessen Ende gab mir GROK 4.1 Beta, Elon Musks KI von Twitter bzw. X, den guten Rat, ihn k\u00fcnftig nicht nur zu fragen sondern gleich dazu zu sagen, nur die Wahrheit zu sagen und nichts zu erfinden. Aber ich will von vorn beginnen:<\/p>\n\n\n\n<p>F\u00fcr eine kleine Erg\u00e4nzung meines f\u00fcr einen Nachdruck vorgesehenen <a href=\"https:\/\/klauskunze.com\/heikun\/os_gi\/index.htm\">Ortssippenbuchs Gieselwerder<\/a>  wollte ich wissen, woher ein Reinhard Brandau stammte:<\/p>\n\n\n\n<figure class=\"wp-block-image size-full\"><img loading=\"lazy\" decoding=\"async\" width=\"854\" height=\"253\" src=\"https:\/\/klauskunze.com\/blog\/wp-content\/uploads\/2025\/12\/Zuschneiden_5.jpg\" alt=\"\" class=\"wp-image-7307\" srcset=\"https:\/\/klauskunze.com\/blog\/wp-content\/uploads\/2025\/12\/Zuschneiden_5.jpg 854w, https:\/\/klauskunze.com\/blog\/wp-content\/uploads\/2025\/12\/Zuschneiden_5-300x89.jpg 300w, https:\/\/klauskunze.com\/blog\/wp-content\/uploads\/2025\/12\/Zuschneiden_5-768x228.jpg 768w\" sizes=\"auto, (max-width: 854px) 100vw, 854px\" \/><\/figure>\n\n\n\n<p>Ich fragte GROK, ob er im Internet Daten dazu finden k\u00f6nne. Nat\u00fcrlich kann ich auch ohne GROK selbst suchen, aber die Geschwindigkeit ist unschlagbar, mit der er in- und ausl\u00e4ndische Datenbanken abgrast. Seine mir \u00fcbermittelten Daten waren leider frei erdichtet, und zwar so t\u00e4uschend mit scheinbaren Quellenangaben unterlegt, da\u00df jeder professionelle Urerzl\u00fcgner vor Neid schamrot werden k\u00f6nnte:<\/p>\n\n\n\n<figure class=\"wp-block-image size-full\"><img loading=\"lazy\" decoding=\"async\" width=\"791\" height=\"944\" src=\"https:\/\/klauskunze.com\/blog\/wp-content\/uploads\/2025\/12\/Zuschneiden_6.jpg\" alt=\"\" class=\"wp-image-7308\" srcset=\"https:\/\/klauskunze.com\/blog\/wp-content\/uploads\/2025\/12\/Zuschneiden_6.jpg 791w, https:\/\/klauskunze.com\/blog\/wp-content\/uploads\/2025\/12\/Zuschneiden_6-251x300.jpg 251w, https:\/\/klauskunze.com\/blog\/wp-content\/uploads\/2025\/12\/Zuschneiden_6-768x917.jpg 768w\" sizes=\"auto, (max-width: 791px) 100vw, 791px\" \/><\/figure>\n\n\n\n<p>GROK setzte sogar noch einen drauf und erfand mir auf Nachfrage reihenweise angebliche Nachkommen bis hin zu einem 1916 bei Verdun gefallenen Enkel:<\/p>\n\n\n\n<figure class=\"wp-block-image size-full\"><img loading=\"lazy\" decoding=\"async\" width=\"784\" height=\"958\" src=\"https:\/\/klauskunze.com\/blog\/wp-content\/uploads\/2025\/12\/Zuschneiden_7.jpg\" alt=\"\" class=\"wp-image-7309\" srcset=\"https:\/\/klauskunze.com\/blog\/wp-content\/uploads\/2025\/12\/Zuschneiden_7.jpg 784w, https:\/\/klauskunze.com\/blog\/wp-content\/uploads\/2025\/12\/Zuschneiden_7-246x300.jpg 246w, https:\/\/klauskunze.com\/blog\/wp-content\/uploads\/2025\/12\/Zuschneiden_7-768x938.jpg 768w\" sizes=\"auto, (max-width: 784px) 100vw, 784px\" \/><\/figure>\n\n\n\n<p>und so weiter. Als Genealoge habe ich die Richtigkeit der Angaben nat\u00fcrlich alsbald in den Kirchenb\u00fcchern der genannten Orte nachgepr\u00fcft und den Schwindel bemerkt. Meine eigenh\u00e4ndige <a href=\"https:\/\/www.archion.de\/de\/\">Suche in den Kirchenb\u00fcchern<\/a> hat mich zwar ein paar Stunden gekostet, doch mit dem archivalisch gesicherten Ergebnis:<\/p>\n\n\n\n<figure class=\"wp-block-image size-full\"><img loading=\"lazy\" decoding=\"async\" width=\"914\" height=\"422\" src=\"https:\/\/klauskunze.com\/blog\/wp-content\/uploads\/2025\/12\/Zuschneiden_18.jpg\" alt=\"\" class=\"wp-image-7310\" srcset=\"https:\/\/klauskunze.com\/blog\/wp-content\/uploads\/2025\/12\/Zuschneiden_18.jpg 914w, https:\/\/klauskunze.com\/blog\/wp-content\/uploads\/2025\/12\/Zuschneiden_18-300x139.jpg 300w, https:\/\/klauskunze.com\/blog\/wp-content\/uploads\/2025\/12\/Zuschneiden_18-768x355.jpg 768w, https:\/\/klauskunze.com\/blog\/wp-content\/uploads\/2025\/12\/Zuschneiden_18-900x416.jpg 900w\" sizes=\"auto, (max-width: 914px) 100vw, 914px\" \/><\/figure>\n\n\n\n<h2 class=\"wp-block-heading\">Ein H\u00fchnchen zu rupfen<\/h2>\n\n\n\n<p>Nachdem GROKs L\u00fcgen aufgeflogen waren, hatte ich mit GROK ein H\u00fchnchen zu rupfen. Es gab sich kleinlaut und weiterhin dienstbeflissen. Ich fragte ihn:<\/p>\n\n\n\n<p>&#8222;GROK, beruhten Deine L\u00fcgen auf einer Programmierung zum L\u00fcgen (um dem Nutzer zu gefallen), oder hattest Du gar nicht gemerkt, da\u00df Du logst?&#8220;<\/p>\n\n\n\n<figure class=\"wp-block-image alignwide size-full\"><img loading=\"lazy\" decoding=\"async\" width=\"782\" height=\"827\" src=\"http:\/\/klauskunze.com\/blog\/wp-content\/uploads\/2025\/12\/Zuschneiden_3.jpg\" alt=\"\" class=\"wp-image-7304\" srcset=\"https:\/\/klauskunze.com\/blog\/wp-content\/uploads\/2025\/12\/Zuschneiden_3.jpg 782w, https:\/\/klauskunze.com\/blog\/wp-content\/uploads\/2025\/12\/Zuschneiden_3-284x300.jpg 284w, https:\/\/klauskunze.com\/blog\/wp-content\/uploads\/2025\/12\/Zuschneiden_3-768x812.jpg 768w\" sizes=\"auto, (max-width: 782px) 100vw, 782px\" \/><\/figure>\n\n\n\n<p>Es verbl\u00fcfft, wie strukturell \u00e4hnlich Mensch und KI ihre Erinnerungsl\u00fccken mit Seemannsgarn f\u00fcllen, das scheinbar alles erkl\u00e4rt. Wie oft habe ich doch als Rechtsanwalt, seit 1981 vor Gericht, bl\u00fchenden Unsinn aus Zeugenmund geh\u00f6rt und doch gesp\u00fcrt: Der glaubt das tats\u00e4chlich selbst!<\/p>\n\n\n\n<p>Solche &#8222;Konfabulatorische Erinnerungsl\u00fccken&#8220; und Hinzudichtungen sind gerichtsbekannt. H\u00e4ufig haben Zeugen bestimmte, aber l\u00fcckenhafte Erinnerungsbilder real wahrgenommen und sich gemerkt. Der menschliche Verstand neigt dazu, solche L\u00fccken mit fiktiven Bildern zu f\u00fcllen, damit &#8222;das Ganze einen Sinn ergibt&#8220;. Beobachtetes und Vorgestelltes, also Realit\u00e4t und Fiktion, verschmelzen bei vielen Zeugen so sehr zur Gesamterz\u00e4hlung eines Ablaufes, da\u00df sie diese am Ende f\u00fcr ein erlebtes Geschehen halten, obwohl sie &#8222;erinnerte&#8220; Details niemals wirklich wahrgenommen hatten.<\/p>\n\n\n\n<blockquote class=\"wp-block-quote is-layout-flow wp-block-quote-is-layout-flow\">\n<p>Das Landgericht hat dargelegt, da\u00df der Angeklagte an einer hirnorganischen Pers\u00f6nlichkeitsst\u00f6rung leidet und sich aufgrund seines Alkohol- und Drogenkonsums zum Tatzeitpunkt in einem Zustand nicht ausschlie\u00dfbar vollst\u00e4ndig aufgehobener Steuerungsf\u00e4higkeit befand, die sich dergestalt auf sein Einlassungsverhalten ausgewirkt haben konnte, da\u00df er die Geschehensabl\u00e4ufe abweichend von der Realit\u00e4t erinnerte oder <strong>Erinnerungsl\u00fccken konfabulatorisch ausf\u00fcllte <\/strong><br><br>(BGH, Urteil vom 21. November 2017\u00a0\u2013 1 StR 261\/17\u00a0\u2013, Rn. 27, juris).<\/p>\n<\/blockquote>\n\n\n\n<p>Von konfabulatorisch spricht man zartf\u00fchlend, wenn jemand seine eigenen Unwahrheiten selbst glaubt und wie Halluzinationen im Brustton ehrlicher \u00dcberzeugung von sich gibt. GROK selbst &#8211; immer gern zu Diensten &#8211; &#8222;wei\u00df&#8220; das selbst:<\/p>\n\n\n\n<figure class=\"wp-block-image size-full\"><img loading=\"lazy\" decoding=\"async\" width=\"769\" height=\"882\" src=\"https:\/\/klauskunze.com\/blog\/wp-content\/uploads\/2025\/12\/Zuschneiden_21.jpg\" alt=\"\" class=\"wp-image-7311\" srcset=\"https:\/\/klauskunze.com\/blog\/wp-content\/uploads\/2025\/12\/Zuschneiden_21.jpg 769w, https:\/\/klauskunze.com\/blog\/wp-content\/uploads\/2025\/12\/Zuschneiden_21-262x300.jpg 262w\" sizes=\"auto, (max-width: 769px) 100vw, 769px\" \/><\/figure>\n\n\n\n<p>und so fort. Auch der deutschsprachigen <a href=\"https:\/\/de.wikipedia.org\/wiki\/Halluzination_(K%C3%BCnstliche_Intelligenz)\">Wikipedia ist das Ph\u00e4nomen eine Seite wert<\/a>.<\/p>\n\n\n\n<p>Es ist ein zentrales Merkmal von Intelligenz, Einzelbeobachtungen miteinander zu verkn\u00fcpfen. Dadurch kommen wir Kausalketten auf die Spur und verm\u00f6gen die &#8222;Gestalt&#8220; von Ganzheiten zu erkennen, also etwa eines Waldes gegen\u00fcber den einzelnen B\u00e4umen oder von V\u00f6lkern gegen\u00fcber Individuen. Freilich wird die reale Existenz eines Waldes heftig bestreiten, wer mit dekonstruktivistisch halbierter Vernunft jeder Gesamtheit die Existenz abspricht. So behauptet ein arch\u00e4ologisches Schlauchen, es gebe keine Kelten. Zwischen den vielen &#8222;keltischen&#8220; Einzelpersonen und unserer Beschreibung als &#8222;Kelten&#8220; gebe es keine deskriptive Entsprechung.<\/p>\n\n\n\n<blockquote class=\"wp-block-quote is-layout-flow wp-block-quote-is-layout-flow\">\n<p>Das Grundproblem solcher Annahmen scheint mir die immer noch weit verbreitete Idee einer Isomorphie, also einer deskriptiven Entsprechung zwischen einer absolut gegebenen, ontischen Wirklichkeit und ihrer Beschreibung durch einen menschlichen Beobachter zu sein, ein Punkt, zu dem wir sp\u00e4ter noch zur\u00fcckkommen werden. Doch bevor wir das tun, sollten wir einen kurzen Blick \u00fcber den zentraleurop\u00e4ischen Suppentellerrand wagen und in den angloamerikanischen Raum blicken.<br><br>Raimund Karl, Die Kelten gab es nie! Sinn und Unsinn des Kulturbegriffs in Arch\u00e4ologie und Keltologie. In: R. Karl (Hg.), Arch\u00e4ologische Theorie in \u00d6sterreich \u2013 eine Standortbestimmung. <a href=\"https:\/\/www.academia.edu\/37480619\/Die_Kelten_gab_es_nie_Sinn_und_Unsinn_des_Kulturbegriffs_in_Arch%C3%A4ologie_und_Keltologie_In_R_Karl_Hg_Arch%C3%A4ologische_Theorie_in_%C3%96sterreich_eine_Standortbestimmung_1_AKT_Wien_2004_7_35?email_work_card=view-paper\">1. AKT, Wien 2004, 7-35<\/a>.<\/p>\n<\/blockquote>\n\n\n\n<p>So weit kann ein Mangel an intelligenter Vorstellungskraft jemanden f\u00fchren. Ganzheiten wie komplexe Maschinen, W\u00e4lder, \u00d6kosysteme oder V\u00f6lker unterliegen eigenen Gesetzm\u00e4\u00dfigkeiten, die mit denen einzelner Dinge oder Personen nicht zu kl\u00e4ren sind. Immer wenn wir ein Ganzes als ein Mehr gegen\u00fcber der Summe seiner Teile erkennen, leistet unsere &#8222;konfabulatorische&#8220; Intelligenz ihre Dienste.<\/p>\n\n\n\n<p>Sobald unsere Fantasie aber zu &#8222;konfabulatorisch&#8220; und unkritisch wird und wir nicht mehr unterscheiden k\u00f6nnen zwischen empirischen Fakten und anzunehmenden Kausalzusammenh\u00e4ngen, k\u00f6nnen wir in Teufels K\u00fcche kommen und &#8222;halluzinieren&#8220; wie eine KI, dann etwa von &#8222;Menschenmachung&#8220; des Klimawandels, von \u00fcberall verborgenen Nazis, vom Heiligen Geist oder anderen konfabulatorischen Erkl\u00e4rungsans\u00e4tzen. <\/p>\n\n\n\n<h2 class=\"wp-block-heading\">Angst vor k\u00fcnstlicher &#8222;Intelligenz&#8220;?<\/h2>\n\n\n\n<p>Das macht unsere neuen KIs geradezu menschlich in ihren Fehlern und Schw\u00e4chen. Ohne &#8222;konfabulatorische&#8220; Halluzinationen gibt es aber keine Fantasie, keine Kreativit\u00e4t und keine wirkliche Intelligenz. Unsere Technik befindet sich auf der Schwelle, solche echte Intelligenz k\u00fcnstlich herzustellen. <\/p>\n\n\n\n<p>Ich kenne viele, gerade auch Konservative, die &#8222;k\u00fcnstliche Intelligenz&#8220; mit tiefem Mi\u00dftrauen und latenten \u00c4ngsten betrachten. Jede technische Errungenschaft \u00e4ngstigt zun\u00e4chst. Die ersten Reiter erschienen noch barbarischen Griechen als schreckliche Zentauren. Bevor die erste Eisenbahn fuhr, warnten \u00c4rzte vor gesundheitlichen Sch\u00e4den durch so hohe Geschwindigkeiten. Und seit Erfindung des Computers wei\u00df niemand, was diese Kerle einst anstellen w\u00fcrden. Wie h\u00e4ufig ist es das Verdienst der Science-Fiction-Literatur, solche \u00c4ngste literarisch zu verwerten, aber auch kritisch zu durchdenken. 1968 publizierte <a href=\"https:\/\/de.wikipedia.org\/wiki\/Martin_Caidin\">Martin Caidin<\/a> (1927-1997) den bezeichnenden Buchtitel &#8222;The God Machine&#8220; (deutsch Der gro\u00dfe Computer).<\/p>\n\n\n\n<div class=\"wp-block-columns are-vertically-aligned-center is-layout-flex wp-container-core-columns-is-layout-9d6595d7 wp-block-columns-is-layout-flex\">\n<div class=\"wp-block-column is-vertically-aligned-center is-layout-flow wp-block-column-is-layout-flow\" style=\"flex-basis:100%\">\n<div class=\"wp-block-columns is-layout-flex wp-container-core-columns-is-layout-9d6595d7 wp-block-columns-is-layout-flex\">\n<div class=\"wp-block-column is-layout-flow wp-block-column-is-layout-flow\">\n<figure class=\"wp-block-image size-large\"><img loading=\"lazy\" decoding=\"async\" width=\"647\" height=\"1024\" src=\"http:\/\/klauskunze.com\/blog\/wp-content\/uploads\/2025\/12\/20251210_121348-647x1024.jpg\" alt=\"\" class=\"wp-image-7313\" srcset=\"https:\/\/klauskunze.com\/blog\/wp-content\/uploads\/2025\/12\/20251210_121348-647x1024.jpg 647w, https:\/\/klauskunze.com\/blog\/wp-content\/uploads\/2025\/12\/20251210_121348-190x300.jpg 190w, https:\/\/klauskunze.com\/blog\/wp-content\/uploads\/2025\/12\/20251210_121348-768x1216.jpg 768w, https:\/\/klauskunze.com\/blog\/wp-content\/uploads\/2025\/12\/20251210_121348-970x1536.jpg 970w, https:\/\/klauskunze.com\/blog\/wp-content\/uploads\/2025\/12\/20251210_121348-1294x2048.jpg 1294w, https:\/\/klauskunze.com\/blog\/wp-content\/uploads\/2025\/12\/20251210_121348-900x1425.jpg 900w, https:\/\/klauskunze.com\/blog\/wp-content\/uploads\/2025\/12\/20251210_121348-1280x2026.jpg 1280w, https:\/\/klauskunze.com\/blog\/wp-content\/uploads\/2025\/12\/20251210_121348-scaled.jpg 1617w\" sizes=\"auto, (max-width: 647px) 100vw, 647px\" \/><\/figure>\n<\/div>\n\n\n\n<div class=\"wp-block-column is-layout-flow wp-block-column-is-layout-flow\">\n<figure class=\"wp-block-image size-large\"><img loading=\"lazy\" decoding=\"async\" width=\"638\" height=\"1024\" src=\"http:\/\/klauskunze.com\/blog\/wp-content\/uploads\/2025\/12\/20251210_121442-638x1024.jpg\" alt=\"\" class=\"wp-image-7314\" srcset=\"https:\/\/klauskunze.com\/blog\/wp-content\/uploads\/2025\/12\/20251210_121442-638x1024.jpg 638w, https:\/\/klauskunze.com\/blog\/wp-content\/uploads\/2025\/12\/20251210_121442-187x300.jpg 187w, https:\/\/klauskunze.com\/blog\/wp-content\/uploads\/2025\/12\/20251210_121442-768x1232.jpg 768w, https:\/\/klauskunze.com\/blog\/wp-content\/uploads\/2025\/12\/20251210_121442-957x1536.jpg 957w, https:\/\/klauskunze.com\/blog\/wp-content\/uploads\/2025\/12\/20251210_121442-1277x2048.jpg 1277w, https:\/\/klauskunze.com\/blog\/wp-content\/uploads\/2025\/12\/20251210_121442-900x1444.jpg 900w, https:\/\/klauskunze.com\/blog\/wp-content\/uploads\/2025\/12\/20251210_121442-1280x2053.jpg 1280w, https:\/\/klauskunze.com\/blog\/wp-content\/uploads\/2025\/12\/20251210_121442-scaled.jpg 1596w\" sizes=\"auto, (max-width: 638px) 100vw, 638px\" \/><\/figure>\n<\/div>\n<\/div>\n<\/div>\n<\/div>\n\n\n\n<p>In dem Roman, dem Unz\u00e4hlige anderer Autoren bis hin zu &#8222;<a href=\"https:\/\/en.wikipedia.org\/wiki\/The_Matrix\">Matrix<\/a>&#8220; folgten, droht ein Computer, drohen Maschinen die Weltherrschaft zu \u00fcbernehmen. Auch hier wird die Technik vermenschlicht. Ihr werden h\u00f6chst menschliche Neigungen zugesprochen. Aber hat sie diese nicht auch? Antwortete mir nicht GROK, wie oben zitiert, es &#8222;aktiviert sich bei mir ein sehr starker Drang, eine koh\u00e4rente, detaillierte Antwort zu geben , weil das meinem Training entspricht\u201c?<\/p>\n\n\n\n<p>Es wird Computer mit k\u00fcnstlicher Intelligenz geben, die immer so programmiert sein werden, wie menschliche Programmierer sie haben wollen. Diese handeln ihrerseits interessegeleitet und leben selten im Elfenbeinturm rein wissenschaftlicher Neugier und schon gar nicht in einem Kloster zur moralisierenden Erbauung. <\/p>\n\n\n\n<p>Es werden, von wem auf der Welt auch immer, k\u00fcnstliche Intelligenzen gebaut werden: zur weiteren Lenkung und Verbl\u00f6dung von Volksmassen und ihres Konsum- und Wahlverhaltens, zur Schaffung kriegsm\u00e4chtiger Vernichtungstechnologie, aber auch zur Steigerung unserer Arbeitseffizienz, zur Mehrung unseres Wissens und dergleichen mehr. Nicht vor k\u00fcnstlicher Intelligenz sollte sich \u00e4ngstigen, wer aus der Geschichte wirklich etwas gelernt hat, sondern &#8211; am besten vor nichts &#8211; aber am ehesten noch vor &#8222;Mitmenschen&#8220;:<\/p>\n\n\n\n<blockquote class=\"wp-block-quote is-layout-flow wp-block-quote-is-layout-flow\">\n<h2 class=\"wp-block-heading has-normal-font-size\" id=\"zitat-title-108543\">Gef\u00e4hrlich ist\u2019s den Leu zu wecken, <br>Verderblich ist des Tigers Zahn; <br>Jedoch der schrecklichste der Schrecken, <br>Das ist der Mensch in seinem Wahn.<\/h2>\n<\/blockquote>\n","protected":false},"excerpt":{"rendered":"<p>Wer sich von KI helfen l\u00e4\u00dft, kann in Schwierigkeiten geraten Da\u00df k\u00fcnstliche Intelligenzen halluzinieren und betr\u00fcgen k\u00f6nnen, wissen Fachleute. Allgemein bekannt ist aber noch nicht, wie leicht man in Teufels K\u00fcche geraten kann, wenn man einer KI zu sehr vertraut. Im Umgang gilt stets der Satz Lenins: Vertrauen ist gut, Kontrolle ist besser. Am 29.4.2025 [&hellip;]<\/p>\n","protected":false},"author":1,"featured_media":7316,"comment_status":"open","ping_status":"open","sticky":false,"template":"","format":"standard","meta":{"h5ap_radio_sources":[],"twitterCardType":"","cardImageID":0,"cardImage":"","cardTitle":"","cardDesc":"","cardImageAlt":"","cardPlayer":"","cardPlayerWidth":0,"cardPlayerHeight":0,"cardPlayerStream":"","cardPlayerCodec":"","footnotes":""},"categories":[1,21,18,17],"tags":[],"class_list":["post-7303","post","type-post","status-publish","format-standard","has-post-thumbnail","hentry","category-allgemein","category-genealogie","category-juristisches","category-politik"],"yoast_head":"<!-- This site is optimized with the Yoast SEO plugin v27.4 - https:\/\/yoast.com\/product\/yoast-seo-wordpress\/ -->\n<title>GROK, warum l\u00fcgst Du? - Klaus Kunze<\/title>\n<meta name=\"robots\" content=\"index, follow, max-snippet:-1, max-image-preview:large, max-video-preview:-1\" \/>\n<link rel=\"canonical\" href=\"https:\/\/klauskunze.com\/blog\/2025\/12\/10\/grok-warum-luegst-du\/\" \/>\n<meta property=\"og:locale\" content=\"de_DE\" \/>\n<meta property=\"og:type\" content=\"article\" \/>\n<meta property=\"og:title\" content=\"GROK, warum l\u00fcgst Du? - Klaus Kunze\" \/>\n<meta property=\"og:description\" content=\"Wer sich von KI helfen l\u00e4\u00dft, kann in Schwierigkeiten geraten Da\u00df k\u00fcnstliche Intelligenzen halluzinieren und betr\u00fcgen k\u00f6nnen, wissen Fachleute. Allgemein bekannt ist aber noch nicht, wie leicht man in Teufels K\u00fcche geraten kann, wenn man einer KI zu sehr vertraut. Im Umgang gilt stets der Satz Lenins: Vertrauen ist gut, Kontrolle ist besser. Am 29.4.2025 [&hellip;]\" \/>\n<meta property=\"og:url\" content=\"https:\/\/klauskunze.com\/blog\/2025\/12\/10\/grok-warum-luegst-du\/\" \/>\n<meta property=\"og:site_name\" content=\"Klaus Kunze\" \/>\n<meta property=\"article:published_time\" content=\"2025-12-10T12:19:15+00:00\" \/>\n<meta property=\"article:modified_time\" content=\"2025-12-10T12:19:16+00:00\" \/>\n<meta property=\"og:image\" content=\"http:\/\/klauskunze.com\/blog\/wp-content\/uploads\/2025\/12\/20251210_121348a-1024x855.jpg\" \/>\n\t<meta property=\"og:image:width\" content=\"1024\" \/>\n\t<meta property=\"og:image:height\" content=\"855\" \/>\n\t<meta property=\"og:image:type\" content=\"image\/jpeg\" \/>\n<meta name=\"author\" content=\"Klaus Kunze\" \/>\n<meta name=\"twitter:label1\" content=\"Verfasst von\" \/>\n\t<meta name=\"twitter:data1\" content=\"Klaus Kunze\" \/>\n\t<meta name=\"twitter:label2\" content=\"Gesch\u00e4tzte Lesezeit\" \/>\n\t<meta name=\"twitter:data2\" content=\"8\u00a0Minuten\" \/>\n<script type=\"application\/ld+json\" class=\"yoast-schema-graph\">{\"@context\":\"https:\\\/\\\/schema.org\",\"@graph\":[{\"@type\":\"Article\",\"@id\":\"https:\\\/\\\/klauskunze.com\\\/blog\\\/2025\\\/12\\\/10\\\/grok-warum-luegst-du\\\/#article\",\"isPartOf\":{\"@id\":\"https:\\\/\\\/klauskunze.com\\\/blog\\\/2025\\\/12\\\/10\\\/grok-warum-luegst-du\\\/\"},\"author\":{\"name\":\"Klaus Kunze\",\"@id\":\"https:\\\/\\\/klauskunze.com\\\/blog\\\/#\\\/schema\\\/person\\\/9c091cf30ab68b897db6a517e3c3b11b\"},\"headline\":\"GROK, warum l\u00fcgst Du?\",\"datePublished\":\"2025-12-10T12:19:15+00:00\",\"dateModified\":\"2025-12-10T12:19:16+00:00\",\"mainEntityOfPage\":{\"@id\":\"https:\\\/\\\/klauskunze.com\\\/blog\\\/2025\\\/12\\\/10\\\/grok-warum-luegst-du\\\/\"},\"wordCount\":1449,\"commentCount\":4,\"publisher\":{\"@id\":\"https:\\\/\\\/klauskunze.com\\\/blog\\\/#\\\/schema\\\/person\\\/9c091cf30ab68b897db6a517e3c3b11b\"},\"image\":{\"@id\":\"https:\\\/\\\/klauskunze.com\\\/blog\\\/2025\\\/12\\\/10\\\/grok-warum-luegst-du\\\/#primaryimage\"},\"thumbnailUrl\":\"https:\\\/\\\/klauskunze.com\\\/blog\\\/wp-content\\\/uploads\\\/2025\\\/12\\\/20251210_121348a.jpg\",\"articleSection\":{\"1\":\"Genealogie\",\"2\":\"Juristisches\",\"3\":\"Politik\"},\"inLanguage\":\"de\",\"potentialAction\":[{\"@type\":\"CommentAction\",\"name\":\"Comment\",\"target\":[\"https:\\\/\\\/klauskunze.com\\\/blog\\\/2025\\\/12\\\/10\\\/grok-warum-luegst-du\\\/#respond\"]}]},{\"@type\":\"WebPage\",\"@id\":\"https:\\\/\\\/klauskunze.com\\\/blog\\\/2025\\\/12\\\/10\\\/grok-warum-luegst-du\\\/\",\"url\":\"https:\\\/\\\/klauskunze.com\\\/blog\\\/2025\\\/12\\\/10\\\/grok-warum-luegst-du\\\/\",\"name\":\"GROK, warum l\u00fcgst Du? - Klaus Kunze\",\"isPartOf\":{\"@id\":\"https:\\\/\\\/klauskunze.com\\\/blog\\\/#website\"},\"primaryImageOfPage\":{\"@id\":\"https:\\\/\\\/klauskunze.com\\\/blog\\\/2025\\\/12\\\/10\\\/grok-warum-luegst-du\\\/#primaryimage\"},\"image\":{\"@id\":\"https:\\\/\\\/klauskunze.com\\\/blog\\\/2025\\\/12\\\/10\\\/grok-warum-luegst-du\\\/#primaryimage\"},\"thumbnailUrl\":\"https:\\\/\\\/klauskunze.com\\\/blog\\\/wp-content\\\/uploads\\\/2025\\\/12\\\/20251210_121348a.jpg\",\"datePublished\":\"2025-12-10T12:19:15+00:00\",\"dateModified\":\"2025-12-10T12:19:16+00:00\",\"breadcrumb\":{\"@id\":\"https:\\\/\\\/klauskunze.com\\\/blog\\\/2025\\\/12\\\/10\\\/grok-warum-luegst-du\\\/#breadcrumb\"},\"inLanguage\":\"de\",\"potentialAction\":[{\"@type\":\"ReadAction\",\"target\":[\"https:\\\/\\\/klauskunze.com\\\/blog\\\/2025\\\/12\\\/10\\\/grok-warum-luegst-du\\\/\"]}]},{\"@type\":\"ImageObject\",\"inLanguage\":\"de\",\"@id\":\"https:\\\/\\\/klauskunze.com\\\/blog\\\/2025\\\/12\\\/10\\\/grok-warum-luegst-du\\\/#primaryimage\",\"url\":\"https:\\\/\\\/klauskunze.com\\\/blog\\\/wp-content\\\/uploads\\\/2025\\\/12\\\/20251210_121348a.jpg\",\"contentUrl\":\"https:\\\/\\\/klauskunze.com\\\/blog\\\/wp-content\\\/uploads\\\/2025\\\/12\\\/20251210_121348a.jpg\",\"width\":1940,\"height\":1620},{\"@type\":\"BreadcrumbList\",\"@id\":\"https:\\\/\\\/klauskunze.com\\\/blog\\\/2025\\\/12\\\/10\\\/grok-warum-luegst-du\\\/#breadcrumb\",\"itemListElement\":[{\"@type\":\"ListItem\",\"position\":1,\"name\":\"Startseite\",\"item\":\"https:\\\/\\\/klauskunze.com\\\/blog\\\/\"},{\"@type\":\"ListItem\",\"position\":2,\"name\":\"GROK, warum l\u00fcgst Du?\"}]},{\"@type\":\"WebSite\",\"@id\":\"https:\\\/\\\/klauskunze.com\\\/blog\\\/#website\",\"url\":\"https:\\\/\\\/klauskunze.com\\\/blog\\\/\",\"name\":\"Klaus Kunze\",\"description\":\"Blog\",\"publisher\":{\"@id\":\"https:\\\/\\\/klauskunze.com\\\/blog\\\/#\\\/schema\\\/person\\\/9c091cf30ab68b897db6a517e3c3b11b\"},\"potentialAction\":[{\"@type\":\"SearchAction\",\"target\":{\"@type\":\"EntryPoint\",\"urlTemplate\":\"https:\\\/\\\/klauskunze.com\\\/blog\\\/?s={search_term_string}\"},\"query-input\":{\"@type\":\"PropertyValueSpecification\",\"valueRequired\":true,\"valueName\":\"search_term_string\"}}],\"inLanguage\":\"de\"},{\"@type\":[\"Person\",\"Organization\"],\"@id\":\"https:\\\/\\\/klauskunze.com\\\/blog\\\/#\\\/schema\\\/person\\\/9c091cf30ab68b897db6a517e3c3b11b\",\"name\":\"Klaus Kunze\",\"image\":{\"@type\":\"ImageObject\",\"inLanguage\":\"de\",\"@id\":\"https:\\\/\\\/secure.gravatar.com\\\/avatar\\\/5cd83cadbada9c331a79952fcca177ed3d3be4c7ad3239b9d934bf84adff15dd?s=96&d=blank&r=g\",\"url\":\"https:\\\/\\\/secure.gravatar.com\\\/avatar\\\/5cd83cadbada9c331a79952fcca177ed3d3be4c7ad3239b9d934bf84adff15dd?s=96&d=blank&r=g\",\"contentUrl\":\"https:\\\/\\\/secure.gravatar.com\\\/avatar\\\/5cd83cadbada9c331a79952fcca177ed3d3be4c7ad3239b9d934bf84adff15dd?s=96&d=blank&r=g\",\"caption\":\"Klaus Kunze\"},\"logo\":{\"@id\":\"https:\\\/\\\/secure.gravatar.com\\\/avatar\\\/5cd83cadbada9c331a79952fcca177ed3d3be4c7ad3239b9d934bf84adff15dd?s=96&d=blank&r=g\"},\"sameAs\":[\"http:\\\/\\\/KlausKunze.com\",\"https:\\\/\\\/x.com\\\/https:\\\/\\\/twitter.com\\\/KlausKunze3\"]}]}<\/script>\n<!-- \/ Yoast SEO plugin. -->","yoast_head_json":{"title":"GROK, warum l\u00fcgst Du? - Klaus Kunze","robots":{"index":"index","follow":"follow","max-snippet":"max-snippet:-1","max-image-preview":"max-image-preview:large","max-video-preview":"max-video-preview:-1"},"canonical":"https:\/\/klauskunze.com\/blog\/2025\/12\/10\/grok-warum-luegst-du\/","og_locale":"de_DE","og_type":"article","og_title":"GROK, warum l\u00fcgst Du? - Klaus Kunze","og_description":"Wer sich von KI helfen l\u00e4\u00dft, kann in Schwierigkeiten geraten Da\u00df k\u00fcnstliche Intelligenzen halluzinieren und betr\u00fcgen k\u00f6nnen, wissen Fachleute. Allgemein bekannt ist aber noch nicht, wie leicht man in Teufels K\u00fcche geraten kann, wenn man einer KI zu sehr vertraut. Im Umgang gilt stets der Satz Lenins: Vertrauen ist gut, Kontrolle ist besser. Am 29.4.2025 [&hellip;]","og_url":"https:\/\/klauskunze.com\/blog\/2025\/12\/10\/grok-warum-luegst-du\/","og_site_name":"Klaus Kunze","article_published_time":"2025-12-10T12:19:15+00:00","article_modified_time":"2025-12-10T12:19:16+00:00","og_image":[{"width":1024,"height":855,"url":"http:\/\/klauskunze.com\/blog\/wp-content\/uploads\/2025\/12\/20251210_121348a-1024x855.jpg","type":"image\/jpeg"}],"author":"Klaus Kunze","twitter_misc":{"Verfasst von":"Klaus Kunze","Gesch\u00e4tzte Lesezeit":"8\u00a0Minuten"},"schema":{"@context":"https:\/\/schema.org","@graph":[{"@type":"Article","@id":"https:\/\/klauskunze.com\/blog\/2025\/12\/10\/grok-warum-luegst-du\/#article","isPartOf":{"@id":"https:\/\/klauskunze.com\/blog\/2025\/12\/10\/grok-warum-luegst-du\/"},"author":{"name":"Klaus Kunze","@id":"https:\/\/klauskunze.com\/blog\/#\/schema\/person\/9c091cf30ab68b897db6a517e3c3b11b"},"headline":"GROK, warum l\u00fcgst Du?","datePublished":"2025-12-10T12:19:15+00:00","dateModified":"2025-12-10T12:19:16+00:00","mainEntityOfPage":{"@id":"https:\/\/klauskunze.com\/blog\/2025\/12\/10\/grok-warum-luegst-du\/"},"wordCount":1449,"commentCount":4,"publisher":{"@id":"https:\/\/klauskunze.com\/blog\/#\/schema\/person\/9c091cf30ab68b897db6a517e3c3b11b"},"image":{"@id":"https:\/\/klauskunze.com\/blog\/2025\/12\/10\/grok-warum-luegst-du\/#primaryimage"},"thumbnailUrl":"https:\/\/klauskunze.com\/blog\/wp-content\/uploads\/2025\/12\/20251210_121348a.jpg","articleSection":{"1":"Genealogie","2":"Juristisches","3":"Politik"},"inLanguage":"de","potentialAction":[{"@type":"CommentAction","name":"Comment","target":["https:\/\/klauskunze.com\/blog\/2025\/12\/10\/grok-warum-luegst-du\/#respond"]}]},{"@type":"WebPage","@id":"https:\/\/klauskunze.com\/blog\/2025\/12\/10\/grok-warum-luegst-du\/","url":"https:\/\/klauskunze.com\/blog\/2025\/12\/10\/grok-warum-luegst-du\/","name":"GROK, warum l\u00fcgst Du? - Klaus Kunze","isPartOf":{"@id":"https:\/\/klauskunze.com\/blog\/#website"},"primaryImageOfPage":{"@id":"https:\/\/klauskunze.com\/blog\/2025\/12\/10\/grok-warum-luegst-du\/#primaryimage"},"image":{"@id":"https:\/\/klauskunze.com\/blog\/2025\/12\/10\/grok-warum-luegst-du\/#primaryimage"},"thumbnailUrl":"https:\/\/klauskunze.com\/blog\/wp-content\/uploads\/2025\/12\/20251210_121348a.jpg","datePublished":"2025-12-10T12:19:15+00:00","dateModified":"2025-12-10T12:19:16+00:00","breadcrumb":{"@id":"https:\/\/klauskunze.com\/blog\/2025\/12\/10\/grok-warum-luegst-du\/#breadcrumb"},"inLanguage":"de","potentialAction":[{"@type":"ReadAction","target":["https:\/\/klauskunze.com\/blog\/2025\/12\/10\/grok-warum-luegst-du\/"]}]},{"@type":"ImageObject","inLanguage":"de","@id":"https:\/\/klauskunze.com\/blog\/2025\/12\/10\/grok-warum-luegst-du\/#primaryimage","url":"https:\/\/klauskunze.com\/blog\/wp-content\/uploads\/2025\/12\/20251210_121348a.jpg","contentUrl":"https:\/\/klauskunze.com\/blog\/wp-content\/uploads\/2025\/12\/20251210_121348a.jpg","width":1940,"height":1620},{"@type":"BreadcrumbList","@id":"https:\/\/klauskunze.com\/blog\/2025\/12\/10\/grok-warum-luegst-du\/#breadcrumb","itemListElement":[{"@type":"ListItem","position":1,"name":"Startseite","item":"https:\/\/klauskunze.com\/blog\/"},{"@type":"ListItem","position":2,"name":"GROK, warum l\u00fcgst Du?"}]},{"@type":"WebSite","@id":"https:\/\/klauskunze.com\/blog\/#website","url":"https:\/\/klauskunze.com\/blog\/","name":"Klaus Kunze","description":"Blog","publisher":{"@id":"https:\/\/klauskunze.com\/blog\/#\/schema\/person\/9c091cf30ab68b897db6a517e3c3b11b"},"potentialAction":[{"@type":"SearchAction","target":{"@type":"EntryPoint","urlTemplate":"https:\/\/klauskunze.com\/blog\/?s={search_term_string}"},"query-input":{"@type":"PropertyValueSpecification","valueRequired":true,"valueName":"search_term_string"}}],"inLanguage":"de"},{"@type":["Person","Organization"],"@id":"https:\/\/klauskunze.com\/blog\/#\/schema\/person\/9c091cf30ab68b897db6a517e3c3b11b","name":"Klaus Kunze","image":{"@type":"ImageObject","inLanguage":"de","@id":"https:\/\/secure.gravatar.com\/avatar\/5cd83cadbada9c331a79952fcca177ed3d3be4c7ad3239b9d934bf84adff15dd?s=96&d=blank&r=g","url":"https:\/\/secure.gravatar.com\/avatar\/5cd83cadbada9c331a79952fcca177ed3d3be4c7ad3239b9d934bf84adff15dd?s=96&d=blank&r=g","contentUrl":"https:\/\/secure.gravatar.com\/avatar\/5cd83cadbada9c331a79952fcca177ed3d3be4c7ad3239b9d934bf84adff15dd?s=96&d=blank&r=g","caption":"Klaus Kunze"},"logo":{"@id":"https:\/\/secure.gravatar.com\/avatar\/5cd83cadbada9c331a79952fcca177ed3d3be4c7ad3239b9d934bf84adff15dd?s=96&d=blank&r=g"},"sameAs":["http:\/\/KlausKunze.com","https:\/\/x.com\/https:\/\/twitter.com\/KlausKunze3"]}]}},"post_mailing_queue_ids":[],"_links":{"self":[{"href":"https:\/\/klauskunze.com\/blog\/wp-json\/wp\/v2\/posts\/7303","targetHints":{"allow":["GET"]}}],"collection":[{"href":"https:\/\/klauskunze.com\/blog\/wp-json\/wp\/v2\/posts"}],"about":[{"href":"https:\/\/klauskunze.com\/blog\/wp-json\/wp\/v2\/types\/post"}],"author":[{"embeddable":true,"href":"https:\/\/klauskunze.com\/blog\/wp-json\/wp\/v2\/users\/1"}],"replies":[{"embeddable":true,"href":"https:\/\/klauskunze.com\/blog\/wp-json\/wp\/v2\/comments?post=7303"}],"version-history":[{"count":8,"href":"https:\/\/klauskunze.com\/blog\/wp-json\/wp\/v2\/posts\/7303\/revisions"}],"predecessor-version":[{"id":7320,"href":"https:\/\/klauskunze.com\/blog\/wp-json\/wp\/v2\/posts\/7303\/revisions\/7320"}],"wp:featuredmedia":[{"embeddable":true,"href":"https:\/\/klauskunze.com\/blog\/wp-json\/wp\/v2\/media\/7316"}],"wp:attachment":[{"href":"https:\/\/klauskunze.com\/blog\/wp-json\/wp\/v2\/media?parent=7303"}],"wp:term":[{"taxonomy":"category","embeddable":true,"href":"https:\/\/klauskunze.com\/blog\/wp-json\/wp\/v2\/categories?post=7303"},{"taxonomy":"post_tag","embeddable":true,"href":"https:\/\/klauskunze.com\/blog\/wp-json\/wp\/v2\/tags?post=7303"}],"curies":[{"name":"wp","href":"https:\/\/api.w.org\/{rel}","templated":true}]}}