{"id":7356,"date":"2026-01-25T20:07:01","date_gmt":"2026-01-25T19:07:01","guid":{"rendered":"https:\/\/klauskunze.com\/blog\/?p=7356"},"modified":"2026-02-10T18:40:39","modified_gmt":"2026-02-10T17:40:39","slug":"sind-sie-unten-fressen-sie-uns-aus-der-hand","status":"publish","type":"post","link":"https:\/\/klauskunze.com\/blog\/2026\/01\/25\/sind-sie-unten-fressen-sie-uns-aus-der-hand\/","title":{"rendered":"Sind sie unten, fressen sie uns aus der Hand \u2026"},"content":{"rendered":"\n<h2 class=\"wp-block-heading\">Alle Sekten sind unter der Verfolgung dem\u00fctig<\/h2>\n\n\n\n<p>Mit den Grunds\u00e4tzen der religi\u00f6sen Toleranz und Glaubensfreiheit und des daraus abgeleiteten Multikulturalismus hebt der Liberalismus sich an seinen inneren Widerspr\u00fcchen selbst auf. Das Grundgesetz <em>UnsererDemokratie<\/em> verk\u00f6rpert in Reinkultur das liberale Dogma, der Staat m\u00fcsse sich religi\u00f6s neutral verhalten. Blind soll er sich stellen auch angesichts von Religionen, die sein Gegenbild verk\u00f6rpern: Intoleranz gegen Andersgl\u00e4ubige, ihre Unterwerfung unter angeblich g\u00f6ttliche Befehle und Verbote bis hin zu so m\u00f6rderischen Konsequenzen wie in der Scharia.<\/p>\n\n\n\n<p>Einst hie\u00df es doch, man solle aus der Geschichte lernen. Jahrzehntelang lehrte man Kinder aber nur das ewiggleiche Zw\u00f6lfjahresmantra. Vor allem im Westen wurden mehrere Generationen so indoktriniert und historisch dumm gehalten, da\u00df sie von unseren deutschen Erfahrungen mit religi\u00f6sem Fanatismus noch nie geh\u00f6rt haben. Von alter Schule war da ausgerechnet ein katholischer Erzbischof noch, der K\u00f6lner Kardinal Mei\u00dfner (1933-2017).<\/p>\n\n\n\n<figure class=\"wp-block-image size-full\"><img loading=\"lazy\" decoding=\"async\" width=\"680\" height=\"647\" src=\"https:\/\/klauskunze.com\/blog\/wp-content\/uploads\/2026\/01\/G_gmQBsXMAA3IUk.jpg\" alt=\"\" class=\"wp-image-7359\" srcset=\"https:\/\/klauskunze.com\/blog\/wp-content\/uploads\/2026\/01\/G_gmQBsXMAA3IUk.jpg 680w, https:\/\/klauskunze.com\/blog\/wp-content\/uploads\/2026\/01\/G_gmQBsXMAA3IUk-300x285.jpg 300w\" sizes=\"auto, (max-width: 680px) 100vw, 680px\" \/><\/figure>\n\n\n\n<p class=\"has-text-align-center\">Twitterfund 25.1.2026<\/p>\n\n\n\n<p>Er stand noch in einer ungebrochenen kirchengeschichtlichen Tradition: \u201eIch kenne kein islamisches Land, das tolerant ist. Toleranz predigt der Islam immer nur dort, wo er in der Minderheit ist.&#8220; Wechselseitige Erfahrungen miteinander hatten die K\u00f6lner seit dem 16. Jahrhundert n\u00e4mlich gemacht, und zwar katholische und evangelische. Ich hatte die Verfolgung der Protestanten und die katholische Homogenisierung hier am 3.6.2025 bereits ausf\u00fchrlich dargestellt:<\/p>\n\n\n\n<p><a href=\"https:\/\/klauskunze.com\/blog\/2025\/06\/03\/die-gelenkte-gesellschaft\/\">Nachdem Luther 1517 seine Thesen verk\u00fcndet hatte, brachen bald konfessionelle Kriege aus und schwemmten Fl\u00fcchtlinge verschiedenen Glaubens nach K\u00f6ln. Es setzten Jahrhunderte strenger obrigkeitlicher Unterdr\u00fcckung der rund 10% heimlichen Nichtkatholiken ein. In K\u00f6ln durfte nicht evangelisch oder gar t\u00e4uferisch gepredigt werden. Pr\u00e4ventive Verbote wurden mit repressiven Ma\u00dfnahmen begleitet. Es kam zu Hinrichtungen. \u201eT\u00e4ufer\u201c wurden 1561 und 1563 ertr\u00e4nkt.<\/a><a href=\"#_ftn1\" id=\"_ftnref1\">[1]<\/a> Die herrschenden Oligarchen der Stadtrepublik<a href=\"#_ftn2\" id=\"_ftnref2\">[2]<\/a> zogen alle Register, auch der Denunziation<a href=\"#_ftn3\" id=\"_ftnref3\">[3]<\/a> und der Zensur.<\/p>\n\n\n\n<h2 class=\"wp-block-heading\">Alle Secten sind unter der Verfolgung dem\u00fctig<\/h2>\n\n\n\n<p>Aus K\u00f6lner katholischer Sicht waren die Protestanten eine Sekte. Als Zeitgenosse hatte <a href=\"https:\/\/www.deutsche-biographie.de\/gnd122899369.html#adbcontent\">Michael von Isselt<\/a> ihr Auftreten genau verfolgt. Sein Urteil:<\/p>\n\n\n\n<blockquote class=\"wp-block-quote is-layout-flow wp-block-quote-is-layout-flow\">\n<p>Die Erfarung lehret, da\u00df die Menschen niemals besser, als unter dem Druck sind. Alle Secten sind unter der Verfolgung dem\u00fctig und leutselig, aber trotzig und hochm\u00fctig nach ihrer Aufrichtung, sie Verfolgen wieder.<\/p>\n\n\n\n<p>Michael von Isselt, 1584, in: Arnold Meshofen und Michael von Isselt, Erstausgabe in deutscher \u00dcbersetzung, Religionsgeschichte der C\u00f6lnischen Kirche, 1764, S.302 f.<a href=\"#_ftn4\" id=\"_ftnref4\">[4]<\/a><\/p>\n<\/blockquote>\n\n\n<div class=\"wp-block-image\">\n<figure class=\"aligncenter size-full\"><img loading=\"lazy\" decoding=\"async\" width=\"492\" height=\"774\" src=\"https:\/\/klauskunze.com\/blog\/wp-content\/uploads\/2026\/01\/Zuschneiden_21.jpg\" alt=\"\" class=\"wp-image-7363\" srcset=\"https:\/\/klauskunze.com\/blog\/wp-content\/uploads\/2026\/01\/Zuschneiden_21.jpg 492w, https:\/\/klauskunze.com\/blog\/wp-content\/uploads\/2026\/01\/Zuschneiden_21-191x300.jpg 191w\" sizes=\"auto, (max-width: 492px) 100vw, 492px\" \/><figcaption class=\"wp-element-caption\">Michael von Isselt, De bello Coloniensi, 1584, lateinische Erstausgabe.<\/figcaption><\/figure>\n<\/div>\n\n\n<p>Die Kirchengeschichte K\u00f6lns war dem Kardinal Mei\u00dfner nat\u00fcrlich bekannt. Michael von Isselt hatte die blutigen Ereignisse des <a href=\"https:\/\/de.wikipedia.org\/wiki\/Truchsessischer_Krieg\">K\u00f6lnischen Krieges genau beschrieben, als der damalige Erzbischof Gebhard Truchse\u00df das Erzbistum protestantisch machen wollte<\/a>. Das wurde blutig unterdr\u00fcckt und artete in einen Krieg aus, in den sich auch ausl\u00e4ndische M\u00e4chte wie Frankreich einmischten.<\/p>\n\n\n\n<p>Nat\u00fcrlich standen damals auch die m\u00f6rderischen Exzesse der Sekte der <a href=\"https:\/\/de.wikipedia.org\/wiki\/T%C3%A4uferreich_von_M%C3%BCnster\">T\u00e4ufer in M\u00fcnster 1525-1535<\/a>, aber auch die Bartholom\u00e4usnacht in Frankreich 1572 in erschreckender Erinnerung, als Tausende Evangelische massakriert wurden. Alle diese Sektierer glaubten an ihre jeweils eigene \u201eWahrheit\u201c, ebenso wie heute Moslems. &#8222;F\u00fcr &#8218;die&#8216; Wahrheit&#8220;, spottete der Philosoph <a href=\"https:\/\/de.wikipedia.org\/wiki\/Panajotis_Kondylis\">Panajotis Kon\u00addylis<\/a>, &#8222;kann man aller\u00addings sterben &#8211; aber nur f\u00fcr die eigene, d.h. f\u00fcr jene, die sich mit der eigenen Identit\u00e4t deckt, so da\u00df Verteidi\u00adgung &#8218;der&#8216; Wahrheit und Verteidigung der ei\u00adge\u00adnen Identit\u00e4t letztlich zusammen\u00adfal\u00adlen.&#8220;<a href=\"#_ftn5\" id=\"_ftnref5\">[5]<\/a> Weil der Angriff auf <em>seine<\/em> Wahr\u00adheit den Fanatiker existen\u00adtiell trifft, kennt er in ihrer Vertei\u00addi\u00adgung kein Pardon: &#8222;Wer sich selbst im Besitze un\u00adum\u00adst\u00f6\u00df\u00adli\u00adcher Wahr\u00adhei\u00adten w\u00e4hnt, kann dem Andersden\u00adkenden nicht mit To\u00adle\u00adranz begeg\u00adnen.&#8220;<a href=\"#_ftn6\" id=\"_ftnref6\">[6]<\/a> &#8222;\u00bbEs ist unm\u00f6glich,\u00ab&#8220; zitiert der Rechtsphilosoph Johann Braun aus dem &#8218;Gesell\u00adschafts\u00advertrag&#8216; von Rousseau, &#8222;\u00bbmit Leuten, die man f\u00fcr verdammt h\u00e4lt, in Frieden zu leben.\u00ab Wo ein Teil der B\u00fcrger in einem Teil der anderen &#8230; nicht Rechtsgenossen, son\u00addern Feinde er\u00adblickt, die den Lebensentwurf, den man f\u00fcr sich selbst hegt, gef\u00e4hrden,&#8220; kann &#8222;existentielle Feind\u00adschaf\u00adt auch auf dem Boden des Rechts\u00ad\u00adstaates jederzeit aufbrechen.&#8220;<a href=\"#_ftn7\" id=\"_ftnref7\">[7]<\/a><\/p>\n\n\n\n<p>Genau das sehen wir heutzutage in zunehmendem Ma\u00dfe in Deutschland, in dem <em>UnsereDemokratie<\/em> alle Sekten unter Naturschutz stellt. Wohin die krampfhafte Durchsetzung der absoluten Toleranz f\u00fchrt, sehen wir jetzt in Extremform in England, in dem bereits christliche M\u00e4rsche und \u00c4u\u00dferungen in sozialen Medien verboten oder gar unter Strafe gestellt sind, w\u00e4hrend Moslems zur Macht\u00fcbernahme ansetzen. Hier bewahrheiten sich die Dicta Joachim Mei\u00dfners und Michael von Isselts. Solange Sekten wie die islamischen in der Minderheit sind, n\u00e4hren sie die Illusionen harmloser Toleranz und spielen das multikulturelle Spiel scheinbar mit, das sie doch so sehr hassen und verachten. Wie die Tauben fressen sie uns aus der Hand, solange sie unten sind, doch werden sie uns auf die K\u00f6pfe schei\u00dfen, wenn sie einmal oben sein werden.<\/p>\n\n\n\n<figure class=\"wp-block-image alignwide size-large\"><img loading=\"lazy\" decoding=\"async\" width=\"1024\" height=\"578\" src=\"http:\/\/klauskunze.com\/blog\/wp-content\/uploads\/2026\/01\/image-1024x578.jpg\" alt=\"\" class=\"wp-image-7358\" srcset=\"https:\/\/klauskunze.com\/blog\/wp-content\/uploads\/2026\/01\/image-1024x578.jpg 1024w, https:\/\/klauskunze.com\/blog\/wp-content\/uploads\/2026\/01\/image-300x169.jpg 300w, https:\/\/klauskunze.com\/blog\/wp-content\/uploads\/2026\/01\/image-768x434.jpg 768w, https:\/\/klauskunze.com\/blog\/wp-content\/uploads\/2026\/01\/image-900x508.jpg 900w, https:\/\/klauskunze.com\/blog\/wp-content\/uploads\/2026\/01\/image-1280x723.jpg 1280w, https:\/\/klauskunze.com\/blog\/wp-content\/uploads\/2026\/01\/image.jpg 1360w\" sizes=\"auto, (max-width: 1024px) 100vw, 1024px\" \/><figcaption class=\"wp-element-caption\">Die Bild-KI wei\u00df nicht, da\u00df Moslems auch nach ihrer Machtergreifung nicht nach Br\u00fcssel gen Westen beten werden.<\/figcaption><\/figure>\n\n\n\n<h2 class=\"wp-block-heading\">Nicht die Menschen sind schlecht, sondern ihr Wahn<\/h2>\n\n\n\n<p>Dabei sind Moslems weder theologisch noch als Menschen im Grunde schrecklicher als Christen. Ihr Glaubenseifer ist das Problem. Er klebt an Wahnvorstellungen, f\u00fcr die jeder Ungl\u00e4ubige als Stachel im Fleische ihres Gottes erscheint. Genau so waren unsere Christen und speziell ihre Kirchen und Sekten vor ihrer Domestikation bei uns auch.<\/p>\n\n\n\n<p>Sie s\u00e4useln uns etwas vor, gerade so, wie Protestanten der katholischen Obrigkeit solange etwas vors\u00e4uselten und die reine christliche Liebe predigten, solange sie machtlos waren. Wo sie aber an die Macht kamen, erwiesen sie sich als ebenso fanatisch und rabiat gegen Andersgl\u00e4ubige wie die Katholiken. Michael von Isselt warnte:<\/p>\n\n\n\n<figure class=\"wp-block-image size-large\"><img loading=\"lazy\" decoding=\"async\" width=\"592\" height=\"1024\" src=\"https:\/\/klauskunze.com\/blog\/wp-content\/uploads\/2026\/01\/IMG_2026_01_24_15_39_20Sa-592x1024.jpg\" alt=\"\" class=\"wp-image-7360\" srcset=\"https:\/\/klauskunze.com\/blog\/wp-content\/uploads\/2026\/01\/IMG_2026_01_24_15_39_20Sa-592x1024.jpg 592w, https:\/\/klauskunze.com\/blog\/wp-content\/uploads\/2026\/01\/IMG_2026_01_24_15_39_20Sa-173x300.jpg 173w, https:\/\/klauskunze.com\/blog\/wp-content\/uploads\/2026\/01\/IMG_2026_01_24_15_39_20Sa-768x1330.jpg 768w, https:\/\/klauskunze.com\/blog\/wp-content\/uploads\/2026\/01\/IMG_2026_01_24_15_39_20Sa-887x1536.jpg 887w, https:\/\/klauskunze.com\/blog\/wp-content\/uploads\/2026\/01\/IMG_2026_01_24_15_39_20Sa-900x1558.jpg 900w, https:\/\/klauskunze.com\/blog\/wp-content\/uploads\/2026\/01\/IMG_2026_01_24_15_39_20Sa.jpg 982w\" sizes=\"auto, (max-width: 592px) 100vw, 592px\" \/><\/figure>\n\n\n\n<blockquote class=\"wp-block-quote is-layout-flow wp-block-quote-is-layout-flow\">\n<p>Wir wollen diese sch\u00f6ne und s\u00fcsse Worte nach der Liebe beurteilen, und glauben, da\u00df es den Protestanten damals auch also gemeinet gewesen. Die Erfahrung lehret, da\u00df die Menschen niemals besser, als unter dem Druck sind. Alle Secten sind unter der Verfolgung dem\u00fcthig und leutselig, aber trotzig und hochm\u00fcthig nach der Aufrichtung, sie Verfolgen wieder. Dieser Saz bedarf keines beweises , denn die Erfahrung hat ihn gar zu viel best\u00e4tiget , und best\u00e4tiget ihn noch t\u00e4glich. Bis auf diese Stunde verfolgen sich die Protestanten unter einander selbst, mit einem recht t\u00f6dlichen Has, und ist nichts gewissers , als da\u00df eine Partey die andere gantz aufreiben w\u00fcrde, wenn nur eine oder die andere die Oberhand so weit bekomen solte. Keiner welcher die innere Verfassung dieser Kirche kennet, wird sich unterstehen, solches zu leugnen. \u201eDie Reformirten, (heisset es in den Brandenburgischen Merckw\u00fcrdigkeiten l. c.) versuchten, die Lutheraner im Brandenburg zu verfolgen. Sie bedienten sich der Neigungen, welche der K\u00f6nig zu ihrem Vortheil hatte, um Reformirte Prediger in den D\u00f6rfern einzusetzen, wo Lutherische gewesen waren. Dieses beweiset sehr wohl, da\u00df die Religion (n\u00e4mlich eine un\u00e4chte und falsche,) die Leidenschaften in den Menschen nicht ausrottet , und da\u00df die Secten allezeit bereit sind, ihre Gegener zu unterdr\u00fccken, wenn sie sich f\u00fcr die st\u00e4rcksten halten.\u201c<\/p>\n<\/blockquote>\n\n\n<div class=\"wp-block-image\">\n<figure class=\"aligncenter size-large\"><img loading=\"lazy\" decoding=\"async\" width=\"933\" height=\"1024\" src=\"https:\/\/klauskunze.com\/blog\/wp-content\/uploads\/2026\/01\/302-Isselt-Ausschnitt-933x1024.jpg\" alt=\"\" class=\"wp-image-7361\" srcset=\"https:\/\/klauskunze.com\/blog\/wp-content\/uploads\/2026\/01\/302-Isselt-Ausschnitt-933x1024.jpg 933w, https:\/\/klauskunze.com\/blog\/wp-content\/uploads\/2026\/01\/302-Isselt-Ausschnitt-273x300.jpg 273w, https:\/\/klauskunze.com\/blog\/wp-content\/uploads\/2026\/01\/302-Isselt-Ausschnitt-768x843.jpg 768w, https:\/\/klauskunze.com\/blog\/wp-content\/uploads\/2026\/01\/302-Isselt-Ausschnitt-1400x1536.jpg 1400w, https:\/\/klauskunze.com\/blog\/wp-content\/uploads\/2026\/01\/302-Isselt-Ausschnitt-900x988.jpg 900w, https:\/\/klauskunze.com\/blog\/wp-content\/uploads\/2026\/01\/302-Isselt-Ausschnitt-1280x1405.jpg 1280w, https:\/\/klauskunze.com\/blog\/wp-content\/uploads\/2026\/01\/302-Isselt-Ausschnitt.jpg 1634w\" sizes=\"auto, (max-width: 933px) 100vw, 933px\" \/><figcaption class=\"wp-element-caption\">Der von mir zitierte Text steht rechts und links in der Fu\u00dfnote.<\/figcaption><\/figure>\n<\/div>\n\n\n<p>Da\u00df der Erzkatholik Isselt sich gar nicht vorstellen konnte, seine eigene, \u201eechte\u201c Religion k\u00f6nnte genauso schlimm sein, tr\u00fcbte nicht seine Sicht auf die tats\u00e4chlichen Probleme: Wie sperrt man zwei rei\u00dfende Bestien in einen engen K\u00e4fig, ohne da\u00df sie sich an die Gurgel gehen? Darf man fanatische Sektierer in ein religi\u00f6s homogenes Land lassen, ohne da\u00df das bald zu Mord und Totschlag f\u00fchrt? Darf eine weitsichtige Obrigkeit bei der Aufnahme solcher Leute im Land unvorsichtig sein?<\/p>\n\n\n\n<blockquote class=\"wp-block-quote is-layout-flow wp-block-quote-is-layout-flow\">\n<p>Es hat demnach eine Obrigkeit bey aufnemung solcher Leute grose F\u00fcrsichtigkeit zu gebrauchen. Was es f\u00fcr Folgen nach sich gezogen haben w\u00fcrde , wenn der C\u00f6lnische Magistrat diesen schmeichelnden Worten Geh\u00f6r gegeben haben solte, darf man nicht lange fragen; das vom Anfange der Reformation bis hieher beschehene Betragen der Protestanten gibt solches gnugsam zu erkennen.<\/p>\n\n\n\n<p>Michael von Isselt 1584<\/p>\n<\/blockquote>\n\n\n\n<p>Grenzenloses Gutmenschentum und liberalistisch halbierte Vernunft sehen da gar kein Problem. Die w\u00fcrden sich mit der Zeit schon beruhigen, nein, nicht radikalisieren. <em>Die sind doch alle so lieb. Die paar k\u00f6nnen uns doch nicht schaden. Es ist ja nur eine Erziehungsfrage. In unseren Schulen werden ihre Kinder schnell Toleranz lernen.<\/em><\/p>\n\n\n<div class=\"wp-block-image\">\n<figure class=\"aligncenter size-large\"><img loading=\"lazy\" decoding=\"async\" width=\"1024\" height=\"862\" src=\"https:\/\/klauskunze.com\/blog\/wp-content\/uploads\/2026\/01\/Zuschneiden_12-1024x862.jpg\" alt=\"\" class=\"wp-image-7364\" srcset=\"https:\/\/klauskunze.com\/blog\/wp-content\/uploads\/2026\/01\/Zuschneiden_12-1024x862.jpg 1024w, https:\/\/klauskunze.com\/blog\/wp-content\/uploads\/2026\/01\/Zuschneiden_12-300x253.jpg 300w, https:\/\/klauskunze.com\/blog\/wp-content\/uploads\/2026\/01\/Zuschneiden_12-768x647.jpg 768w, https:\/\/klauskunze.com\/blog\/wp-content\/uploads\/2026\/01\/Zuschneiden_12-900x758.jpg 900w, https:\/\/klauskunze.com\/blog\/wp-content\/uploads\/2026\/01\/Zuschneiden_12.jpg 1063w\" sizes=\"auto, (max-width: 1024px) 100vw, 1024px\" \/><figcaption class=\"wp-element-caption\">&#8222;Es sind ja blo\u00df Ungl\u00e4ubige&#8220; &#8211; F\u00fcr den &#8222;rechten Glauben&#8220; taten Menschen mit gutem Gewissen, was sie sonst noch nicht einmal mit schlechtem verbrochen h\u00e4tten (Verfolgung der Protestanten in Frankreich 1685-86, von Romeyn de Hooghe 1686, Hugenottenmuseum Karlshafen) <\/figcaption><\/figure>\n<\/div>\n\n\n<p>O sancta simplicitas! Sie spielen mit dem Leben unserer Frauen und Kinder, ja mit unser aller Freiheit und Zukunft. Aus der Geschichte zu lernen kann f\u00fcr uns nur bedeuten, solche Leute grunds\u00e4tzlich aus Deutschland herauszuhalten. Jeder Moslem tr\u00e4gt den ideologischen Keim sp\u00e4terer sogenannter Radikalisierung in sich. Ob dieser Kein einst treibt und was uns dann bl\u00fcht, ist eine Frage der numerischen Machtverh\u00e4ltnisse. Sobald sie uns demografisch in der Minderheit sehen, wird ihre Stunde kommen. Dann werden sie, ganz demokratisch, die gesetzlichen Spielregeln <em>UnsererDemokratie <\/em>so \u00e4ndern, da\u00df von Liberalismus, Toleranz und Multikulti nebst<em>wehrhafter Demokratie<\/em> kein Fetzen mehr \u00fcbrig bleibt.<\/p>\n\n\n\n<hr class=\"wp-block-separator has-alpha-channel-opacity\"\/>\n\n\n\n<p><a href=\"#_ftnref1\" id=\"_ftn1\">[1]<\/a> <a href=\"https:\/\/www.historische-gesellschaft-koeln.de\/hg\/chaix.aspx\">G\u00e9rald Chaix, Geschichte der Stadt K\u00f6ln, Band 5 \u2013 K\u00f6ln im Zeitalter von Reformation und katholischer Reform, 2021<\/a>, ISBN978-3-7743-0446-8, S.325.<\/p>\n\n\n\n<p><a href=\"#_ftnref2\" id=\"_ftn2\">[2]<\/a> W\u00e4hrend in Z\u00fcnften und Gaffeln organisierte (klein)b\u00fcrgerliche Kreise 1396 die Macht des adligen Stadtpatriziats (der \u201eGeschlechter\u201c) gebrochen und den Rat der Stadt als Obrigkeit installiert hatten, hatten, entwickelte K\u00f6ln sich im 16. Jahrhundert zu einer Oligarchie zur\u00fcck. Wenige Familien stellten im Wechsel das \u201eSevirat\u201c, eine Gruppe weniger herrschender Personen, vgl. Chaix am angegebenen Ort, S.281 und andere mehr.<\/p>\n\n\n\n<p><a href=\"#_ftnref3\" id=\"_ftn3\">[3]<\/a> G\u00e9rald Chaix, Geschichte der Stadt K\u00f6ln, Band 5 \u2013 K\u00f6ln im Zeitalter von Reformation und katholischer Reform, 2021, ISBN978-3-7743-0446-8, S.337.<\/p>\n\n\n\n<p><a href=\"#_ftnref4\" id=\"_ftn4\">[4]<\/a> Michael von Isselt, 1584, in: Arnold Meshofen und Michael von Isselt, Erstausgabe in deutscher \u00dcbersetzung, Religionsgeschichte der C\u00f6lnischen Kirche, unter dem Abfal der zweien Erzbisch\u00f6fen und Churf\u00fcrsten Herman Grafen von Wied und Gebhard Grafen von Truchses, &nbsp;K\u00f6ln 1764, S.302 f.<\/p>\n\n\n\n<p><a href=\"#_ftnref5\" id=\"_ftn5\">[5]<\/a> Panajotis Kondylis, Macht und Entscheidung, S.87.<\/p>\n\n\n\n<p><a href=\"#_ftnref6\" id=\"_ftn6\">[6]<\/a> Backes\/ Jesse, Extremismus, S.173.<\/p>\n\n\n\n<p><a href=\"#_ftnref7\" id=\"_ftn7\">[7]<\/a> Joh. Braun, Recht und Moral im pluralistischen Staat, JuS 1994, 727, (730).<\/p>\n","protected":false},"excerpt":{"rendered":"<p>Alle Sekten sind unter der Verfolgung dem\u00fctig Mit den Grunds\u00e4tzen der religi\u00f6sen Toleranz und Glaubensfreiheit und des daraus abgeleiteten Multikulturalismus hebt der Liberalismus sich an seinen inneren Widerspr\u00fcchen selbst auf. Das Grundgesetz UnsererDemokratie verk\u00f6rpert in Reinkultur das liberale Dogma, der Staat m\u00fcsse sich religi\u00f6s neutral verhalten. Blind soll er sich stellen auch angesichts von Religionen, [&hellip;]<\/p>\n","protected":false},"author":1,"featured_media":7358,"comment_status":"open","ping_status":"open","sticky":false,"template":"","format":"standard","meta":{"h5ap_radio_sources":[],"twitterCardType":"","cardImageID":0,"cardImage":"","cardTitle":"","cardDesc":"","cardImageAlt":"","cardPlayer":"","cardPlayerWidth":0,"cardPlayerHeight":0,"cardPlayerStream":"","cardPlayerCodec":"","footnotes":""},"categories":[13,20,17],"tags":[],"class_list":["post-7356","post","type-post","status-publish","format-standard","has-post-thumbnail","hentry","category-geschichte","category-philosophie","category-politik"],"yoast_head":"<!-- This site is optimized with the Yoast SEO plugin v27.4 - https:\/\/yoast.com\/product\/yoast-seo-wordpress\/ -->\n<title>Sind sie unten, fressen sie uns aus der Hand \u2026 - Klaus Kunze<\/title>\n<meta name=\"robots\" content=\"index, follow, max-snippet:-1, max-image-preview:large, max-video-preview:-1\" \/>\n<link rel=\"canonical\" href=\"https:\/\/klauskunze.com\/blog\/2026\/01\/25\/sind-sie-unten-fressen-sie-uns-aus-der-hand\/\" \/>\n<meta property=\"og:locale\" content=\"de_DE\" \/>\n<meta property=\"og:type\" content=\"article\" \/>\n<meta property=\"og:title\" content=\"Sind sie unten, fressen sie uns aus der Hand \u2026 - Klaus Kunze\" \/>\n<meta property=\"og:description\" content=\"Alle Sekten sind unter der Verfolgung dem\u00fctig Mit den Grunds\u00e4tzen der religi\u00f6sen Toleranz und Glaubensfreiheit und des daraus abgeleiteten Multikulturalismus hebt der Liberalismus sich an seinen inneren Widerspr\u00fcchen selbst auf. Das Grundgesetz UnsererDemokratie verk\u00f6rpert in Reinkultur das liberale Dogma, der Staat m\u00fcsse sich religi\u00f6s neutral verhalten. Blind soll er sich stellen auch angesichts von Religionen, [&hellip;]\" \/>\n<meta property=\"og:url\" content=\"https:\/\/klauskunze.com\/blog\/2026\/01\/25\/sind-sie-unten-fressen-sie-uns-aus-der-hand\/\" \/>\n<meta property=\"og:site_name\" content=\"Klaus Kunze\" \/>\n<meta property=\"article:published_time\" content=\"2026-01-25T19:07:01+00:00\" \/>\n<meta property=\"article:modified_time\" content=\"2026-02-10T17:40:39+00:00\" \/>\n<meta property=\"og:image\" content=\"http:\/\/klauskunze.com\/blog\/wp-content\/uploads\/2026\/01\/image.jpg\" \/>\n\t<meta property=\"og:image:width\" content=\"1360\" \/>\n\t<meta property=\"og:image:height\" content=\"768\" \/>\n\t<meta property=\"og:image:type\" content=\"image\/jpeg\" \/>\n<meta name=\"author\" content=\"Klaus Kunze\" \/>\n<meta name=\"twitter:label1\" content=\"Verfasst von\" \/>\n\t<meta name=\"twitter:data1\" content=\"Klaus Kunze\" \/>\n\t<meta name=\"twitter:label2\" content=\"Gesch\u00e4tzte Lesezeit\" \/>\n\t<meta name=\"twitter:data2\" content=\"1\u00a0Minute\" \/>\n<script type=\"application\/ld+json\" class=\"yoast-schema-graph\">{\"@context\":\"https:\\\/\\\/schema.org\",\"@graph\":[{\"@type\":\"Article\",\"@id\":\"https:\\\/\\\/klauskunze.com\\\/blog\\\/2026\\\/01\\\/25\\\/sind-sie-unten-fressen-sie-uns-aus-der-hand\\\/#article\",\"isPartOf\":{\"@id\":\"https:\\\/\\\/klauskunze.com\\\/blog\\\/2026\\\/01\\\/25\\\/sind-sie-unten-fressen-sie-uns-aus-der-hand\\\/\"},\"author\":{\"name\":\"Klaus Kunze\",\"@id\":\"https:\\\/\\\/klauskunze.com\\\/blog\\\/#\\\/schema\\\/person\\\/9c091cf30ab68b897db6a517e3c3b11b\"},\"headline\":\"Sind sie unten, fressen sie uns aus der Hand \u2026\",\"datePublished\":\"2026-01-25T19:07:01+00:00\",\"dateModified\":\"2026-02-10T17:40:39+00:00\",\"mainEntityOfPage\":{\"@id\":\"https:\\\/\\\/klauskunze.com\\\/blog\\\/2026\\\/01\\\/25\\\/sind-sie-unten-fressen-sie-uns-aus-der-hand\\\/\"},\"wordCount\":1687,\"commentCount\":0,\"publisher\":{\"@id\":\"https:\\\/\\\/klauskunze.com\\\/blog\\\/#\\\/schema\\\/person\\\/9c091cf30ab68b897db6a517e3c3b11b\"},\"image\":{\"@id\":\"https:\\\/\\\/klauskunze.com\\\/blog\\\/2026\\\/01\\\/25\\\/sind-sie-unten-fressen-sie-uns-aus-der-hand\\\/#primaryimage\"},\"thumbnailUrl\":\"https:\\\/\\\/klauskunze.com\\\/blog\\\/wp-content\\\/uploads\\\/2026\\\/01\\\/image.jpg\",\"articleSection\":[\"Geschichte\",\"Philosophie\",\"Politik\"],\"inLanguage\":\"de\",\"potentialAction\":[{\"@type\":\"CommentAction\",\"name\":\"Comment\",\"target\":[\"https:\\\/\\\/klauskunze.com\\\/blog\\\/2026\\\/01\\\/25\\\/sind-sie-unten-fressen-sie-uns-aus-der-hand\\\/#respond\"]}]},{\"@type\":\"WebPage\",\"@id\":\"https:\\\/\\\/klauskunze.com\\\/blog\\\/2026\\\/01\\\/25\\\/sind-sie-unten-fressen-sie-uns-aus-der-hand\\\/\",\"url\":\"https:\\\/\\\/klauskunze.com\\\/blog\\\/2026\\\/01\\\/25\\\/sind-sie-unten-fressen-sie-uns-aus-der-hand\\\/\",\"name\":\"Sind sie unten, fressen sie uns aus der Hand \u2026 - Klaus Kunze\",\"isPartOf\":{\"@id\":\"https:\\\/\\\/klauskunze.com\\\/blog\\\/#website\"},\"primaryImageOfPage\":{\"@id\":\"https:\\\/\\\/klauskunze.com\\\/blog\\\/2026\\\/01\\\/25\\\/sind-sie-unten-fressen-sie-uns-aus-der-hand\\\/#primaryimage\"},\"image\":{\"@id\":\"https:\\\/\\\/klauskunze.com\\\/blog\\\/2026\\\/01\\\/25\\\/sind-sie-unten-fressen-sie-uns-aus-der-hand\\\/#primaryimage\"},\"thumbnailUrl\":\"https:\\\/\\\/klauskunze.com\\\/blog\\\/wp-content\\\/uploads\\\/2026\\\/01\\\/image.jpg\",\"datePublished\":\"2026-01-25T19:07:01+00:00\",\"dateModified\":\"2026-02-10T17:40:39+00:00\",\"breadcrumb\":{\"@id\":\"https:\\\/\\\/klauskunze.com\\\/blog\\\/2026\\\/01\\\/25\\\/sind-sie-unten-fressen-sie-uns-aus-der-hand\\\/#breadcrumb\"},\"inLanguage\":\"de\",\"potentialAction\":[{\"@type\":\"ReadAction\",\"target\":[\"https:\\\/\\\/klauskunze.com\\\/blog\\\/2026\\\/01\\\/25\\\/sind-sie-unten-fressen-sie-uns-aus-der-hand\\\/\"]}]},{\"@type\":\"ImageObject\",\"inLanguage\":\"de\",\"@id\":\"https:\\\/\\\/klauskunze.com\\\/blog\\\/2026\\\/01\\\/25\\\/sind-sie-unten-fressen-sie-uns-aus-der-hand\\\/#primaryimage\",\"url\":\"https:\\\/\\\/klauskunze.com\\\/blog\\\/wp-content\\\/uploads\\\/2026\\\/01\\\/image.jpg\",\"contentUrl\":\"https:\\\/\\\/klauskunze.com\\\/blog\\\/wp-content\\\/uploads\\\/2026\\\/01\\\/image.jpg\",\"width\":1360,\"height\":768},{\"@type\":\"BreadcrumbList\",\"@id\":\"https:\\\/\\\/klauskunze.com\\\/blog\\\/2026\\\/01\\\/25\\\/sind-sie-unten-fressen-sie-uns-aus-der-hand\\\/#breadcrumb\",\"itemListElement\":[{\"@type\":\"ListItem\",\"position\":1,\"name\":\"Startseite\",\"item\":\"https:\\\/\\\/klauskunze.com\\\/blog\\\/\"},{\"@type\":\"ListItem\",\"position\":2,\"name\":\"Sind sie unten, fressen sie uns aus der Hand \u2026\"}]},{\"@type\":\"WebSite\",\"@id\":\"https:\\\/\\\/klauskunze.com\\\/blog\\\/#website\",\"url\":\"https:\\\/\\\/klauskunze.com\\\/blog\\\/\",\"name\":\"Klaus Kunze\",\"description\":\"Blog\",\"publisher\":{\"@id\":\"https:\\\/\\\/klauskunze.com\\\/blog\\\/#\\\/schema\\\/person\\\/9c091cf30ab68b897db6a517e3c3b11b\"},\"potentialAction\":[{\"@type\":\"SearchAction\",\"target\":{\"@type\":\"EntryPoint\",\"urlTemplate\":\"https:\\\/\\\/klauskunze.com\\\/blog\\\/?s={search_term_string}\"},\"query-input\":{\"@type\":\"PropertyValueSpecification\",\"valueRequired\":true,\"valueName\":\"search_term_string\"}}],\"inLanguage\":\"de\"},{\"@type\":[\"Person\",\"Organization\"],\"@id\":\"https:\\\/\\\/klauskunze.com\\\/blog\\\/#\\\/schema\\\/person\\\/9c091cf30ab68b897db6a517e3c3b11b\",\"name\":\"Klaus Kunze\",\"image\":{\"@type\":\"ImageObject\",\"inLanguage\":\"de\",\"@id\":\"https:\\\/\\\/secure.gravatar.com\\\/avatar\\\/5cd83cadbada9c331a79952fcca177ed3d3be4c7ad3239b9d934bf84adff15dd?s=96&d=blank&r=g\",\"url\":\"https:\\\/\\\/secure.gravatar.com\\\/avatar\\\/5cd83cadbada9c331a79952fcca177ed3d3be4c7ad3239b9d934bf84adff15dd?s=96&d=blank&r=g\",\"contentUrl\":\"https:\\\/\\\/secure.gravatar.com\\\/avatar\\\/5cd83cadbada9c331a79952fcca177ed3d3be4c7ad3239b9d934bf84adff15dd?s=96&d=blank&r=g\",\"caption\":\"Klaus Kunze\"},\"logo\":{\"@id\":\"https:\\\/\\\/secure.gravatar.com\\\/avatar\\\/5cd83cadbada9c331a79952fcca177ed3d3be4c7ad3239b9d934bf84adff15dd?s=96&d=blank&r=g\"},\"sameAs\":[\"http:\\\/\\\/KlausKunze.com\",\"https:\\\/\\\/x.com\\\/https:\\\/\\\/twitter.com\\\/KlausKunze3\"]}]}<\/script>\n<!-- \/ Yoast SEO plugin. -->","yoast_head_json":{"title":"Sind sie unten, fressen sie uns aus der Hand \u2026 - Klaus Kunze","robots":{"index":"index","follow":"follow","max-snippet":"max-snippet:-1","max-image-preview":"max-image-preview:large","max-video-preview":"max-video-preview:-1"},"canonical":"https:\/\/klauskunze.com\/blog\/2026\/01\/25\/sind-sie-unten-fressen-sie-uns-aus-der-hand\/","og_locale":"de_DE","og_type":"article","og_title":"Sind sie unten, fressen sie uns aus der Hand \u2026 - Klaus Kunze","og_description":"Alle Sekten sind unter der Verfolgung dem\u00fctig Mit den Grunds\u00e4tzen der religi\u00f6sen Toleranz und Glaubensfreiheit und des daraus abgeleiteten Multikulturalismus hebt der Liberalismus sich an seinen inneren Widerspr\u00fcchen selbst auf. Das Grundgesetz UnsererDemokratie verk\u00f6rpert in Reinkultur das liberale Dogma, der Staat m\u00fcsse sich religi\u00f6s neutral verhalten. Blind soll er sich stellen auch angesichts von Religionen, [&hellip;]","og_url":"https:\/\/klauskunze.com\/blog\/2026\/01\/25\/sind-sie-unten-fressen-sie-uns-aus-der-hand\/","og_site_name":"Klaus Kunze","article_published_time":"2026-01-25T19:07:01+00:00","article_modified_time":"2026-02-10T17:40:39+00:00","og_image":[{"width":1360,"height":768,"url":"http:\/\/klauskunze.com\/blog\/wp-content\/uploads\/2026\/01\/image.jpg","type":"image\/jpeg"}],"author":"Klaus Kunze","twitter_misc":{"Verfasst von":"Klaus Kunze","Gesch\u00e4tzte Lesezeit":"1\u00a0Minute"},"schema":{"@context":"https:\/\/schema.org","@graph":[{"@type":"Article","@id":"https:\/\/klauskunze.com\/blog\/2026\/01\/25\/sind-sie-unten-fressen-sie-uns-aus-der-hand\/#article","isPartOf":{"@id":"https:\/\/klauskunze.com\/blog\/2026\/01\/25\/sind-sie-unten-fressen-sie-uns-aus-der-hand\/"},"author":{"name":"Klaus Kunze","@id":"https:\/\/klauskunze.com\/blog\/#\/schema\/person\/9c091cf30ab68b897db6a517e3c3b11b"},"headline":"Sind sie unten, fressen sie uns aus der Hand \u2026","datePublished":"2026-01-25T19:07:01+00:00","dateModified":"2026-02-10T17:40:39+00:00","mainEntityOfPage":{"@id":"https:\/\/klauskunze.com\/blog\/2026\/01\/25\/sind-sie-unten-fressen-sie-uns-aus-der-hand\/"},"wordCount":1687,"commentCount":0,"publisher":{"@id":"https:\/\/klauskunze.com\/blog\/#\/schema\/person\/9c091cf30ab68b897db6a517e3c3b11b"},"image":{"@id":"https:\/\/klauskunze.com\/blog\/2026\/01\/25\/sind-sie-unten-fressen-sie-uns-aus-der-hand\/#primaryimage"},"thumbnailUrl":"https:\/\/klauskunze.com\/blog\/wp-content\/uploads\/2026\/01\/image.jpg","articleSection":["Geschichte","Philosophie","Politik"],"inLanguage":"de","potentialAction":[{"@type":"CommentAction","name":"Comment","target":["https:\/\/klauskunze.com\/blog\/2026\/01\/25\/sind-sie-unten-fressen-sie-uns-aus-der-hand\/#respond"]}]},{"@type":"WebPage","@id":"https:\/\/klauskunze.com\/blog\/2026\/01\/25\/sind-sie-unten-fressen-sie-uns-aus-der-hand\/","url":"https:\/\/klauskunze.com\/blog\/2026\/01\/25\/sind-sie-unten-fressen-sie-uns-aus-der-hand\/","name":"Sind sie unten, fressen sie uns aus der Hand \u2026 - Klaus Kunze","isPartOf":{"@id":"https:\/\/klauskunze.com\/blog\/#website"},"primaryImageOfPage":{"@id":"https:\/\/klauskunze.com\/blog\/2026\/01\/25\/sind-sie-unten-fressen-sie-uns-aus-der-hand\/#primaryimage"},"image":{"@id":"https:\/\/klauskunze.com\/blog\/2026\/01\/25\/sind-sie-unten-fressen-sie-uns-aus-der-hand\/#primaryimage"},"thumbnailUrl":"https:\/\/klauskunze.com\/blog\/wp-content\/uploads\/2026\/01\/image.jpg","datePublished":"2026-01-25T19:07:01+00:00","dateModified":"2026-02-10T17:40:39+00:00","breadcrumb":{"@id":"https:\/\/klauskunze.com\/blog\/2026\/01\/25\/sind-sie-unten-fressen-sie-uns-aus-der-hand\/#breadcrumb"},"inLanguage":"de","potentialAction":[{"@type":"ReadAction","target":["https:\/\/klauskunze.com\/blog\/2026\/01\/25\/sind-sie-unten-fressen-sie-uns-aus-der-hand\/"]}]},{"@type":"ImageObject","inLanguage":"de","@id":"https:\/\/klauskunze.com\/blog\/2026\/01\/25\/sind-sie-unten-fressen-sie-uns-aus-der-hand\/#primaryimage","url":"https:\/\/klauskunze.com\/blog\/wp-content\/uploads\/2026\/01\/image.jpg","contentUrl":"https:\/\/klauskunze.com\/blog\/wp-content\/uploads\/2026\/01\/image.jpg","width":1360,"height":768},{"@type":"BreadcrumbList","@id":"https:\/\/klauskunze.com\/blog\/2026\/01\/25\/sind-sie-unten-fressen-sie-uns-aus-der-hand\/#breadcrumb","itemListElement":[{"@type":"ListItem","position":1,"name":"Startseite","item":"https:\/\/klauskunze.com\/blog\/"},{"@type":"ListItem","position":2,"name":"Sind sie unten, fressen sie uns aus der Hand \u2026"}]},{"@type":"WebSite","@id":"https:\/\/klauskunze.com\/blog\/#website","url":"https:\/\/klauskunze.com\/blog\/","name":"Klaus Kunze","description":"Blog","publisher":{"@id":"https:\/\/klauskunze.com\/blog\/#\/schema\/person\/9c091cf30ab68b897db6a517e3c3b11b"},"potentialAction":[{"@type":"SearchAction","target":{"@type":"EntryPoint","urlTemplate":"https:\/\/klauskunze.com\/blog\/?s={search_term_string}"},"query-input":{"@type":"PropertyValueSpecification","valueRequired":true,"valueName":"search_term_string"}}],"inLanguage":"de"},{"@type":["Person","Organization"],"@id":"https:\/\/klauskunze.com\/blog\/#\/schema\/person\/9c091cf30ab68b897db6a517e3c3b11b","name":"Klaus Kunze","image":{"@type":"ImageObject","inLanguage":"de","@id":"https:\/\/secure.gravatar.com\/avatar\/5cd83cadbada9c331a79952fcca177ed3d3be4c7ad3239b9d934bf84adff15dd?s=96&d=blank&r=g","url":"https:\/\/secure.gravatar.com\/avatar\/5cd83cadbada9c331a79952fcca177ed3d3be4c7ad3239b9d934bf84adff15dd?s=96&d=blank&r=g","contentUrl":"https:\/\/secure.gravatar.com\/avatar\/5cd83cadbada9c331a79952fcca177ed3d3be4c7ad3239b9d934bf84adff15dd?s=96&d=blank&r=g","caption":"Klaus Kunze"},"logo":{"@id":"https:\/\/secure.gravatar.com\/avatar\/5cd83cadbada9c331a79952fcca177ed3d3be4c7ad3239b9d934bf84adff15dd?s=96&d=blank&r=g"},"sameAs":["http:\/\/KlausKunze.com","https:\/\/x.com\/https:\/\/twitter.com\/KlausKunze3"]}]}},"post_mailing_queue_ids":[],"_links":{"self":[{"href":"https:\/\/klauskunze.com\/blog\/wp-json\/wp\/v2\/posts\/7356","targetHints":{"allow":["GET"]}}],"collection":[{"href":"https:\/\/klauskunze.com\/blog\/wp-json\/wp\/v2\/posts"}],"about":[{"href":"https:\/\/klauskunze.com\/blog\/wp-json\/wp\/v2\/types\/post"}],"author":[{"embeddable":true,"href":"https:\/\/klauskunze.com\/blog\/wp-json\/wp\/v2\/users\/1"}],"replies":[{"embeddable":true,"href":"https:\/\/klauskunze.com\/blog\/wp-json\/wp\/v2\/comments?post=7356"}],"version-history":[{"count":19,"href":"https:\/\/klauskunze.com\/blog\/wp-json\/wp\/v2\/posts\/7356\/revisions"}],"predecessor-version":[{"id":7392,"href":"https:\/\/klauskunze.com\/blog\/wp-json\/wp\/v2\/posts\/7356\/revisions\/7392"}],"wp:featuredmedia":[{"embeddable":true,"href":"https:\/\/klauskunze.com\/blog\/wp-json\/wp\/v2\/media\/7358"}],"wp:attachment":[{"href":"https:\/\/klauskunze.com\/blog\/wp-json\/wp\/v2\/media?parent=7356"}],"wp:term":[{"taxonomy":"category","embeddable":true,"href":"https:\/\/klauskunze.com\/blog\/wp-json\/wp\/v2\/categories?post=7356"},{"taxonomy":"post_tag","embeddable":true,"href":"https:\/\/klauskunze.com\/blog\/wp-json\/wp\/v2\/tags?post=7356"}],"curies":[{"name":"wp","href":"https:\/\/api.w.org\/{rel}","templated":true}]}}