{"id":749,"date":"2019-12-04T12:16:33","date_gmt":"2019-12-04T11:16:33","guid":{"rendered":"http:\/\/klauskunze.com\/blog\/?p=749"},"modified":"2019-12-05T15:50:10","modified_gmt":"2019-12-05T14:50:10","slug":"gegengift-gegen-oligarchische-giftdaempfe","status":"publish","type":"post","link":"https:\/\/klauskunze.com\/blog\/2019\/12\/04\/gegengift-gegen-oligarchische-giftdaempfe\/","title":{"rendered":"Gegengift gegen oligarchische Giftd\u00e4mpfe"},"content":{"rendered":"\n<p>Fr\u00fcher gab es intelligente Linke. Von den intelligenten\nLinken der 1968er-Generation sind viele inzwischen politisch weit nach rechts\nger\u00fcckt. Mit zunehmendem Lebensalter ger\u00e4t doch mancher in engen Kontakt mit\ndem realen Leben. Mein Vater pflegte mir fr\u00fcher schon zu sagen: &#8222;Wer mit\n18 kein Kommunist ist, hat kein Herz, und wer es mit 40 noch ist, hat keinen\nVerstand.&#8220;<\/p>\n\n\n\n<p>Von intellektuellen Linken liest man immer weniger. 1989 brach der real existierende Sozialismus fl\u00e4chendeckend zusammen. Von diesem Schicksalsschlag haben sie sich nicht erholt. Viele fl\u00fcchteten sich in einen neuen gef\u00fchligen Moralismus ohne konsistente Ideologie im alten, marxistischen Sinne. Die Zeit ihrer gro\u00dfen weltanschaulichen Entw\u00fcrfe ist vorbei.<\/p>\n\n\n\n<p>Ein paar Epigonen gibt es noch. Sie versuchen\nverzweifelt, den Anschlu\u00df an das intellektuelle Niveau fr\u00fcherer Linker zu\nhalten. Es gelingt ihnen nicht. Da ihnen &#8222;der Kapitalismus&#8220; als\nFeindbild abhanden bekommen ist und sie keine Erl\u00f6sungsutopie mehr anzubieten\nhaben, arbeiten sich manche an einem neuen Feindbild ab. F\u00fcr Linksextremisten\nist das nat\u00fcrlich der Rechtsextremismus oder was sie daf\u00fcr halten.<\/p>\n\n\n\n<div class=\"wp-block-image\"><figure class=\"alignleft size-large\"><img loading=\"lazy\" decoding=\"async\" width=\"316\" height=\"454\" src=\"http:\/\/klauskunze.com\/blog\/wp-content\/uploads\/2019\/12\/Zuschneiden_9.jpg\" alt=\"\" class=\"wp-image-764\" srcset=\"https:\/\/klauskunze.com\/blog\/wp-content\/uploads\/2019\/12\/Zuschneiden_9.jpg 316w, https:\/\/klauskunze.com\/blog\/wp-content\/uploads\/2019\/12\/Zuschneiden_9-209x300.jpg 209w\" sizes=\"auto, (max-width: 316px) 100vw, 316px\" \/><\/figure><\/div>\n\n\n\n<p>Wer einen weltanschaulichen Gegner \u00fcberwinden will,\nmu\u00df ihn als erstes verstehen. Die&nbsp;\ngegnerischen Denkstrukturen, Positionen und Begriffe m\u00fcssen richtig\nanalysiert und erkl\u00e4rt werden. Schon bei diesem ersten Schritt in die geistige\nArena straucheln Menschen, wenn sie nicht gelernt haben, gr\u00fcndlich und\nvollst\u00e4ndig zu lesen und das Gelesene zu begreifen. <\/p>\n\n\n\n<p>Da arbeitet jemand als Lehrer<a href=\"#_ftn1\">[1]<\/a>;\nsein Hobby ist &#8222;Rechtsextremismusforschung&#8220;, und 2018 publizierte er\nein Buch \u00fcber &#8222;Die \u00bbNeue Rechte\u00ab in der Grauzone zwischen\nRechtsextremismus und Konservatismus&#8220;. Schreckliches meint er gelesen zu\nhaben:<\/p>\n\n\n\n<blockquote class=\"wp-block-quote is-layout-flow wp-block-quote-is-layout-flow\"><p>&#8222;W\u00e4hrend die Forderungen nach mehr direkter Demokratie noch keinerlei Anzeichen einer bestimmten politischen Orientierung beinhalten oder in dem Verdacht stehen, extremistischen Positionen Zugest\u00e4ndnisse zu machen, zeigt sich bei der &#8218;Neuen Rechten&#8220;, dass der Ausbau von direkten Partizipationsm\u00f6glichkeiten der B\u00fcrger nur vordergr\u00fcndig zur St\u00e4rkung der Demokratie beitragen soll. Es geht vor allem darum, da\u00df System der Bundesrepublik Deutschland abzuschaffen.&#8220;<\/p><cite> Patrick Ke\u00dfler, Die &#8218;Neue Rechte&#8216; in der Grauzone zwischen Rechtsextremismus und Konservatismus?, Berlin 2018, S.147 f. <\/cite><\/blockquote>\n\n\n\n<p>Leider verwechselt Ke\u00dfler, von welchem System denn gerade die Rede ist, wenn er einen verfassungsrechtlichen oder soziologischen Text liest. So wirft er in fr\u00f6hlicher Einfalt alles in einem Topf durcheinander, was doch zu auseinanderzuhalten &#8211; zu ana-lysieren &#8211; w\u00e4re. So bedeutet der Begriff System in der Soziologie oder Systemtheorie etwas v\u00f6llig anderes als im verfassungstheoretischen Diskurs. <\/p>\n\n\n\n<p>Wer will denn &#8222;das System der Bundesrepublik Deutschland abschaffen&#8220;? Schreibt oder fordert jemand so etwas? Ke\u00dfler meint es zu wissen und behauptet k\u00fchn:<\/p>\n\n\n\n<div class=\"wp-block-image\"><figure class=\"aligncenter size-large\"><img loading=\"lazy\" decoding=\"async\" width=\"644\" height=\"309\" src=\"http:\/\/klauskunze.com\/blog\/wp-content\/uploads\/2019\/12\/Unbenannt-Graustufen-01.jpg\" alt=\"\" class=\"wp-image-751\" srcset=\"https:\/\/klauskunze.com\/blog\/wp-content\/uploads\/2019\/12\/Unbenannt-Graustufen-01.jpg 644w, https:\/\/klauskunze.com\/blog\/wp-content\/uploads\/2019\/12\/Unbenannt-Graustufen-01-300x144.jpg 300w\" sizes=\"auto, (max-width: 644px) 100vw, 644px\" \/><figcaption>KESSLER (2018) S.148<\/figcaption><\/figure><\/div>\n\n\n\n<p>Ging es aber dabei um &#8222;das System der Bundesrepublik Deutschland&#8220; im verfassungsrechtlichen Sinn, also um die freiheitliche demokratische Grundordnung? Mitnichten, es ging um den soziologischen Begriff des selbstreferentiellen Systems:<\/p>\n\n\n\n<blockquote class=\"wp-block-quote is-layout-flow wp-block-quote-is-layout-flow\"><p>Der Parteienstaat hat nur eine Sollbruchstelle. Bisher hat sie gehalten und kann noch solange halten, wie die B\u00fcrger ihn sich gefallen lassen. Eine Strategie der Sy\u00adstem\u00ad\u00fcber\u00ad\u00adwindung kann nur je nach Lage der Dinge, also jetzt und hier, anhand der dargestellten Machtverh\u00e4ltnisse und Spielregeln entworfen werden. Da die Machtverh\u00e4ltnisse, also zum Beispiel der Besitz der Medien, keinen direkten Zugriff m\u00f6glich machen, mu\u00df ein archimedischer Punkt gefunden werden, von dem aus das allm\u00e4chtige Parteiensystem aus den Angeln gehoben werden kann. Es mu\u00df ein geistiges Samenkorn gelegt wer\u00adden, das keimt, die verfilzten Machtstrukturen durchdringt und schlie\u00df\u00adlich den Deckel des selbstreferentiellen Systems sprengt.<\/p><cite> Klaus Kunze, das Plebiszit als Sollbruchstelle des Parteienstaates,  Vortrag vom 11.11.2007, <a href=\"http:\/\/klauskunze.com\/kanzlei\/presse\/db1.htm\">http:\/\/klauskunze.com\/kanzlei\/presse\/db1.htm<\/a>. <\/cite><\/blockquote>\n\n\n\n<p>Ein selbstreferentielles System ist nach <a href=\"https:\/\/de.wikipedia.org\/wiki\/Niklas_Luhmann\">Niklas Luhmann<\/a>s <a href=\"https:\/\/de.wikipedia.org\/wiki\/Soziologische_Systemtheorie\">Systemtheorie<\/a> eines, das nicht mehr von au\u00dfen beeinflu\u00dfbar ist, sondern<\/p>\n\n\n\n<blockquote class=\"wp-block-quote is-layout-flow wp-block-quote-is-layout-flow\"><p>nur noch auf Ver\u00ad\u00e4nderun\u00adgen im eigenen Sy\u00adstem rea\u00adgiert. Die Po\u00adlitik in der Bundesrepu\u00adblik ist selbst\u00adre\u00adfe\u00adren\u00adtiell als Koa\u00adlition von be\u00adam\u00adte\u00adten Politikern und politi\u00adsier\u00adten Be\u00adamten, um\u00adge\u00adben von Jour\u00adna\u00adlisten des \u00f6f\u00adfent\u00adlich-rechtli\u00adchen Rund\u00adfunks. Derar\u00adtige Systeme ha\u00adben die Tendenz, sich zu\u00adneh\u00admend zu verselb\u00adst\u00e4n\u00addigen &#8211; hier gegen\u00ad\u00fcber dem Gesamt\u00adsystem &#8222;Ge\u00adsellschaft&#8220;.<a href=\"#_ftn2\">[2]<\/a> Damit ist aber der Eli\u00adten\u00adplura\u00adlismus und damit eine tragende S\u00e4ule der Selbst\u00adrecht\u00adfer\u00adtigung des Sy\u00adstems au\u00dfer Kraft ge\u00adsetzt. Sie lautet, da\u00df die &#8222;De\u00admo\u00adkratie&#8220; in\u00adsti\u00adtutio\u00adnell und tat\u00ads\u00e4ch\u00adlich offen und durchl\u00e4ssig f\u00fcr kon\u00adkur\u00ad\u00adrierende Eliten sein mu\u00df.<\/p><cite> <a href=\"http:\/\/www.klauskunze.com\/heikun\/par\/Der%20totale%20Parteienstaat.pdf\">Klaus Kunze, Der totale Parteienstaat, 1994, S.24<\/a>. <\/cite><\/blockquote>\n\n\n\n<p>Soziologie? Das ist manchen Leuten zu hoch. Darum noch einmal ganz langsam zum Mitschreiben:<\/p>\n\n\n\n<blockquote class=\"wp-block-quote is-layout-flow wp-block-quote-is-layout-flow\"><p> Der Parteien\u00ad\u00adstaat ist im Zeitalter der industriellen  Massengesellschaft un\u00fcberwindlich, so\u00adlange er deren objektive  Funkti\u00adonsbedingun\u00adgen und den Machterhalt ihrer Hauptnutznie\u00dfer optimal  garantiert. Er ist ein Ge\u00admein\u00adwe\u00adsen, in dem   <br>(I.) &#8211; <strong>soziologisch<\/strong> gesehen &#8211; sich gesellschaftliche Kr\u00e4fte des Staates bem\u00e4chtigt und eine absolute Ge\u00adsell\u00adschaft installiert haben, <br>(II.) in dem es <a href=\"http:\/\/klauskunze.com\/kanzlei\/presse\/st1193.htm\"><strong>verfassungsrechtlich<\/strong> gesehen keine Gewal\u00adtenteilung mehr gibt, weil alle Staats\u00adge\u00adwal\u00adten von den\u00adselben gesellschaftlichen Kr\u00e4ften kon\u00adtrolliert werden<\/a>,<br> (III.) <strong>\u00f6konomi\u00adsch<\/strong> diese Kr\u00e4fte eine sie beg\u00fcnstigende Ordnung durchgesetzt haben <br> (IV.) und <strong>ideologisch<\/strong> ihre Macht durch eine Herrschaftsideolo\u00adgie absichern,<br> wobei jedes dieser vier Merkmale mit den anderen in einem notwendigen funktionalen Zusammenhang steht.  <\/p><cite><a href=\"http:\/\/klauskunze.com\/kanzlei\/presse\/db1.htm\">Klaus Kunze (2007) a.a.O.<\/a><\/cite><\/blockquote>\n\n\n\n<div class=\"wp-block-image\"><figure class=\"alignright size-large\"><a href=\"https:\/\/www.amazon.de\/Das-System-Die-Machenschaften-Macht\/dp\/3426776588\/ref=sr_1_1?adgrpid=70022891646&amp;gclid=EAIaIQobChMI-fSpl7Kc5gIVj-maCh2CagugEAAYASAAEgJf9vD_BwE&amp;hvadid=398558731365&amp;hvdev=c&amp;hvlocphy=9044238&amp;hvnetw=g&amp;hvpos=1t1&amp;hvqmt=b&amp;hvrand=8681205673190876889&amp;hvtargid=kwd-301454184703&amp;hydadcr=27956_1986968&amp;keywords=das+system+von+arnim&amp;qid=1575476201&amp;sr=8-1\"><img loading=\"lazy\" decoding=\"async\" width=\"497\" height=\"769\" src=\"http:\/\/klauskunze.com\/blog\/wp-content\/uploads\/2019\/12\/Zuschneiden_7.jpg\" alt=\"\" class=\"wp-image-759\" srcset=\"https:\/\/klauskunze.com\/blog\/wp-content\/uploads\/2019\/12\/Zuschneiden_7.jpg 497w, https:\/\/klauskunze.com\/blog\/wp-content\/uploads\/2019\/12\/Zuschneiden_7-194x300.jpg 194w\" sizes=\"auto, (max-width: 497px) 100vw, 497px\" \/><\/a><\/figure><\/div>\n\n\n\n<p>Die Parteienstaatlichkeit funktioniert wie ein selbstreferentielles System. Sie erneuert sich immer wieder aus sich selbst heraus und ist durch Wahlen praktisch schwer zu beeinflussen. Wie eine Schlingpflanze \u00fcberwuchert sie die im Grundgetz verankerte freiheitliche demokratische Grundordnung. <\/p>\n\n\n\n<p>Von dieser ist sie keineswegs vorgesehen. Der Verfassungsrechtler Hans Herbert von Arnim bedauert das und zeigt in seinem 2001 erschienenen Buch &#8222;Das System&#8220; auf,<\/p>\n\n\n\n<blockquote class=\"wp-block-quote is-layout-flow wp-block-quote-is-layout-flow\"><p> da\u00df unsere Verfassung in Teilen abgedankt und eine ganz andere Art von Realvefassung die Herrschaft angetreten hat. Im Laufe der Zeit wurde hinter der demokatischen Fassade ein System etabliert, in dem v\u00f6llig andere Regeln gelten als die des Gundgesetzes. Dieses im Verborgenen wuchernde inoffizielle Zweite System unterl\u00e4uft das offizielle System und beeintr\u00e4chtig seine Funktionen. Es f\u00fchrt dazu, da\u00df sich zwischen unseren Idealen und der Wirklichkeit, zwischen Norm und Realit\u00e4t, eine riesige L\u00fccke auftut.<br>Wer dar\u00fcber spricht, droht das ganze System zu delegitimieren und provoziert deshalb Widerstand und Widerspruch auf breiter Front. Die ungeschminkte Darstellung der L\u00fccke stellt den Kern der \u00fcberlieferten Ideologie von Staat und Politik in Frage und bestreitet, da\u00df unsere repr\u00e4sentative Ordnung in der derzeitigen Form die beiden Grundprinzipien Demokratie und Gemeinwohl noch sichert.<\/p><cite><a href=\"https:\/\/www.amazon.de\/Das-System-Die-Machenschaften-Macht\/dp\/3426776588\/ref=sr_1_1?adgrpid=70022891646&amp;gclid=EAIaIQobChMI-fSpl7Kc5gIVj-maCh2CagugEAAYASAAEgJf9vD_BwE&amp;hvadid=398558731365&amp;hvdev=c&amp;hvlocphy=9044238&amp;hvnetw=g&amp;hvpos=1t1&amp;hvqmt=b&amp;hvrand=8681205673190876889&amp;hvtargid=kwd-301454184703&amp;hydadcr=27956_1986968&amp;keywords=das+system+von+arnim&amp;qid=1575476201&amp;sr=8-1\">Hans Herbert von Arnim, Das System, 2001<\/a>, S.26 ff.<\/cite><\/blockquote>\n\n\n\n<div class=\"wp-block-image\"><figure class=\"alignright size-large\"><a href=\"http:\/\/klauskunze.com\/heikun\/par\/index.htm\"><img loading=\"lazy\" decoding=\"async\" width=\"563\" height=\"798\" src=\"http:\/\/klauskunze.com\/blog\/wp-content\/uploads\/2019\/12\/Zuschneiden_8.jpg\" alt=\"\" class=\"wp-image-760\" srcset=\"https:\/\/klauskunze.com\/blog\/wp-content\/uploads\/2019\/12\/Zuschneiden_8.jpg 563w, https:\/\/klauskunze.com\/blog\/wp-content\/uploads\/2019\/12\/Zuschneiden_8-212x300.jpg 212w\" sizes=\"auto, (max-width: 563px) 100vw, 563px\" \/><\/a><figcaption><a href=\"http:\/\/klauskunze.com\/heikun\/par\/Der%20totale%20Parteienstaat.pdf\">Download-Link<\/a><\/figcaption><\/figure><\/div>\n\n\n\n<p>Da\u00df Volksabstimmungen dazu geeignet sind, von au\u00dfen dieses selbstreferentielle System aufzuknacken und wieder eine offene Gesellschaft zu erm\u00f6glichen, offen auch f\u00fcr Ver\u00e4nderungen und etwaige Elitenwechsel, habe ich schon 1994 in &#8222;Der totale Parteienstaat&#8220; geschrieben und sie gefordert. Nat\u00fcrlich w\u00fcrden Volksabstimmungen nicht das verfassungsrechtliche &#8222;System der Bundesrepublik Deutschland abschaffen&#8220;, sondern innerhalb der freiheitlichen demokratischen Grundordnung die von ihr gar nicht vorgesehene Herrschaft immer wieder derselben Parteieliten beenden.  Diese f\u00fcrchten das Volk darum wie der Teufel das Weihwasser. <\/p>\n\n\n\n<p>Immer bleibt die blo\u00dfe Repr\u00e4sentation gegen\u00fcber der Idee der Demokratie als eine &#8222;Minderform&#8220; zur\u00fcck, wie der ehemalige Richter am Bundesverfassungsgericht <a href=\"https:\/\/de.wikipedia.org\/wiki\/Ernst-Wolfgang_B%C3%B6ckenf%C3%B6rde\">Ernst-Wolfgang B\u00f6ckenf\u00f6rde<\/a> formulierte, als blo\u00df<\/p>\n\n\n\n<blockquote class=\"wp-block-quote is-layout-flow wp-block-quote-is-layout-flow\"><p>&#8218;zweiter Weg&#8216;, der sein Defizit an eigentlicher Demokratie nicht verbergen kann. [&#8230;] In seiner Augestaltung hat jedes Element unmittelbarer Demokratie, das in sie eingebracht wird, eine h\u00f6here Legiimit\u00e4t, stellt ein &#8218;Mehr an Demokratie&#8216; dar. Die Tendenz der Ausgestaltung mu\u00df dahin gehen, die Elemente der Repr\u00e4sentation und Mittelbarkeit, wennsie schon nicht ganz zu entbehren sind, doch zur\u00fcckzudr\u00e4ngen und zu vermindern.<\/p><cite>Ernst-Wolfgang B\u00f6ckenf\u00f6rde, Demokratie und Repr\u00e4sentation, Hannover 1983, S.7.<\/cite><\/blockquote>\n\n\n\n<div class=\"wp-block-image\"><figure class=\"alignright size-large is-resized\"><img loading=\"lazy\" decoding=\"async\" src=\"http:\/\/klauskunze.com\/blog\/wp-content\/uploads\/2019\/12\/20191204_194823-167x1024.jpg\" alt=\"\" class=\"wp-image-768\" width=\"67\" height=\"412\" srcset=\"https:\/\/klauskunze.com\/blog\/wp-content\/uploads\/2019\/12\/20191204_194823-167x1024.jpg 167w, https:\/\/klauskunze.com\/blog\/wp-content\/uploads\/2019\/12\/20191204_194823-49x300.jpg 49w, https:\/\/klauskunze.com\/blog\/wp-content\/uploads\/2019\/12\/20191204_194823-250x1536.jpg 250w, https:\/\/klauskunze.com\/blog\/wp-content\/uploads\/2019\/12\/20191204_194823-334x2048.jpg 334w, https:\/\/klauskunze.com\/blog\/wp-content\/uploads\/2019\/12\/20191204_194823.jpg 407w\" sizes=\"auto, (max-width: 67px) 100vw, 67px\" \/><\/figure><\/div>\n\n\n\n<p>Das Demokratieprinzip steht der selbstreferentiellen Herrschaft immer wieder derselben Parteieliten entgegen. Es ist &#8222;das elementarste Sicher\u00adheits\u00adven\u00adtil ge\u00adgen oli\u00adgarchi\u00adsche Gift\u00add\u00e4mpfe,&#8220; wie der K\u00f6lner Professor <a href=\"https:\/\/de.wikipedia.org\/wiki\/Robert_Michels\">Robert Michels<\/a> als Begr\u00fcnder der wissenschaftlichen Soziologie schon 1911 schrieb.<a href=\"#_ftn3\">[3]<\/a><\/p>\n\n\n\n<p>Kein Gegengift gibt es hingegen gegen Dummheit, die unf\u00e4hig ist, wissenschaftliche Texte zu lesen oder das Gelesene zu verstehen.<\/p>\n\n\n\n<figure class=\"wp-block-image size-large\"><img loading=\"lazy\" decoding=\"async\" width=\"1024\" height=\"768\" src=\"http:\/\/klauskunze.com\/blog\/wp-content\/uploads\/2019\/12\/20191109_121013-1024x768.jpg\" alt=\"\" class=\"wp-image-753\" srcset=\"https:\/\/klauskunze.com\/blog\/wp-content\/uploads\/2019\/12\/20191109_121013-1024x768.jpg 1024w, https:\/\/klauskunze.com\/blog\/wp-content\/uploads\/2019\/12\/20191109_121013-300x225.jpg 300w, https:\/\/klauskunze.com\/blog\/wp-content\/uploads\/2019\/12\/20191109_121013-768x576.jpg 768w, https:\/\/klauskunze.com\/blog\/wp-content\/uploads\/2019\/12\/20191109_121013-1536x1152.jpg 1536w, https:\/\/klauskunze.com\/blog\/wp-content\/uploads\/2019\/12\/20191109_121013-2048x1536.jpg 2048w, https:\/\/klauskunze.com\/blog\/wp-content\/uploads\/2019\/12\/20191109_121013-900x675.jpg 900w, https:\/\/klauskunze.com\/blog\/wp-content\/uploads\/2019\/12\/20191109_121013-1280x960.jpg 1280w\" sizes=\"auto, (max-width: 1024px) 100vw, 1024px\" \/><figcaption>Plebiszite sind das beste Gegengift gegen oligarchische Giftd\u00e4mpfe.<\/figcaption><\/figure>\n\n\n\n<p><br><\/p>\n\n\n\n<hr class=\"wp-block-separator\"\/>\n\n\n\n<p><a href=\"#_ftnref1\">[1]<\/a> Angaben nach Neue Gesellschaft, Frankfurter Hefte, 1.5.2018, <a href=\"https:\/\/www.frankfurter-hefte.de\/autor\/patrick-kessler\/\">https:\/\/www.frankfurter-hefte.de\/autor\/patrick-kessler\/<\/a>, abgerufen am 4.12.2019.<\/p>\n\n\n\n<p><a href=\"#_ftnref2\">[2]<\/a> <a href=\"https:\/\/de.wikipedia.org\/wiki\/Erwin_Scheuch\">Erwin Scheuch<\/a>, Parteien und Politiker in der Bun\u00addes\u00adre\u00adpu\u00adblik (alt) heute, Hrg.Wirtschaftsvereinigung der CDU in NRW, D\u00fcsseldorf 1991, S.30 u. S.121.<\/p>\n\n\n\n<p><a href=\"#_ftnref3\">[3]<\/a>\nRobert Michels, Zur Soziologie des Parteiwesens in der modernen Demo\u00adkratie,\n1911, 4.Aufl.Stuttgart 1989, S.93<\/p>\n","protected":false},"excerpt":{"rendered":"<p>Fr\u00fcher gab es intelligente Linke. Von den intelligenten Linken der 1968er-Generation sind viele inzwischen politisch weit nach rechts ger\u00fcckt. Mit zunehmendem Lebensalter ger\u00e4t doch mancher in engen Kontakt mit dem realen Leben. Mein Vater pflegte mir fr\u00fcher schon zu sagen: &#8222;Wer mit 18 kein Kommunist ist, hat kein Herz, und wer es mit 40 noch [&hellip;]<\/p>\n","protected":false},"author":1,"featured_media":754,"comment_status":"open","ping_status":"open","sticky":false,"template":"","format":"standard","meta":{"h5ap_radio_sources":[],"twitterCardType":"","cardImageID":0,"cardImage":"","cardTitle":"","cardDesc":"","cardImageAlt":"","cardPlayer":"","cardPlayerWidth":0,"cardPlayerHeight":0,"cardPlayerStream":"","cardPlayerCodec":"","footnotes":""},"categories":[1,18,20,17],"tags":[],"class_list":["post-749","post","type-post","status-publish","format-standard","has-post-thumbnail","hentry","category-allgemein","category-juristisches","category-philosophie","category-politik"],"yoast_head":"<!-- This site is optimized with the Yoast SEO plugin v27.4 - https:\/\/yoast.com\/product\/yoast-seo-wordpress\/ -->\n<title>Gegengift gegen oligarchische Giftd\u00e4mpfe - Klaus Kunze<\/title>\n<meta name=\"robots\" content=\"index, follow, max-snippet:-1, max-image-preview:large, max-video-preview:-1\" \/>\n<link rel=\"canonical\" href=\"https:\/\/klauskunze.com\/blog\/2019\/12\/04\/gegengift-gegen-oligarchische-giftdaempfe\/\" \/>\n<meta property=\"og:locale\" content=\"de_DE\" \/>\n<meta property=\"og:type\" content=\"article\" \/>\n<meta property=\"og:title\" content=\"Gegengift gegen oligarchische Giftd\u00e4mpfe - Klaus Kunze\" \/>\n<meta property=\"og:description\" content=\"Fr\u00fcher gab es intelligente Linke. Von den intelligenten Linken der 1968er-Generation sind viele inzwischen politisch weit nach rechts ger\u00fcckt. Mit zunehmendem Lebensalter ger\u00e4t doch mancher in engen Kontakt mit dem realen Leben. Mein Vater pflegte mir fr\u00fcher schon zu sagen: &#8222;Wer mit 18 kein Kommunist ist, hat kein Herz, und wer es mit 40 noch [&hellip;]\" \/>\n<meta property=\"og:url\" content=\"https:\/\/klauskunze.com\/blog\/2019\/12\/04\/gegengift-gegen-oligarchische-giftdaempfe\/\" \/>\n<meta property=\"og:site_name\" content=\"Klaus Kunze\" \/>\n<meta property=\"article:published_time\" content=\"2019-12-04T11:16:33+00:00\" \/>\n<meta property=\"article:modified_time\" content=\"2019-12-05T14:50:10+00:00\" \/>\n<meta property=\"og:image\" content=\"https:\/\/klauskunze.com\/blog\/wp-content\/uploads\/2019\/12\/20191109_121013-1-scaled.jpg\" \/>\n\t<meta property=\"og:image:width\" content=\"2560\" \/>\n\t<meta property=\"og:image:height\" content=\"1124\" \/>\n\t<meta property=\"og:image:type\" content=\"image\/jpeg\" \/>\n<meta name=\"author\" content=\"Klaus Kunze\" \/>\n<meta name=\"twitter:label1\" content=\"Verfasst von\" \/>\n\t<meta name=\"twitter:data1\" content=\"Klaus Kunze\" \/>\n\t<meta name=\"twitter:label2\" content=\"Gesch\u00e4tzte Lesezeit\" \/>\n\t<meta name=\"twitter:data2\" content=\"7\u00a0Minuten\" \/>\n<script type=\"application\/ld+json\" class=\"yoast-schema-graph\">{\"@context\":\"https:\\\/\\\/schema.org\",\"@graph\":[{\"@type\":\"Article\",\"@id\":\"https:\\\/\\\/klauskunze.com\\\/blog\\\/2019\\\/12\\\/04\\\/gegengift-gegen-oligarchische-giftdaempfe\\\/#article\",\"isPartOf\":{\"@id\":\"https:\\\/\\\/klauskunze.com\\\/blog\\\/2019\\\/12\\\/04\\\/gegengift-gegen-oligarchische-giftdaempfe\\\/\"},\"author\":{\"name\":\"Klaus Kunze\",\"@id\":\"https:\\\/\\\/klauskunze.com\\\/blog\\\/#\\\/schema\\\/person\\\/9c091cf30ab68b897db6a517e3c3b11b\"},\"headline\":\"Gegengift gegen oligarchische Giftd\u00e4mpfe\",\"datePublished\":\"2019-12-04T11:16:33+00:00\",\"dateModified\":\"2019-12-05T14:50:10+00:00\",\"mainEntityOfPage\":{\"@id\":\"https:\\\/\\\/klauskunze.com\\\/blog\\\/2019\\\/12\\\/04\\\/gegengift-gegen-oligarchische-giftdaempfe\\\/\"},\"wordCount\":1398,\"commentCount\":0,\"publisher\":{\"@id\":\"https:\\\/\\\/klauskunze.com\\\/blog\\\/#\\\/schema\\\/person\\\/9c091cf30ab68b897db6a517e3c3b11b\"},\"image\":{\"@id\":\"https:\\\/\\\/klauskunze.com\\\/blog\\\/2019\\\/12\\\/04\\\/gegengift-gegen-oligarchische-giftdaempfe\\\/#primaryimage\"},\"thumbnailUrl\":\"https:\\\/\\\/klauskunze.com\\\/blog\\\/wp-content\\\/uploads\\\/2019\\\/12\\\/20191109_121013-1-scaled.jpg\",\"articleSection\":{\"1\":\"Juristisches\",\"2\":\"Philosophie\",\"3\":\"Politik\"},\"inLanguage\":\"de\",\"potentialAction\":[{\"@type\":\"CommentAction\",\"name\":\"Comment\",\"target\":[\"https:\\\/\\\/klauskunze.com\\\/blog\\\/2019\\\/12\\\/04\\\/gegengift-gegen-oligarchische-giftdaempfe\\\/#respond\"]}]},{\"@type\":\"WebPage\",\"@id\":\"https:\\\/\\\/klauskunze.com\\\/blog\\\/2019\\\/12\\\/04\\\/gegengift-gegen-oligarchische-giftdaempfe\\\/\",\"url\":\"https:\\\/\\\/klauskunze.com\\\/blog\\\/2019\\\/12\\\/04\\\/gegengift-gegen-oligarchische-giftdaempfe\\\/\",\"name\":\"Gegengift gegen oligarchische Giftd\u00e4mpfe - Klaus Kunze\",\"isPartOf\":{\"@id\":\"https:\\\/\\\/klauskunze.com\\\/blog\\\/#website\"},\"primaryImageOfPage\":{\"@id\":\"https:\\\/\\\/klauskunze.com\\\/blog\\\/2019\\\/12\\\/04\\\/gegengift-gegen-oligarchische-giftdaempfe\\\/#primaryimage\"},\"image\":{\"@id\":\"https:\\\/\\\/klauskunze.com\\\/blog\\\/2019\\\/12\\\/04\\\/gegengift-gegen-oligarchische-giftdaempfe\\\/#primaryimage\"},\"thumbnailUrl\":\"https:\\\/\\\/klauskunze.com\\\/blog\\\/wp-content\\\/uploads\\\/2019\\\/12\\\/20191109_121013-1-scaled.jpg\",\"datePublished\":\"2019-12-04T11:16:33+00:00\",\"dateModified\":\"2019-12-05T14:50:10+00:00\",\"breadcrumb\":{\"@id\":\"https:\\\/\\\/klauskunze.com\\\/blog\\\/2019\\\/12\\\/04\\\/gegengift-gegen-oligarchische-giftdaempfe\\\/#breadcrumb\"},\"inLanguage\":\"de\",\"potentialAction\":[{\"@type\":\"ReadAction\",\"target\":[\"https:\\\/\\\/klauskunze.com\\\/blog\\\/2019\\\/12\\\/04\\\/gegengift-gegen-oligarchische-giftdaempfe\\\/\"]}]},{\"@type\":\"ImageObject\",\"inLanguage\":\"de\",\"@id\":\"https:\\\/\\\/klauskunze.com\\\/blog\\\/2019\\\/12\\\/04\\\/gegengift-gegen-oligarchische-giftdaempfe\\\/#primaryimage\",\"url\":\"https:\\\/\\\/klauskunze.com\\\/blog\\\/wp-content\\\/uploads\\\/2019\\\/12\\\/20191109_121013-1-scaled.jpg\",\"contentUrl\":\"https:\\\/\\\/klauskunze.com\\\/blog\\\/wp-content\\\/uploads\\\/2019\\\/12\\\/20191109_121013-1-scaled.jpg\",\"width\":2560,\"height\":1124},{\"@type\":\"BreadcrumbList\",\"@id\":\"https:\\\/\\\/klauskunze.com\\\/blog\\\/2019\\\/12\\\/04\\\/gegengift-gegen-oligarchische-giftdaempfe\\\/#breadcrumb\",\"itemListElement\":[{\"@type\":\"ListItem\",\"position\":1,\"name\":\"Startseite\",\"item\":\"https:\\\/\\\/klauskunze.com\\\/blog\\\/\"},{\"@type\":\"ListItem\",\"position\":2,\"name\":\"Gegengift gegen oligarchische Giftd\u00e4mpfe\"}]},{\"@type\":\"WebSite\",\"@id\":\"https:\\\/\\\/klauskunze.com\\\/blog\\\/#website\",\"url\":\"https:\\\/\\\/klauskunze.com\\\/blog\\\/\",\"name\":\"Klaus Kunze\",\"description\":\"Blog\",\"publisher\":{\"@id\":\"https:\\\/\\\/klauskunze.com\\\/blog\\\/#\\\/schema\\\/person\\\/9c091cf30ab68b897db6a517e3c3b11b\"},\"potentialAction\":[{\"@type\":\"SearchAction\",\"target\":{\"@type\":\"EntryPoint\",\"urlTemplate\":\"https:\\\/\\\/klauskunze.com\\\/blog\\\/?s={search_term_string}\"},\"query-input\":{\"@type\":\"PropertyValueSpecification\",\"valueRequired\":true,\"valueName\":\"search_term_string\"}}],\"inLanguage\":\"de\"},{\"@type\":[\"Person\",\"Organization\"],\"@id\":\"https:\\\/\\\/klauskunze.com\\\/blog\\\/#\\\/schema\\\/person\\\/9c091cf30ab68b897db6a517e3c3b11b\",\"name\":\"Klaus Kunze\",\"image\":{\"@type\":\"ImageObject\",\"inLanguage\":\"de\",\"@id\":\"https:\\\/\\\/secure.gravatar.com\\\/avatar\\\/5cd83cadbada9c331a79952fcca177ed3d3be4c7ad3239b9d934bf84adff15dd?s=96&d=blank&r=g\",\"url\":\"https:\\\/\\\/secure.gravatar.com\\\/avatar\\\/5cd83cadbada9c331a79952fcca177ed3d3be4c7ad3239b9d934bf84adff15dd?s=96&d=blank&r=g\",\"contentUrl\":\"https:\\\/\\\/secure.gravatar.com\\\/avatar\\\/5cd83cadbada9c331a79952fcca177ed3d3be4c7ad3239b9d934bf84adff15dd?s=96&d=blank&r=g\",\"caption\":\"Klaus Kunze\"},\"logo\":{\"@id\":\"https:\\\/\\\/secure.gravatar.com\\\/avatar\\\/5cd83cadbada9c331a79952fcca177ed3d3be4c7ad3239b9d934bf84adff15dd?s=96&d=blank&r=g\"},\"sameAs\":[\"http:\\\/\\\/KlausKunze.com\",\"https:\\\/\\\/x.com\\\/https:\\\/\\\/twitter.com\\\/KlausKunze3\"]}]}<\/script>\n<!-- \/ Yoast SEO plugin. -->","yoast_head_json":{"title":"Gegengift gegen oligarchische Giftd\u00e4mpfe - Klaus Kunze","robots":{"index":"index","follow":"follow","max-snippet":"max-snippet:-1","max-image-preview":"max-image-preview:large","max-video-preview":"max-video-preview:-1"},"canonical":"https:\/\/klauskunze.com\/blog\/2019\/12\/04\/gegengift-gegen-oligarchische-giftdaempfe\/","og_locale":"de_DE","og_type":"article","og_title":"Gegengift gegen oligarchische Giftd\u00e4mpfe - Klaus Kunze","og_description":"Fr\u00fcher gab es intelligente Linke. Von den intelligenten Linken der 1968er-Generation sind viele inzwischen politisch weit nach rechts ger\u00fcckt. Mit zunehmendem Lebensalter ger\u00e4t doch mancher in engen Kontakt mit dem realen Leben. Mein Vater pflegte mir fr\u00fcher schon zu sagen: &#8222;Wer mit 18 kein Kommunist ist, hat kein Herz, und wer es mit 40 noch [&hellip;]","og_url":"https:\/\/klauskunze.com\/blog\/2019\/12\/04\/gegengift-gegen-oligarchische-giftdaempfe\/","og_site_name":"Klaus Kunze","article_published_time":"2019-12-04T11:16:33+00:00","article_modified_time":"2019-12-05T14:50:10+00:00","og_image":[{"width":2560,"height":1124,"url":"https:\/\/klauskunze.com\/blog\/wp-content\/uploads\/2019\/12\/20191109_121013-1-scaled.jpg","type":"image\/jpeg"}],"author":"Klaus Kunze","twitter_misc":{"Verfasst von":"Klaus Kunze","Gesch\u00e4tzte Lesezeit":"7\u00a0Minuten"},"schema":{"@context":"https:\/\/schema.org","@graph":[{"@type":"Article","@id":"https:\/\/klauskunze.com\/blog\/2019\/12\/04\/gegengift-gegen-oligarchische-giftdaempfe\/#article","isPartOf":{"@id":"https:\/\/klauskunze.com\/blog\/2019\/12\/04\/gegengift-gegen-oligarchische-giftdaempfe\/"},"author":{"name":"Klaus Kunze","@id":"https:\/\/klauskunze.com\/blog\/#\/schema\/person\/9c091cf30ab68b897db6a517e3c3b11b"},"headline":"Gegengift gegen oligarchische Giftd\u00e4mpfe","datePublished":"2019-12-04T11:16:33+00:00","dateModified":"2019-12-05T14:50:10+00:00","mainEntityOfPage":{"@id":"https:\/\/klauskunze.com\/blog\/2019\/12\/04\/gegengift-gegen-oligarchische-giftdaempfe\/"},"wordCount":1398,"commentCount":0,"publisher":{"@id":"https:\/\/klauskunze.com\/blog\/#\/schema\/person\/9c091cf30ab68b897db6a517e3c3b11b"},"image":{"@id":"https:\/\/klauskunze.com\/blog\/2019\/12\/04\/gegengift-gegen-oligarchische-giftdaempfe\/#primaryimage"},"thumbnailUrl":"https:\/\/klauskunze.com\/blog\/wp-content\/uploads\/2019\/12\/20191109_121013-1-scaled.jpg","articleSection":{"1":"Juristisches","2":"Philosophie","3":"Politik"},"inLanguage":"de","potentialAction":[{"@type":"CommentAction","name":"Comment","target":["https:\/\/klauskunze.com\/blog\/2019\/12\/04\/gegengift-gegen-oligarchische-giftdaempfe\/#respond"]}]},{"@type":"WebPage","@id":"https:\/\/klauskunze.com\/blog\/2019\/12\/04\/gegengift-gegen-oligarchische-giftdaempfe\/","url":"https:\/\/klauskunze.com\/blog\/2019\/12\/04\/gegengift-gegen-oligarchische-giftdaempfe\/","name":"Gegengift gegen oligarchische Giftd\u00e4mpfe - Klaus Kunze","isPartOf":{"@id":"https:\/\/klauskunze.com\/blog\/#website"},"primaryImageOfPage":{"@id":"https:\/\/klauskunze.com\/blog\/2019\/12\/04\/gegengift-gegen-oligarchische-giftdaempfe\/#primaryimage"},"image":{"@id":"https:\/\/klauskunze.com\/blog\/2019\/12\/04\/gegengift-gegen-oligarchische-giftdaempfe\/#primaryimage"},"thumbnailUrl":"https:\/\/klauskunze.com\/blog\/wp-content\/uploads\/2019\/12\/20191109_121013-1-scaled.jpg","datePublished":"2019-12-04T11:16:33+00:00","dateModified":"2019-12-05T14:50:10+00:00","breadcrumb":{"@id":"https:\/\/klauskunze.com\/blog\/2019\/12\/04\/gegengift-gegen-oligarchische-giftdaempfe\/#breadcrumb"},"inLanguage":"de","potentialAction":[{"@type":"ReadAction","target":["https:\/\/klauskunze.com\/blog\/2019\/12\/04\/gegengift-gegen-oligarchische-giftdaempfe\/"]}]},{"@type":"ImageObject","inLanguage":"de","@id":"https:\/\/klauskunze.com\/blog\/2019\/12\/04\/gegengift-gegen-oligarchische-giftdaempfe\/#primaryimage","url":"https:\/\/klauskunze.com\/blog\/wp-content\/uploads\/2019\/12\/20191109_121013-1-scaled.jpg","contentUrl":"https:\/\/klauskunze.com\/blog\/wp-content\/uploads\/2019\/12\/20191109_121013-1-scaled.jpg","width":2560,"height":1124},{"@type":"BreadcrumbList","@id":"https:\/\/klauskunze.com\/blog\/2019\/12\/04\/gegengift-gegen-oligarchische-giftdaempfe\/#breadcrumb","itemListElement":[{"@type":"ListItem","position":1,"name":"Startseite","item":"https:\/\/klauskunze.com\/blog\/"},{"@type":"ListItem","position":2,"name":"Gegengift gegen oligarchische Giftd\u00e4mpfe"}]},{"@type":"WebSite","@id":"https:\/\/klauskunze.com\/blog\/#website","url":"https:\/\/klauskunze.com\/blog\/","name":"Klaus Kunze","description":"Blog","publisher":{"@id":"https:\/\/klauskunze.com\/blog\/#\/schema\/person\/9c091cf30ab68b897db6a517e3c3b11b"},"potentialAction":[{"@type":"SearchAction","target":{"@type":"EntryPoint","urlTemplate":"https:\/\/klauskunze.com\/blog\/?s={search_term_string}"},"query-input":{"@type":"PropertyValueSpecification","valueRequired":true,"valueName":"search_term_string"}}],"inLanguage":"de"},{"@type":["Person","Organization"],"@id":"https:\/\/klauskunze.com\/blog\/#\/schema\/person\/9c091cf30ab68b897db6a517e3c3b11b","name":"Klaus Kunze","image":{"@type":"ImageObject","inLanguage":"de","@id":"https:\/\/secure.gravatar.com\/avatar\/5cd83cadbada9c331a79952fcca177ed3d3be4c7ad3239b9d934bf84adff15dd?s=96&d=blank&r=g","url":"https:\/\/secure.gravatar.com\/avatar\/5cd83cadbada9c331a79952fcca177ed3d3be4c7ad3239b9d934bf84adff15dd?s=96&d=blank&r=g","contentUrl":"https:\/\/secure.gravatar.com\/avatar\/5cd83cadbada9c331a79952fcca177ed3d3be4c7ad3239b9d934bf84adff15dd?s=96&d=blank&r=g","caption":"Klaus Kunze"},"logo":{"@id":"https:\/\/secure.gravatar.com\/avatar\/5cd83cadbada9c331a79952fcca177ed3d3be4c7ad3239b9d934bf84adff15dd?s=96&d=blank&r=g"},"sameAs":["http:\/\/KlausKunze.com","https:\/\/x.com\/https:\/\/twitter.com\/KlausKunze3"]}]}},"post_mailing_queue_ids":[],"_links":{"self":[{"href":"https:\/\/klauskunze.com\/blog\/wp-json\/wp\/v2\/posts\/749","targetHints":{"allow":["GET"]}}],"collection":[{"href":"https:\/\/klauskunze.com\/blog\/wp-json\/wp\/v2\/posts"}],"about":[{"href":"https:\/\/klauskunze.com\/blog\/wp-json\/wp\/v2\/types\/post"}],"author":[{"embeddable":true,"href":"https:\/\/klauskunze.com\/blog\/wp-json\/wp\/v2\/users\/1"}],"replies":[{"embeddable":true,"href":"https:\/\/klauskunze.com\/blog\/wp-json\/wp\/v2\/comments?post=749"}],"version-history":[{"count":15,"href":"https:\/\/klauskunze.com\/blog\/wp-json\/wp\/v2\/posts\/749\/revisions"}],"predecessor-version":[{"id":799,"href":"https:\/\/klauskunze.com\/blog\/wp-json\/wp\/v2\/posts\/749\/revisions\/799"}],"wp:featuredmedia":[{"embeddable":true,"href":"https:\/\/klauskunze.com\/blog\/wp-json\/wp\/v2\/media\/754"}],"wp:attachment":[{"href":"https:\/\/klauskunze.com\/blog\/wp-json\/wp\/v2\/media?parent=749"}],"wp:term":[{"taxonomy":"category","embeddable":true,"href":"https:\/\/klauskunze.com\/blog\/wp-json\/wp\/v2\/categories?post=749"},{"taxonomy":"post_tag","embeddable":true,"href":"https:\/\/klauskunze.com\/blog\/wp-json\/wp\/v2\/tags?post=749"}],"curies":[{"name":"wp","href":"https:\/\/api.w.org\/{rel}","templated":true}]}}