{"id":7521,"date":"2026-03-11T20:13:50","date_gmt":"2026-03-11T19:13:50","guid":{"rendered":"https:\/\/klauskunze.com\/blog\/?p=7521"},"modified":"2026-03-12T11:11:16","modified_gmt":"2026-03-12T10:11:16","slug":"wann-kommt-der-buergerkrieg","status":"publish","type":"post","link":"https:\/\/klauskunze.com\/blog\/2026\/03\/11\/wann-kommt-der-buergerkrieg\/","title":{"rendered":"Wann kommt der B\u00fcrgerkrieg?"},"content":{"rendered":"\n<p>Wer \u201eirreversibel\u201c sagt, will einfach nicht nachdenken, oder ist denkfaul und fantasielos. Als ich vor 1989 jahrelang die Wiedervereinigung gefordert hatte, nannten solche Leute mich einen \u201eRevisionisten\u201c. Die \u201eErgebnisse des zweiten Weltkriegs\u201c seien irreversibel.<\/p>\n\n\n\n<p>Bundeskanzler Merz bezeichnet die Sprengung der Atomkraftwerke als irreversibel. Er will nur darum keine neuen, weil er wei\u00df, da\u00df die SPD ihm eine R\u00fcckkehr zur Kernkraft nicht erlauben w\u00fcrde. Er sagt aber nicht die ganze Wahrheit, denn mit der AfD in seiner Regierung ginge das sehr wohl.<\/p>\n\n\n\n<p>Zu den Denkgewohnheiten seiner Restw\u00e4hler, vor allem \u00fcber 70j\u00e4hrige Tagesschau-Gucker, geh\u00f6ren viele altbundesrepublikanische Glaubenss\u00e4tze. Zum Beispiel leben wir ja in einer Demokratie, sogar einer \u201ewehrhaften\u201c, Das sei wegen der Ewigkeitsklausel des Grundgesetzes irreversibel, Art. 79 III GG.<\/p>\n\n\n\n<p>W\u00e4hrend dessen analysieren namhafte Soziologen bereits, ob es mittelfristig in den westeurop\u00e4ischen Staaten zu B\u00fcrgerkriegen kommen wird und welche strukturellen Gr\u00fcnde daf\u00fcr verantwortlich sind.<\/p>\n\n\n\n<h2 class=\"wp-block-heading\">Geistigen B\u00fcrgerkrieg haben wir schon<\/h2>\n\n\n\n<p>Nach \u00fcbereinstimmender Meinung von <a href=\"https:\/\/de.wikipedia.org\/wiki\/Paul_de_Lagarde\">Paul de Lagarde<\/a> (1884) und <a href=\"https:\/\/de.wikipedia.org\/wiki\/Eckhard_Fuhr\">Eckhard Fuhr<\/a> (FAZ vom 11.4.1995) leben wir im geisti\u00adgen B\u00fcrgerkrieg. Das ist also nicht neu. Heute verbindet er sich soziologisch mit Ph\u00e4nomenen wie der allseits beobachteten \u201eSpaltung der Gesellschaft\u201c, der Bildung von Meinungsblasen, politischen Anschl\u00e4gen auf Andersdenkende und einem offenen Kulturkampf.<\/p>\n\n\n\n<p>Er wird mit asymmetrischen Mitteln gef\u00fchrt: Auf der einen Seite steht eine geballte Macht aus Vertretern etablierter Parteien und ihre medialen Lautsprecher. Auf der anderen Seite trifft man sich heimlich zu Buchlesungen in Hinterzimmern, immer wachsam, ob schwer bewaffnete Polizisten den Referenten verhaften. Ganz Mutige wagen es, bei Nacht und Nebel eine abbl\u00e4tternde Parkbank schwarz-rot-gold zu streichen oder eine Schulhoftreppe. Unterdessen schicken die anderen ihre Staatsanw\u00e4lte vor, um bis tief ins b\u00fcrgerliche Lager hinein namhafte und harmlos liberale Publizisten wie <a href=\"https:\/\/de.wikipedia.org\/wiki\/Rainer_Zitelmann\">Zitelmann<\/a>, <a href=\"https:\/\/de.wikipedia.org\/wiki\/Norbert_Bolz\">Bolz <\/a>oder <a href=\"https:\/\/de.wikipedia.org\/wiki\/Jan_Fleischhauer\">Fleischhauer <\/a>mit l\u00e4cherlichen Vorw\u00fcrfen zu \u00fcberziehen, diese h\u00e4tten gegen politisches Strafrecht versto\u00dfen. Schulen mahnen Eltern, ihre Kinder sollten ihr Pausenbrot heimlich essen, um fastende Muselkinder nicht beim Ramadan zu st\u00f6ren.<\/p>\n\n\n\n<p>Die allgemeine Verbitterung w\u00e4chst. Bei der gro\u00dfen Masse ist sie noch weitgehend unartikuliert.<\/p>\n\n\n\n<h2 class=\"wp-block-heading\">Was B\u00fcrgerkriege wahrscheinlich macht<\/h2>\n\n\n\n<p>In England ist man da schon weiter. Da kann man bereits Jahre ins Gef\u00e4ngnis wandern, wenn man vor einer Abtreibungsklinik steht und betet oder \u00f6ffentlich gegen pakistanischer Vergewaltigerbanden demonstriert.<\/p>\n\n\n\n<p>Der Kanadier David Betz ist Professor am King&#8217;s College in London, Abteilung f\u00fcr Kriegsstudien. Als eine Hauptvoraussetzung f\u00fcr einen B\u00fcrgerkrieg sieht er den<\/p>\n\n\n\n<blockquote class=\"wp-block-quote is-layout-flow wp-block-quote-is-layout-flow\">\n<p>Statusverlust einer ehemals dominanten Mehrheit \u2013 was in der akademischen Literatur als \u201eDegradierung\u201c bezeichnet wird, im \u00f6ffentlichen Diskurs eher als \u201eVerdr\u00e4ngung\u201c, Verlust des Vertrauens in Wege des friedlichen Wandels, d. h. die wahrgenommene Funktionalit\u00e4t oder Legitimit\u00e4t der normalen Politik, was sich im Zusammenbruch des Vertrauens auf allen Ebenen der Gesellschaft und im gemessenen Zusammenbruch des Sozialkapitals zeigt.<\/p>\n\n\n\n<p>David Betz, \u201eDer Westen befindet sich genau in der Gefahrenzone\u201c, <a href=\"in: Novo-argumente, Interview 22.7.2025 mit Mark Feldon\">in: Novo-argumente, Interview 22.7.2025 mit Mark Feldon<\/a>, <a href=\"#_ftn1\" id=\"_ftnref1\">[1]<\/a><\/p>\n<\/blockquote>\n\n\n\n<p>Diese Voraussetzungen haben wir auch in Deutschland. Das Vertrauen der B\u00fcrger in die L\u00f6sungskompetenz der politischen Klasse \u201eUnsererDemokratie\u201c ist weitgehend zusammengebrochen. <\/p>\n\n\n\n<blockquote class=\"wp-block-quote is-layout-flow wp-block-quote-is-layout-flow\">\n<p>2025 sieht weiterhin ein gro\u00dfer Teil der Bev\u00f6lkerung unsere Gesellschaft in mehrfacher Hinsicht durch Herausforderungen und Krisen bedroht und \u00e4u\u00dfert deshalb hohe Besorgnisse. Vor allem Sorgen in Bezug auf eine vermehrte Zuwanderung gefl\u00fcchteter Menschen und die wirtschaftliche Entwicklung sowie mit Blick auf die Bef\u00fcrchtung einer m\u00f6glichen Verwicklung Deutschlands in kriegerische Auseinandersetzungen haben seit 2021 deutlich zugenommen. Die seit Beginn der Corona-Pandemie 2021 einsetzenden und sich seitdem fortschreibenden polyvalenten Krisenwahrnehmungen gehen mit einem erheblichen Verlust des Vertrauens der B\u00fcrger:innen in staatliche Institutionen und deren F\u00e4higkeiten einher, Krisen und Herausforderungen erfolgreich zu bew\u00e4ltigen.<br><br><a href=\"https:\/\/www.motra.info\/motra-monitor-2024-25\/\">Motra-Monitor 2024\/25<\/a> (Monitoringsystem und Transferplattform Radikalisierung), der u.a. vom Bundesinnenministerium und Familienministerium gef\u00f6rdert und vom Bundeskriminalamt (BKA) herausgebracht wird., S.24.<\/p>\n<\/blockquote>\n\n\n\n<p>Viele f\u00fchlen sich gegen\u00fcber Ausl\u00e4ndern als in ihrem Status herabgesetzt (\u201ed<em>egrading<\/em>\u201c) und haben kein Vertrauen mehr in die Vertreter <em>UnsererDemokratie<\/em>, sie in ihren vitalen Interessen an Leib, Leben, Eigentum und Freiheit effektiv zu sch\u00fctzen. Der Zusammenhang zwischen Schutz und Gehorsam war aber zu allen Zeiten schon elementar f\u00fcr die Legitimit\u00e4t eines Herrschaftssystems.<\/p>\n\n\n<div class=\"wp-block-image\">\n<figure class=\"aligncenter size-full\"><img loading=\"lazy\" decoding=\"async\" width=\"899\" height=\"705\" src=\"http:\/\/klauskunze.com\/blog\/wp-content\/uploads\/2026\/03\/zzza.jpg\" alt=\"\" class=\"wp-image-7523\" srcset=\"https:\/\/klauskunze.com\/blog\/wp-content\/uploads\/2026\/03\/zzza.jpg 899w, https:\/\/klauskunze.com\/blog\/wp-content\/uploads\/2026\/03\/zzza-300x235.jpg 300w, https:\/\/klauskunze.com\/blog\/wp-content\/uploads\/2026\/03\/zzza-768x602.jpg 768w\" sizes=\"auto, (max-width: 899px) 100vw, 899px\" \/><figcaption class=\"wp-element-caption\">Unser politisches System ist aus einem B\u00fcrgerkrieg hervorgegangen, wenngleich die Ideen von 1848 erst nach dem 1.Weltkrieg &#8211; wieder nicht unblutig &#8211; durchgesetzt wurden (Bild: Barrikaden in Berlin 1848)<\/figcaption><\/figure>\n<\/div>\n\n\n<p>Betz konstatiert: \u201eSoziologisch betrachtet spiegelt dieser Vertrauensverlust einen drastischen R\u00fcckgang des \u201eSozialkapitals\u201c wider, das sowohl eine Art \u201eSuperkleber\u201c und Faktor des gesellschaftlichen Zusammenhalts als auch ein \u201eSchmiermittel\u201c darstellt, das es ansonsten unvereinbaren Gruppen in der Gesellschaft erm\u00f6glicht, miteinander auszukommen.\u201c<a href=\"#_ftn2\" id=\"_ftnref2\">[2]<\/a> Gruppen k\u00f6nnen aber nicht miteinander auskommen und einander vertrauen, wenn sich die eine Gruppe als notorisch gewaltt\u00e4tig oder gar m\u00f6rderisch verh\u00e4lt und die B\u00fcrger der anderen Angst haben, aus heiterem Himmel irgendwo ein Messer in den Bauch zu bekommen. Umgekehrt treibt aber auch jene T\u00e4ter oft ein diffuser Abscheu vor dem Lebensstil der Einheimischen. &#8222;\u00bbEs ist unm\u00f6glich,\u00ab&#8220; zitiert der Rechtswissenschaftler Prof. Johann Braun aus dem &#8218;Gesellschaftsvertrag&#8216; von Rousseau, &#8222;\u00bbmit Leuten, die man f\u00fcr verdammt h\u00e4lt, in Frieden zu leben.\u00ab Wo ein Teil der B\u00fcrger in einem Teil der anderen &#8230; nicht Rechtsgenossen, sondern Feinde erblickt, die den Lebensentwurf, den man f\u00fcr sich selbst hegt, gef\u00e4hrden,&#8220; kann &#8222;existentielle Feindschaft auch auf dem Boden des Rechtsstaates jederzeit aufbrechen.&#8220;<a href=\"#_ftn3\" id=\"_ftnref3\">[3]<\/a> Das ist die heutige Lage in mehreren westeurop\u00e4ischen L\u00e4ndern.<\/p>\n\n\n\n<p>Bei uns herrscht eine latente, aber sich vergr\u00f6\u00dfernde Kluft zwischen Deutschen und insbesondere Moslems. <\/p>\n\n\n\n<blockquote class=\"wp-block-quote is-layout-flow wp-block-quote-is-layout-flow\">\n<p>F\u00fcr islamismusaffine Einstellungen zeigen sich gleichfalls altersbezogen divergente Trends und Niveaus. Manifeste islamistische Einstellungen sind bei den unter 40-j\u00e4hrigen Muslimen mit 11.5 % am st\u00e4rksten verbreitet. Bei ihnen hat es seit 2021 zudem die h\u00f6chsten Anstiege der Rate latent islamismusaffiner Einstellungen gegeben. Diese bel\u00e4uft sich 2025 bei unter 40-J\u00e4hrigen auf 33.6 %. Insgesamt sind im Jahr 2025 damit 45.1 % der j\u00fcngeren Altersgruppe der in Deutschland lebenden Muslim:innen latent oder manifest islamismusaffin eingestellt.<br><br><a href=\"https:\/\/www.motra.info\/motra-monitor-2024-25\/\">Motra-Monitor 2024\/25<\/a> (Monitoringsystem und Transferplattform Radikalisierung), der u.a. vom Bundesinnenministerium und Familienministerium gef\u00f6rdert und vom Bundeskriminalamt (BKA) herausgebracht wird., S.25.<\/p>\n<\/blockquote>\n\n\n\n<p><\/p>\n\n\n\n<p>Die Legitimit\u00e4t einer Herrschaft bricht zusammen, wenn eine Mehrheit den Eindruck hat, von der herrschenden Macht nicht mehr besch\u00fctzt, wom\u00f6glich sogar repressiv verfolgt und gegen\u00fcber Fremden benachteiligt zu werden.<\/p>\n\n\n\n<blockquote class=\"wp-block-quote is-layout-flow wp-block-quote-is-layout-flow\">\n<p>Am anf\u00e4lligsten f\u00fcr B\u00fcrgerkriege sind Gesellschaften, die zwar etwas zersplittert sind, in denen aber eine ehemals dominante Mehrheit zahlenm\u00e4\u00dfig abnimmt und an Macht verliert. In einer solchen Situation ist der Handlungsdruck am gr\u00f6\u00dften, und die Angeh\u00f6rigen des fr\u00fcheren Titularvolks (Einheimische, Indigene, oder wie auch immer man sie nennen will) verf\u00fcgen immer noch \u00fcber die Mittel, um selbst in Massen zu handeln. Letztere Situation sehen wir aktuell in einem Dutzend westlicher L\u00e4nder, und fast alle anderen L\u00e4nder bewegen sich auf demselben Kurs.<\/p>\n\n\n\n<p>David Betz, \u201eDer Westen befindet sich genau in der Gefahrenzone\u201c, in: <a href=\"https:\/\/www.novo-argumente.com\/artikel\/der_westen_befindet_sich_genau_in_der_gefahrenzone\">Novo-argumente, Interview 22.7.2025 mit Mark Feldon<\/a>, <a href=\"#_ftn4\" id=\"_ftnref4\">[4]<\/a><\/p>\n<\/blockquote>\n\n\n\n<h2 class=\"wp-block-heading\">Somewheres gegen Anywheres<\/h2>\n\n\n\n<p>Ich habe die dritte Gruppe im drohenden B\u00fcrgerkrieg bisher nur indirekt angesprochen. In Deutschland bezeichnen ihre Vertreter sich neuerdings selbst als UnsereDemokratie. Der britische Autor und Journalist <a href=\"https:\/\/de.wikipedia.org\/wiki\/David_Goodhart\">David Goodhart<\/a> unterscheidet soziologisch zwischen \u201eSomewheres\u201c (Menschen, die in einem bestimmten Ort oder einer Gemeinschaft verwurzelt sind, oft in Kleinst\u00e4dten oder auf dem Land, sozial konservativ und h\u00e4ufig weniger gebildet) und \u201eAnywheres\u201c (wurzellose, oft st\u00e4dtische, sozial linksliberale und universit\u00e4tsgebildete Personen, die nostalgiefrei sind und Autonomie sowie Selbstverwirklichung \u00fcber Stabilit\u00e4t, Gemeinschaft und Tradition stellen).<a href=\"#_ftn5\" id=\"_ftnref5\">[5]<\/a> Ihr Motto lautet: Ubi bene, ibi patria &#8211; ich f\u00fchle mich \u00fcberall zuhause, wo es mir gut geht.<\/p>\n\n\n\n<p>Der Freiburger Privatdozent Dr. habil. Friedrich Pohlmann sieht die strukturellen, also die soziologischen Gr\u00fcnde f\u00fcr das tiefe Mi\u00dftrauen vieler B\u00fcrger gegen das System UnsererDemokratie in der Transformation unseres bisher demokratischen Systems in ein semitotalit\u00e4res Machtkartell:<\/p>\n\n\n\n<blockquote class=\"wp-block-quote is-layout-flow wp-block-quote-is-layout-flow\">\n<p>Zur Kriegsgefahr und den \u00f6konomischen Krisen gesellt sich eine Dauerkrise unseres politischen Systems. Sie hat vielf\u00e4ltige Facetten sp\u00e4ter genauer bestimmt werden hier nur wenige Hinweise. Ein rasanter Schwund des Vertrauens der Bev\u00f6lkerung in die Probleml\u00f6sungskompetenz der traditionellen politischen Klasse, das konfliktreiche Neben- und Gegeneinander einer nationalstaatlichen und einer herrschenden transnationalen, der Europ\u00e4ischen Union h\u00f6rigen Orientierung im politischen System, die Transformation politischer Institutionen zu einem semitotalit\u00e4ren Kartell, in dem sich demokratisch rechtsstaatliche Merkmale rasant verfl\u00fcssigen und schlie\u00dflich eine un\u00fcberbr\u00fcckbare Frontstellung zwischen diesem politischen Machtkartell und einer mit allen, ich unterstreiche mit allen Mitteln bek\u00e4mpften patriotischen politischen Opposition.<\/p>\n\n\n\n<p>Friedrich Pohlmann, Legitimit\u00e4tsverlust und Gewalt &#8211; zur Krise des Westen, <a href=\"https:\/\/kontrafunk.radio\/de\/sendung-nachhoeren\/kultur-und-wissenschaft\/kontrafunkkolleg\/audimax-friedrich-pohlmann---legitimitaetsverlust-und-gewalt-zur-krise-des-westens\">Kontrafunk 8.3.2026, Audiodatei<\/a>.<a href=\"#_ftn6\" id=\"_ftnref6\"><em><strong>[6]<\/strong><\/em><\/a><\/p>\n<\/blockquote>\n\n\n\n<p>Zu den Krisenph\u00e4nomenen geh\u00f6re das Gegeneinander zwischen einheimischen und oftmals rechtlich und materiell privilegierten Immigranten mit geringen Qualifikationen und einer indifferenten bis feindlichen Grundhaltung gegen\u00fcber den westlichen Gesellschaften, die sie aufnehmen und versorgen. Was durch die Politik der offenen Grenzen also erzeugt werde, sei ein st\u00e4ndig wachsendes Potenzial zur Verdr\u00e4ngung der angestammt heimischen Bev\u00f6lkerung. B\u00fcrgerkriegsszenarien zwischen Autochthonen und Immigranten seien &nbsp;mittlerweile in den Bereich realistischen Vorstellens ger\u00fcckt. Und wenn wir derartige Szenarien im Zusammenhang mit den anderen skizzierten Krisenph\u00e4nomenen, insbesondere der Kriegsgefahr zusammen sehen, dann erkenne man, da\u00df f\u00fcr Unheilsprophezeiungen wahrlich gewichtige reale Ursachen spr\u00e4chen.<\/p>\n\n\n\n<blockquote class=\"wp-block-quote is-layout-flow wp-block-quote-is-layout-flow\">\n<p>Die psychosozialen Folgen aller dieser Krisenph\u00e4nomene lassen sich in einem Oberbegriff zusammenfassen: demjenigen des Legitimit\u00e4tsverlustes des gesellschaftlich-politischen Systems. F\u00fcr eine wachsende Bev\u00f6lkerungsgruppe hat unser System seine Legitimit\u00e4t weitgehend verloren. Es wird f\u00fcr unreformierbar gehalten. Jedem mit offenen Augen und Ohren f\u00fcr Stimmungen begegnen t\u00e4glich Gef\u00fchle der Erbitterung, des Zynismus und der Verachtung in der Bev\u00f6lkerung, die diesen Legitimit\u00e4tsverlust bezeugen, Gef\u00fchle, die dem Sch\u00f6nf\u00e4rben, Ableugnen und Verdr\u00e4ngen immer weniger Chancen lassen. Was passiert nach allen historischen Erfahrungen in Gesellschaften, denen die Legitimit\u00e4t massenhaft und radikal abgesprochen wird? Es kommt zum Aufruhr zur Rebellion, zu b\u00fcrgerkriegsartigen Zust\u00e4nden, zu Ph\u00e4nomenen der Gewalt, die sich manchmal an Kleinigkeiten den ber\u00fchmten Funken entz\u00fcnden, dann aber eigendynamisch eskalieren und eine ganze Gesellschaft in Exze\u00df und Chaosorgien hineintreiben k\u00f6nnen.<\/p>\n\n\n\n<p>Friedrich Pohlmann, Legitimit\u00e4tsverlust und Gewalt &#8211; zur Krise des Westen, Kontrafunk 8.3.2026, Audiodatei.<a href=\"#_ftn7\" id=\"_ftnref7\"><em><strong>[7]<\/strong><\/em><\/a><\/p>\n<\/blockquote>\n\n\n\n<h2 class=\"wp-block-heading\">Die Kinder der Massendemokratie<\/h2>\n\n\n\n<p>Aber warum finden Vertreter der \u201eUnsereDemokratie\u201c genannten Fraktion nichts dabei, wenn das deutsche Volk nach und nach durch Ausl\u00e4nder ersetzt wird? Woher r\u00fchrt jenes ha\u00dferf\u00fcllte \u201eDeutschland mu\u00df sterben!\u201c oder \u201eDeutschland verrecke\u201c an Hausw\u00e4nden? Welche Ideologie speist die Hirne, die so etwas ausbr\u00fcten?<\/p>\n\n\n\n<p>Der Philosoph <a href=\"https:\/\/de.wikipedia.org\/wiki\/Panajotis_Kondylis\">Panajotis Kondylis<\/a> hat die dahinterstehende Ideologie bis in Kleinste seziert und analysiert. Wir leben tats\u00e4chlich in Zeiten eines Kulturkampfes. Die Denkstile der einen und der anderen Seite unterscheiden sich tiefgreifend. Die eine Seite bilden Vertreter der ehemals b\u00fcrgerlichen Gesellschaft, die anderen orientieren sich an den Gegebenheiten der Massendemokratie. Den Tod der b\u00fcrgerlichen Gesellschaft hatten sich schon vor 50 Jahren kommunistische Cliquen auf die Fahnen geschrieben und verlangten nach system\u00fcberwindenden Reformen.<\/p>\n\n\n\n<p>Der Widerstand der b\u00fcrgerlichen Gesellschaft war lau, eben weil sie aus B\u00fcrgerlichen besteht.<\/p>\n\n\n\n<blockquote class=\"wp-block-quote is-layout-flow wp-block-quote-is-layout-flow\">\n<p>B\u00fcrgerliches Denken war grunds\u00e4tzlich bestrebt, das Weltbild aus einer Vielfalt von unterschiedlichen Dingen und Kr\u00e4ften zu konstruieren, die zwar isoliert betrachtet sich im Gegensatz zueinander befinden (k\u00f6nnen), doch in ihrer Gesamtheit ein harmonisches und gesetzm\u00e4\u00dfiges Ganzes bilden, innerhalb dessen Friktionen oder Konflikte im Sinne \u00fcbergeordneter vern\u00fcnftiger Zwecke aufgehoben werden.<a href=\"#_ftn8\" id=\"_ftnref8\"><em><strong>[8]<\/strong><\/em><\/a><\/p>\n\n\n\n<p>Panajotis Kondylis, Der Niedergang der b\u00fcrgerlichen Dank- und Lebensform, 1991, S.15.<\/p>\n<\/blockquote>\n\n\n\n<p>Die Vertreter eines solchen Weltbildes sind die Somewheres in Goodharts Sinn. Kondylis umri\u00df ihren Denkstil ideologiekritisch, Goodhart soziologisch. Entscheidend ist, da\u00df das b\u00fcrgerliche Weltbild von einer Vielzahl substanziell unterschiedlicher Akteure ausgeht.<\/p>\n\n\n\n<p>Das Weltbild der Anywheres hingegen ist radigal egalitaristisch und l\u00e4\u00dft als Akteure nur Individuen gelten. Sie stellen sich global vor:<\/p>\n\n\n\n<blockquote class=\"wp-block-quote is-layout-flow wp-block-quote-is-layout-flow\">\n<p>Auf einer einzigen ebenen und homogenen Fl\u00e4che, die keine Kr\u00fcmmungen und daher unaufhebbaren Hierarchisierungen kennt, sind die letzten und irreduzierbaren Elemente eines funktionalen Ganzen ausgebreitet, die grunds\u00e4tzlich ihre Pl\u00e4tze austauschen und alle denkbaren Kombinationen miteinander eingehen k\u00f6nnen; Mobilit\u00e4t, Austauschbarkeit und Kombinierbarkeit der Atome b\u00fcrgen f\u00fcr die v\u00f6llige Durchsetzung der funktionalen Gesichtspunkte gegen jede substantialistisch aufgefa\u00dfte Gr\u00f6\u00dfe.<a href=\"#_ftn9\" id=\"_ftnref9\">[9]<\/a><\/p>\n\n\n\n<p>Panajotis Kondylis, Das Politische und der Mensch, Grundz\u00fcge der Sozialontologie, 1999, S.5<\/p>\n<\/blockquote>\n\n\n\n<p>Im massendemokratischen Kontext erscheine das Individuum von jeder substanziellen oder \u00fcberindividuellen Bindung losgel\u00f6st, um dadurch geeignet zu sein, die letzte konstitutive Einheit einer unbegrenzt mobilen Gesellschaft zu sein. V\u00f6llig klar, da\u00df da die Liebe zum Vaterland und zu den eigenen Wurzeln nur st\u00f6rt.<\/p>\n\n\n<div class=\"wp-block-image\">\n<figure class=\"aligncenter size-full\"><a href=\"https:\/\/de.wikipedia.org\/wiki\/Datei:Bundesarchiv_Bild_146-1978-029-31,_B%C3%BCrgerkrieg,_M%C3%B6llen.jpg\"><img loading=\"lazy\" decoding=\"async\" width=\"548\" height=\"784\" src=\"https:\/\/klauskunze.com\/blog\/wp-content\/uploads\/2026\/03\/Zuschneiden_5.jpg\" alt=\"\" class=\"wp-image-7527\" srcset=\"https:\/\/klauskunze.com\/blog\/wp-content\/uploads\/2026\/03\/Zuschneiden_5.jpg 548w, https:\/\/klauskunze.com\/blog\/wp-content\/uploads\/2026\/03\/Zuschneiden_5-210x300.jpg 210w\" sizes=\"auto, (max-width: 548px) 100vw, 548px\" \/><\/a><figcaption class=\"wp-element-caption\">B\u00fcrgerkrieg in Deutschland (<a href=\"https:\/\/de.wikipedia.org\/wiki\/Datei:Bundesarchiv_Bild_146-1978-029-31,_B%C3%BCrgerkrieg,_M%C3%B6llen.jpg\">1920, Bundesarchiv<\/a>)<\/figcaption><\/figure>\n<\/div>\n\n\n<p>Auf dieser sozialtheoretischen Vorstellung beruhen die seit Jahren an unseren Universit\u00e4ten g\u00e4ngigen und gelehrten Denkbem\u00fchungen. Darum sind deren Absolventen in gr\u00f6\u00dferem Ma\u00dfe von ihr infiziert als junge Nichtakademiker.<\/p>\n\n\n\n<p>So liegt es auf der Hand, da\u00df sich Kinder massendemokratischer Vorstellungswelten global \u00fcberall zuhause f\u00fchlen, zwischen Menschen keine substanziellen Unterschiede gelten lassen und konsequent die v\u00f6llige Atomisierung der traditionellen Gesellschaften, der V\u00f6lker sowie globale Freiz\u00fcgigkeit verlangen. F\u00fcr Vertreter des herk\u00f6mmlichen b\u00fcrgerlichen Denkstils mu\u00df es dagegen als niedertr\u00e4chtiger Verrat am eigenen Volk erscheinen, dieses zu dekonstruieren und als Zwischengr\u00f6\u00dfe zwischen der konkreten Einzelperson und einer imaginierten \u201eMenschheit\u201c auszuschalten.<\/p>\n\n\n\n<p>In der Geschichte Europas wurden B\u00fcrgerkriege schon aus geringerem ideologischen Zwist und Anla\u00df gef\u00fchrt.<\/p>\n\n\n\n<p>Bekanntlich leben unsere freien, \u201ewestlichen\u201c Gesellschaften von Voraussetzungen, die sie vorfinden m\u00fcssen und die sie nicht aus ihren eigenen ideologischen Vorstellungen von Freiheit erzeugen k\u00f6nnen. Zu diesen Voraussetzungen geh\u00f6rt ein Minimum an Homogenit\u00e4t. Sie bildet das n\u00f6tige soziale Schmiermittel, um vertrauensvoll und angstfrei miteinander umzugehen. Masseneinwanderung Fremder mit v\u00f6llig anderer Weltanschauung zerst\u00f6rt dieses Grundvertrauen.<\/p>\n\n\n\n<blockquote class=\"wp-block-quote is-layout-flow wp-block-quote-is-layout-flow\">\n<p>Entweder mu\u00df sich also die hochkomplexe Gesellschaft die materiellen und sonstigen Voraussetzungen ihrer Reproduktion auf immer sichern, oder sie mu\u00df in einer geschichtlich beispiellosen Katastrophe enden.<a href=\"#_ftn10\" id=\"_ftnref10\">[10]<\/a><\/p>\n\n\n\n<p>Panajotis Kondylis, Das Politische und der Mensch, Grundz\u00fcge der Sozialontologie, 1999, S.47.<\/p>\n<\/blockquote>\n\n\n\n<p>In dieser Lage sieht der Soziologe Friedrich Pohlmann<\/p>\n\n\n\n<blockquote class=\"wp-block-quote is-layout-flow wp-block-quote-is-layout-flow\">\n<p>ein tendenziell feindliches Gegeneinander von drei gro\u00dfen Bev\u00f6lkerungsbl\u00f6cken, das f\u00fcr alle westeurop\u00e4ischen Gesellschaften typisch geworden ist. Der erste Block ist wesentlich postnational orientiert und besteht vor allem aus dem Kartell der Herrschenden samt ihrer diversen Unterst\u00fctzergruppen, den zweiten bildet eine nationale Oppositionsbewegung und den dritten die fremdkulturellen, vornehmlich muslimisch gepr\u00e4gten Immigranten. Im ersten Block sind vor allem die Angeh\u00f6rigen des herrschenden Machtkartells und ihre propagandistischen Lautsprecher in den Medien und deren Nachsprechern im Volk dominieren, wie gesagt, postnationale Werte, wie sie aggressiv, etwa von der Europ\u00e4ischen Union, der UNO und diversen pluralistischen Machtzirkeln aller WWF oder WHO oder sogenannten Nichtregierungsorganisationen vorgegeben werden. Nationale Orientierung und Interessen werden hier mehr oder weniger offen bel\u00e4chelt als inexistent behauptet oder verachtet. was sich in un\u00fcbertrefflicher Deutlichkeit etwa an einer Figur wie dem britischen Ministerpr\u00e4sidenten Starmer oder den deutschen Gr\u00fcnen illustrieren lie\u00dfe.<\/p>\n\n\n\n<p>Friedrich Pohlmann, Legitimit\u00e4tsverlust und Gewalt &#8211; zur Krise des Westen, Kontrafunk 8.3.2026, Audiodatei.<a href=\"#_ftn11\" id=\"_ftnref11\"><em><strong>[11]<\/strong><\/em><\/a><\/p>\n<\/blockquote>\n\n\n\n<h2 class=\"wp-block-heading\">Fazit<\/h2>\n\n\n\n<p>Friedrich Pohlmann fa\u00dft die englischen Beobachtungen von David Betz zusammen: \u201eAls besonderen Treiber der B\u00fcrgerkriegsgefahr hebt Betz einen dritten zus\u00e4tzlichen Faktor heraus, die er Downgrading nennt, die begr\u00fcndete Angst vor gesellschaftlichem Statusverlust in einer ehemals majorit\u00e4ren Gruppe, deren gesellschaftliche Stellung unangefochten erschien. Eine derartige Erfahrung sei charakteristisch f\u00fcr die Gruppe der patriotischen Einheimischen die Grundbedingung von Downgrading l\u00e4\u00dft sich am treffendsten mit dem deutschen Wort soziale Entwertung \u00fcbersetzen. Tats\u00e4chlich hat es in Gro\u00dfbritannien in der j\u00fcngeren Vergangenheit vielf\u00e4ltige Prozesse sozialer Entwertung in einer in ihrer sozialen Stellung ehemals unangefochtenen Gruppe der indigenen Bev\u00f6lkerung gegeben. Prozesse dieses Land als idealtypischen Repr\u00e4sentanten einer f\u00fcr ganz Westeuropa charakteristischen Gesellschaftstendenz erscheinen lassen. Schon die Zahl der allein seit der \u00c4ra Tony Blair vornehmlich illegal ins Land gestr\u00f6mt. Immigranten, die meisten aus muslimischen und schwarzafrikanischen L\u00e4ndern sind mit zehn bis zw\u00f6lf Millionen horrend und vermitteln einen ersten Eindruck von der Tiefe einer gesellschaftlichen und kulturellen Transformation, zu der die Einheimischen nie ihre Zustimmung gegeben haben. Die Immigration wird von ihnen wesentlich als postnationales Elitenprojekt verstanden, als herrschaftlicher Hebel einer gesellschaftlichen Umgestaltung, die sie selbst zur Minderheit im eigenen Land machen wird, als Instrument eines Bev\u00f6lkerungsaustauschs.<\/p>\n\n\n\n<figure class=\"wp-block-video aligncenter\"><video height=\"720\" style=\"aspect-ratio: 1066 \/ 720;\" width=\"1066\" controls src=\"https:\/\/klauskunze.com\/blog\/wp-content\/uploads\/2026\/03\/Huff_-_Amelia_in__Now_is_the_Time__Starring_Keir_Starmer_ShabanaMahmood._49bNO7.mp4\"><\/video><figcaption class=\"wp-element-caption\">In England ist man schon in B\u00fcrgerkriegslaune (<a href=\"https:\/\/x.com\/Huff4Congress\/status\/2028835481920606481\">Kurzvideo auf X (Twitter) 3.3.2026<\/a>)<\/figcaption><\/figure>\n\n\n\n<p>Die Erfahrung ihres Downgrading ist vielf\u00e4ltig. Sie umfa\u00dft simple materielle Bevorzugungen von Immigranten etwa ihr Rundumversorgung in teuren Hotels aus Steuermitteln rechtliche Privilegierungen, hohe Strafen f\u00fcr Einheimische bei Kritik an der postnationalen Integrationspolitik bei gleichzeitiger Straflosigkeit von Kollektivbeleidigungen der wei\u00dfen englischen Bev\u00f6lkerungsmehrheit, eine staatsoffizielle Politik der Herabw\u00fcrdigung der englischen Kultur, beispielsweise durch politisch korrektes Umschreiben von Klassikertexten, die Entfernung von Denkm\u00e4lern oder das Umbenennen von Stra\u00dfen und Pl\u00e4tzen der bisher un\u00fcbertroffene H\u00f6hepunkt des Downgrading der englischen Mehrheitsbev\u00f6lkerung war doch der Skandal um die sogenannten Grooming Gangs, pakistanische Vergewaltigerbanden. den Elon Musk vor einem knappen Jahr mit einer deutlichen Spitze gegen den englischen Premierminister Starmer wieder in die \u00d6ffentlichkeit gebracht hat. Es geht dabei um Verbrechen, denen in der letzten Jahrzehnten viele englische M\u00e4dchen, vorwiegend aus der Unterschicht, die Sch\u00e4tzungen reichen bis zu einer Million, zum Opfer gefallen sind. Untaten, die von britischen Beh\u00f6rden weitgehend vertuscht und deren Opfer nicht unterst\u00fctzt werden. So sind hier rechtliche Depravierungen mit besonders emp\u00f6renden Prozessen kollektiver Erniedrigung der einheimischen Mehrheitsbev\u00f6lkerung vermengt, die sie als ein Musterbeispiel f\u00fcr das erscheinen lassen, was Downgrading meint.\u201c<\/p>\n\n\n\n<p>Durch die multikulturelle Transformation f\u00fchrt UnsereDemokratie unser Volk in den absehbaren Untergang oder einen B\u00fcrgerkrieg. B\u00fcrgerliche Beh\u00e4bigkeit verschlie\u00dft davor die Augen. Sie meint, mit der Ewigkeitsklausel unseres Grundgesetzes sei alles N\u00f6tige f\u00fcr alle Ewigkeit getan. Sie sehen nicht die Zeichen an der Wand.<\/p>\n\n\n\n<blockquote class=\"wp-block-quote is-layout-flow wp-block-quote-is-layout-flow\">\n<p>B\u00fcrgerkriege sind unvermeidlich. Statt also anzunehmen, da\u00df das \u00bbbei uns schon nicht passieren wird\u00ab, wie es die meisten Menschen in den meisten L\u00e4ndern tun, wenn genug Zeit ohne B\u00fcrgerkrieg verstrichen ist, sollte man besser auf der Hut sein und auf die Anzeichen daf\u00fcr achten, wie lange er noch auf sich warten l\u00e4\u00dft.<a href=\"#_ftn12\" id=\"_ftnref12\">[12]<\/a><\/p>\n\n\n\n<p><a href=\"https:\/\/de.wikipedia.org\/wiki\/Ray_Dalio\">Ray Dalio<\/a><a href=\"#_ftn13\" id=\"_ftnref13\">  [13]<\/a>, Weltordnung im Wandel, Vom Aufstieg und Fall von Nationen, 2022, S.232.<\/p>\n<\/blockquote>\n\n\n\n<p>Auf welches Szenario m\u00fcssen wir uns also einstellen? David Betz prophezeit:<\/p>\n\n\n\n<blockquote class=\"wp-block-quote is-layout-flow wp-block-quote-is-layout-flow\">\n<p>Man k\u00f6nnte zun\u00e4chst annehmen, dass Menschen, die vorausschauend genug sind, Gro\u00dfst\u00e4dte zu verlassen und sich in kleineren St\u00e4dten oder l\u00e4ndlichen Gebieten in Sicherheit zu bringen, dies auch tun werden. Wenn sich die st\u00e4dtische Verwahrlosung dann aber von der Warnstufe Gelb auf Rot verschlimmert, wird auch der Teil der verbleibenden Bev\u00f6lkerung, der noch \u00fcber die n\u00f6tigen Mittel verf\u00fcgt, versuchen zu fliehen. \u00a0Dar\u00fcber hinaus wird ein B\u00fcrgerkrieg, wie ich ihn beschrieben habe und der auf die aktive Destabilisierung st\u00e4dtischer Gebiete abzielt, zwangsl\u00e4ufig Fl\u00fcchtlingswellen erzeugen. \u00c4hnlich wie beim Bildersturm erf\u00fcllt Vertreibung eine bewu\u00dfte strategische Funktion. Erstens dient sie der Gruppenzugeh\u00f6rigkeit, da Menschen durch ihre Flucht \u2013 ob und wohin sie fliehen \u2013 signalisieren, zu welcher Gruppe sie geh\u00f6ren. Zweitens lassen sich die so entstandenen, homogeneren und geografisch konzentrierteren Gruppierungen leichter ausbeuten und neue Mitglieder gewinnen. Drittens dienen beide Effekte dem letztendlichen Ziel einer dauerhaften Neuordnung der Bev\u00f6lkerungsstruktur.<br><br>David Betz, <a href=\"https:\/\/doi.org\/10.64148\/msm.v10i2.1\">\u201eDer B\u00fcrgerkrieg erreicht den Westen, Teil II: Strategische Realit\u00e4ten\u201c, Military Strategy Magazine , Band 10, Ausgabe 2, Fr\u00fchjahr 2025, Seiten 6\u201316<\/a>, mit Fu\u00dfnotenhinweis auf Adam G. Lichtenheld, \u201eExplaining Population Displacement Strategies in Civil Wars\u201c, International Organization, Bd. 74, Nr. 2 (2020), S. 253\u2013294; siehe auch Idean Salehyan und Kristian Skrede Gleditsch, \u201eRefugees and the Spread of Civil War\u201c, International Organization, Bd. 60, Nr. 2 (2006), S. 335\u2013366.<\/p>\n<\/blockquote>\n\n\n\n<hr class=\"wp-block-separator has-alpha-channel-opacity\"\/>\n\n\n\n<p><a href=\"#_ftnref1\" id=\"_ftn1\">[1]<\/a> David Betz, \u201eDer Westen befindet sich genau in der Gefahrenzone\u201c, in: Novo-argumente, Interview 22.7.2025 mit Mark Feldon.<\/p>\n\n\n\n<p><a href=\"#_ftnref2\" id=\"_ftn2\">[2]<\/a> David Betz, \u201e<a href=\"https:\/\/www.militarystrategymagazine.com\/article\/civil-war-comes-to-the-west\/\">Der B\u00fcrgerkrieg erreicht den Westen<\/a>\u201c, Military Strategy Magazine , Band 9, Ausgabe 1, Sommer 2023, Seiten 20\u201326, &nbsp;nach Robert Putnam, Bowling Alone: The Collapse and Revival of American Community (New York: Simon and Schuster, 2001). <\/p>\n\n\n\n<p><a href=\"#_ftnref3\" id=\"_ftn3\">[3]<\/a> Joh. Braun, Recht und Moral im pluralistischen Staat, Juristische Schulung (JuS 1994), 727, (730).<\/p>\n\n\n\n<p><a href=\"#_ftnref4\" id=\"_ftn4\">[4]<\/a> David Betz, \u201eDer Westen befindet sich genau in der Gefahrenzone\u201c, in: Novo-argumente, Interview 22.7.2025 mit Mark Feldon.<\/p>\n\n\n\n<p><a href=\"#_ftnref5\" id=\"_ftn5\">[5]<\/a> David Goodhart, 2017.&nbsp; The Road to Somewhere: The Populist Revolt and the Future of Politics . London: Hurst. (ISBN 978-1-84904-799-9).<\/p>\n\n\n\n<p><a href=\"#_ftnref6\" id=\"_ftn6\"><em><strong>[6]<\/strong><\/em><\/a> Friedrich Pohlmann, Legitimit\u00e4tsverlust und Gewalt &#8211; zur Krise des Westen, Kontrafunk 8.3.2026, Audiodatei.<\/p>\n\n\n\n<p><a href=\"#_ftnref7\" id=\"_ftn7\"><em><strong>[7]<\/strong><\/em><\/a> Friedrich Pohlmann, Legitimit\u00e4tsverlust und Gewalt &#8211; zur Krise des Westen, Kontrafunk 8.3.2026, Audiodatei.<\/p>\n\n\n\n<p><a href=\"#_ftnref8\" id=\"_ftn8\">[8]<\/a> Panajotis Kondylis, Der Niedergang der b\u00fcrgerlichen Dank- und Lebensform, 1991, S.15.<\/p>\n\n\n\n<p><a href=\"#_ftnref9\" id=\"_ftn9\">[9]<\/a> Panajotis Kondylis, Das Politische und der Mensch, Grundz\u00fcge der Sozialontologie, 1999, S.5<\/p>\n\n\n\n<p><a href=\"#_ftnref10\" id=\"_ftn10\">[10]<\/a> Panajotis Kondylis, Das Politische und der Mensch, Grundz\u00fcge der Sozialontologie, 1999, S.47.<\/p>\n\n\n\n<p><a href=\"#_ftnref11\" id=\"_ftn11\"><em><strong>[11]<\/strong><\/em><\/a> Friedrich Pohlmann, Legitimit\u00e4tsverlust und Gewalt &#8211; zur Krise des Westen, Kontrafunk 8.3.2026, Audiodatei.<\/p>\n\n\n\n<p><a href=\"#_ftnref12\" id=\"_ftn12\">[12]<\/a> Ray Dalio, Weltordnung im Wandel, Vom Aufstieg und Fall von Nationen, 2022, S.232.<\/p>\n\n\n\n<p><a href=\"#_ftnref13\" id=\"_ftn13\">[13]<\/a> Das schreibt kein geringerer als <a href=\"https:\/\/de.wikipedia.org\/wiki\/Ray_Dalio\">Ray Dalio<\/a>, einer der reichsten M\u00e4nner der Erde und Inhaber des gr\u00f6\u00dften Hedgefonds. Auf Wikipedia lese ich, er sei auch Philantrop, <a href=\"https:\/\/klauskunze.com\/blog\/2022\/09\/20\/vorwaerts-in-den-buergerkrieg\/\">siehe mein Blogbeitrag hier vom 20.9.2022<\/a>. <\/p>\n","protected":false},"excerpt":{"rendered":"<p>Wer \u201eirreversibel\u201c sagt, will einfach nicht nachdenken, oder ist denkfaul und fantasielos. Als ich vor 1989 jahrelang die Wiedervereinigung gefordert hatte, nannten solche Leute mich einen \u201eRevisionisten\u201c. Die \u201eErgebnisse des zweiten Weltkriegs\u201c seien irreversibel. Bundeskanzler Merz bezeichnet die Sprengung der Atomkraftwerke als irreversibel. Er will nur darum keine neuen, weil er wei\u00df, da\u00df die SPD [&hellip;]<\/p>\n","protected":false},"author":1,"featured_media":7523,"comment_status":"open","ping_status":"open","sticky":false,"template":"","format":"standard","meta":{"h5ap_radio_sources":[],"twitterCardType":"","cardImageID":0,"cardImage":"","cardTitle":"","cardDesc":"","cardImageAlt":"","cardPlayer":"","cardPlayerWidth":0,"cardPlayerHeight":0,"cardPlayerStream":"","cardPlayerCodec":"","footnotes":""},"categories":[1,20,17],"tags":[],"class_list":["post-7521","post","type-post","status-publish","format-standard","has-post-thumbnail","hentry","category-allgemein","category-philosophie","category-politik"],"yoast_head":"<!-- This site is optimized with the Yoast SEO plugin v27.4 - https:\/\/yoast.com\/product\/yoast-seo-wordpress\/ -->\n<title>Wann kommt der B\u00fcrgerkrieg? - Klaus Kunze<\/title>\n<meta name=\"robots\" content=\"index, follow, max-snippet:-1, max-image-preview:large, max-video-preview:-1\" \/>\n<link rel=\"canonical\" href=\"https:\/\/klauskunze.com\/blog\/2026\/03\/11\/wann-kommt-der-buergerkrieg\/\" \/>\n<meta property=\"og:locale\" content=\"de_DE\" \/>\n<meta property=\"og:type\" content=\"article\" \/>\n<meta property=\"og:title\" content=\"Wann kommt der B\u00fcrgerkrieg? - Klaus Kunze\" \/>\n<meta property=\"og:description\" content=\"Wer \u201eirreversibel\u201c sagt, will einfach nicht nachdenken, oder ist denkfaul und fantasielos. Als ich vor 1989 jahrelang die Wiedervereinigung gefordert hatte, nannten solche Leute mich einen \u201eRevisionisten\u201c. Die \u201eErgebnisse des zweiten Weltkriegs\u201c seien irreversibel. Bundeskanzler Merz bezeichnet die Sprengung der Atomkraftwerke als irreversibel. Er will nur darum keine neuen, weil er wei\u00df, da\u00df die SPD [&hellip;]\" \/>\n<meta property=\"og:url\" content=\"https:\/\/klauskunze.com\/blog\/2026\/03\/11\/wann-kommt-der-buergerkrieg\/\" \/>\n<meta property=\"og:site_name\" content=\"Klaus Kunze\" \/>\n<meta property=\"article:published_time\" content=\"2026-03-11T19:13:50+00:00\" \/>\n<meta property=\"article:modified_time\" content=\"2026-03-12T10:11:16+00:00\" \/>\n<meta property=\"og:image\" content=\"http:\/\/klauskunze.com\/blog\/wp-content\/uploads\/2026\/03\/zzza.jpg\" \/>\n\t<meta property=\"og:image:width\" content=\"899\" \/>\n\t<meta property=\"og:image:height\" content=\"705\" \/>\n\t<meta property=\"og:image:type\" content=\"image\/jpeg\" \/>\n<meta name=\"author\" content=\"Klaus Kunze\" \/>\n<meta name=\"twitter:label1\" content=\"Verfasst von\" \/>\n\t<meta name=\"twitter:data1\" content=\"Klaus Kunze\" \/>\n\t<meta name=\"twitter:label2\" content=\"Gesch\u00e4tzte Lesezeit\" \/>\n\t<meta name=\"twitter:data2\" content=\"12\u00a0Minuten\" \/>\n<script type=\"application\/ld+json\" class=\"yoast-schema-graph\">{\"@context\":\"https:\\\/\\\/schema.org\",\"@graph\":[{\"@type\":\"Article\",\"@id\":\"https:\\\/\\\/klauskunze.com\\\/blog\\\/2026\\\/03\\\/11\\\/wann-kommt-der-buergerkrieg\\\/#article\",\"isPartOf\":{\"@id\":\"https:\\\/\\\/klauskunze.com\\\/blog\\\/2026\\\/03\\\/11\\\/wann-kommt-der-buergerkrieg\\\/\"},\"author\":{\"name\":\"Klaus Kunze\",\"@id\":\"https:\\\/\\\/klauskunze.com\\\/blog\\\/#\\\/schema\\\/person\\\/9c091cf30ab68b897db6a517e3c3b11b\"},\"headline\":\"Wann kommt der B\u00fcrgerkrieg?\",\"datePublished\":\"2026-03-11T19:13:50+00:00\",\"dateModified\":\"2026-03-12T10:11:16+00:00\",\"mainEntityOfPage\":{\"@id\":\"https:\\\/\\\/klauskunze.com\\\/blog\\\/2026\\\/03\\\/11\\\/wann-kommt-der-buergerkrieg\\\/\"},\"wordCount\":3452,\"commentCount\":0,\"publisher\":{\"@id\":\"https:\\\/\\\/klauskunze.com\\\/blog\\\/#\\\/schema\\\/person\\\/9c091cf30ab68b897db6a517e3c3b11b\"},\"image\":{\"@id\":\"https:\\\/\\\/klauskunze.com\\\/blog\\\/2026\\\/03\\\/11\\\/wann-kommt-der-buergerkrieg\\\/#primaryimage\"},\"thumbnailUrl\":\"https:\\\/\\\/klauskunze.com\\\/blog\\\/wp-content\\\/uploads\\\/2026\\\/03\\\/zzza.jpg\",\"articleSection\":{\"1\":\"Philosophie\",\"2\":\"Politik\"},\"inLanguage\":\"de\",\"potentialAction\":[{\"@type\":\"CommentAction\",\"name\":\"Comment\",\"target\":[\"https:\\\/\\\/klauskunze.com\\\/blog\\\/2026\\\/03\\\/11\\\/wann-kommt-der-buergerkrieg\\\/#respond\"]}]},{\"@type\":\"WebPage\",\"@id\":\"https:\\\/\\\/klauskunze.com\\\/blog\\\/2026\\\/03\\\/11\\\/wann-kommt-der-buergerkrieg\\\/\",\"url\":\"https:\\\/\\\/klauskunze.com\\\/blog\\\/2026\\\/03\\\/11\\\/wann-kommt-der-buergerkrieg\\\/\",\"name\":\"Wann kommt der B\u00fcrgerkrieg? - Klaus Kunze\",\"isPartOf\":{\"@id\":\"https:\\\/\\\/klauskunze.com\\\/blog\\\/#website\"},\"primaryImageOfPage\":{\"@id\":\"https:\\\/\\\/klauskunze.com\\\/blog\\\/2026\\\/03\\\/11\\\/wann-kommt-der-buergerkrieg\\\/#primaryimage\"},\"image\":{\"@id\":\"https:\\\/\\\/klauskunze.com\\\/blog\\\/2026\\\/03\\\/11\\\/wann-kommt-der-buergerkrieg\\\/#primaryimage\"},\"thumbnailUrl\":\"https:\\\/\\\/klauskunze.com\\\/blog\\\/wp-content\\\/uploads\\\/2026\\\/03\\\/zzza.jpg\",\"datePublished\":\"2026-03-11T19:13:50+00:00\",\"dateModified\":\"2026-03-12T10:11:16+00:00\",\"breadcrumb\":{\"@id\":\"https:\\\/\\\/klauskunze.com\\\/blog\\\/2026\\\/03\\\/11\\\/wann-kommt-der-buergerkrieg\\\/#breadcrumb\"},\"inLanguage\":\"de\",\"potentialAction\":[{\"@type\":\"ReadAction\",\"target\":[\"https:\\\/\\\/klauskunze.com\\\/blog\\\/2026\\\/03\\\/11\\\/wann-kommt-der-buergerkrieg\\\/\"]}]},{\"@type\":\"ImageObject\",\"inLanguage\":\"de\",\"@id\":\"https:\\\/\\\/klauskunze.com\\\/blog\\\/2026\\\/03\\\/11\\\/wann-kommt-der-buergerkrieg\\\/#primaryimage\",\"url\":\"https:\\\/\\\/klauskunze.com\\\/blog\\\/wp-content\\\/uploads\\\/2026\\\/03\\\/zzza.jpg\",\"contentUrl\":\"https:\\\/\\\/klauskunze.com\\\/blog\\\/wp-content\\\/uploads\\\/2026\\\/03\\\/zzza.jpg\",\"width\":899,\"height\":705},{\"@type\":\"BreadcrumbList\",\"@id\":\"https:\\\/\\\/klauskunze.com\\\/blog\\\/2026\\\/03\\\/11\\\/wann-kommt-der-buergerkrieg\\\/#breadcrumb\",\"itemListElement\":[{\"@type\":\"ListItem\",\"position\":1,\"name\":\"Startseite\",\"item\":\"https:\\\/\\\/klauskunze.com\\\/blog\\\/\"},{\"@type\":\"ListItem\",\"position\":2,\"name\":\"Wann kommt der B\u00fcrgerkrieg?\"}]},{\"@type\":\"WebSite\",\"@id\":\"https:\\\/\\\/klauskunze.com\\\/blog\\\/#website\",\"url\":\"https:\\\/\\\/klauskunze.com\\\/blog\\\/\",\"name\":\"Klaus Kunze\",\"description\":\"Blog\",\"publisher\":{\"@id\":\"https:\\\/\\\/klauskunze.com\\\/blog\\\/#\\\/schema\\\/person\\\/9c091cf30ab68b897db6a517e3c3b11b\"},\"potentialAction\":[{\"@type\":\"SearchAction\",\"target\":{\"@type\":\"EntryPoint\",\"urlTemplate\":\"https:\\\/\\\/klauskunze.com\\\/blog\\\/?s={search_term_string}\"},\"query-input\":{\"@type\":\"PropertyValueSpecification\",\"valueRequired\":true,\"valueName\":\"search_term_string\"}}],\"inLanguage\":\"de\"},{\"@type\":[\"Person\",\"Organization\"],\"@id\":\"https:\\\/\\\/klauskunze.com\\\/blog\\\/#\\\/schema\\\/person\\\/9c091cf30ab68b897db6a517e3c3b11b\",\"name\":\"Klaus Kunze\",\"image\":{\"@type\":\"ImageObject\",\"inLanguage\":\"de\",\"@id\":\"https:\\\/\\\/secure.gravatar.com\\\/avatar\\\/5cd83cadbada9c331a79952fcca177ed3d3be4c7ad3239b9d934bf84adff15dd?s=96&d=blank&r=g\",\"url\":\"https:\\\/\\\/secure.gravatar.com\\\/avatar\\\/5cd83cadbada9c331a79952fcca177ed3d3be4c7ad3239b9d934bf84adff15dd?s=96&d=blank&r=g\",\"contentUrl\":\"https:\\\/\\\/secure.gravatar.com\\\/avatar\\\/5cd83cadbada9c331a79952fcca177ed3d3be4c7ad3239b9d934bf84adff15dd?s=96&d=blank&r=g\",\"caption\":\"Klaus Kunze\"},\"logo\":{\"@id\":\"https:\\\/\\\/secure.gravatar.com\\\/avatar\\\/5cd83cadbada9c331a79952fcca177ed3d3be4c7ad3239b9d934bf84adff15dd?s=96&d=blank&r=g\"},\"sameAs\":[\"http:\\\/\\\/KlausKunze.com\",\"https:\\\/\\\/x.com\\\/https:\\\/\\\/twitter.com\\\/KlausKunze3\"]}]}<\/script>\n<!-- \/ Yoast SEO plugin. -->","yoast_head_json":{"title":"Wann kommt der B\u00fcrgerkrieg? - Klaus Kunze","robots":{"index":"index","follow":"follow","max-snippet":"max-snippet:-1","max-image-preview":"max-image-preview:large","max-video-preview":"max-video-preview:-1"},"canonical":"https:\/\/klauskunze.com\/blog\/2026\/03\/11\/wann-kommt-der-buergerkrieg\/","og_locale":"de_DE","og_type":"article","og_title":"Wann kommt der B\u00fcrgerkrieg? - Klaus Kunze","og_description":"Wer \u201eirreversibel\u201c sagt, will einfach nicht nachdenken, oder ist denkfaul und fantasielos. Als ich vor 1989 jahrelang die Wiedervereinigung gefordert hatte, nannten solche Leute mich einen \u201eRevisionisten\u201c. Die \u201eErgebnisse des zweiten Weltkriegs\u201c seien irreversibel. Bundeskanzler Merz bezeichnet die Sprengung der Atomkraftwerke als irreversibel. Er will nur darum keine neuen, weil er wei\u00df, da\u00df die SPD [&hellip;]","og_url":"https:\/\/klauskunze.com\/blog\/2026\/03\/11\/wann-kommt-der-buergerkrieg\/","og_site_name":"Klaus Kunze","article_published_time":"2026-03-11T19:13:50+00:00","article_modified_time":"2026-03-12T10:11:16+00:00","og_image":[{"width":899,"height":705,"url":"http:\/\/klauskunze.com\/blog\/wp-content\/uploads\/2026\/03\/zzza.jpg","type":"image\/jpeg"}],"author":"Klaus Kunze","twitter_misc":{"Verfasst von":"Klaus Kunze","Gesch\u00e4tzte Lesezeit":"12\u00a0Minuten"},"schema":{"@context":"https:\/\/schema.org","@graph":[{"@type":"Article","@id":"https:\/\/klauskunze.com\/blog\/2026\/03\/11\/wann-kommt-der-buergerkrieg\/#article","isPartOf":{"@id":"https:\/\/klauskunze.com\/blog\/2026\/03\/11\/wann-kommt-der-buergerkrieg\/"},"author":{"name":"Klaus Kunze","@id":"https:\/\/klauskunze.com\/blog\/#\/schema\/person\/9c091cf30ab68b897db6a517e3c3b11b"},"headline":"Wann kommt der B\u00fcrgerkrieg?","datePublished":"2026-03-11T19:13:50+00:00","dateModified":"2026-03-12T10:11:16+00:00","mainEntityOfPage":{"@id":"https:\/\/klauskunze.com\/blog\/2026\/03\/11\/wann-kommt-der-buergerkrieg\/"},"wordCount":3452,"commentCount":0,"publisher":{"@id":"https:\/\/klauskunze.com\/blog\/#\/schema\/person\/9c091cf30ab68b897db6a517e3c3b11b"},"image":{"@id":"https:\/\/klauskunze.com\/blog\/2026\/03\/11\/wann-kommt-der-buergerkrieg\/#primaryimage"},"thumbnailUrl":"https:\/\/klauskunze.com\/blog\/wp-content\/uploads\/2026\/03\/zzza.jpg","articleSection":{"1":"Philosophie","2":"Politik"},"inLanguage":"de","potentialAction":[{"@type":"CommentAction","name":"Comment","target":["https:\/\/klauskunze.com\/blog\/2026\/03\/11\/wann-kommt-der-buergerkrieg\/#respond"]}]},{"@type":"WebPage","@id":"https:\/\/klauskunze.com\/blog\/2026\/03\/11\/wann-kommt-der-buergerkrieg\/","url":"https:\/\/klauskunze.com\/blog\/2026\/03\/11\/wann-kommt-der-buergerkrieg\/","name":"Wann kommt der B\u00fcrgerkrieg? - Klaus Kunze","isPartOf":{"@id":"https:\/\/klauskunze.com\/blog\/#website"},"primaryImageOfPage":{"@id":"https:\/\/klauskunze.com\/blog\/2026\/03\/11\/wann-kommt-der-buergerkrieg\/#primaryimage"},"image":{"@id":"https:\/\/klauskunze.com\/blog\/2026\/03\/11\/wann-kommt-der-buergerkrieg\/#primaryimage"},"thumbnailUrl":"https:\/\/klauskunze.com\/blog\/wp-content\/uploads\/2026\/03\/zzza.jpg","datePublished":"2026-03-11T19:13:50+00:00","dateModified":"2026-03-12T10:11:16+00:00","breadcrumb":{"@id":"https:\/\/klauskunze.com\/blog\/2026\/03\/11\/wann-kommt-der-buergerkrieg\/#breadcrumb"},"inLanguage":"de","potentialAction":[{"@type":"ReadAction","target":["https:\/\/klauskunze.com\/blog\/2026\/03\/11\/wann-kommt-der-buergerkrieg\/"]}]},{"@type":"ImageObject","inLanguage":"de","@id":"https:\/\/klauskunze.com\/blog\/2026\/03\/11\/wann-kommt-der-buergerkrieg\/#primaryimage","url":"https:\/\/klauskunze.com\/blog\/wp-content\/uploads\/2026\/03\/zzza.jpg","contentUrl":"https:\/\/klauskunze.com\/blog\/wp-content\/uploads\/2026\/03\/zzza.jpg","width":899,"height":705},{"@type":"BreadcrumbList","@id":"https:\/\/klauskunze.com\/blog\/2026\/03\/11\/wann-kommt-der-buergerkrieg\/#breadcrumb","itemListElement":[{"@type":"ListItem","position":1,"name":"Startseite","item":"https:\/\/klauskunze.com\/blog\/"},{"@type":"ListItem","position":2,"name":"Wann kommt der B\u00fcrgerkrieg?"}]},{"@type":"WebSite","@id":"https:\/\/klauskunze.com\/blog\/#website","url":"https:\/\/klauskunze.com\/blog\/","name":"Klaus Kunze","description":"Blog","publisher":{"@id":"https:\/\/klauskunze.com\/blog\/#\/schema\/person\/9c091cf30ab68b897db6a517e3c3b11b"},"potentialAction":[{"@type":"SearchAction","target":{"@type":"EntryPoint","urlTemplate":"https:\/\/klauskunze.com\/blog\/?s={search_term_string}"},"query-input":{"@type":"PropertyValueSpecification","valueRequired":true,"valueName":"search_term_string"}}],"inLanguage":"de"},{"@type":["Person","Organization"],"@id":"https:\/\/klauskunze.com\/blog\/#\/schema\/person\/9c091cf30ab68b897db6a517e3c3b11b","name":"Klaus Kunze","image":{"@type":"ImageObject","inLanguage":"de","@id":"https:\/\/secure.gravatar.com\/avatar\/5cd83cadbada9c331a79952fcca177ed3d3be4c7ad3239b9d934bf84adff15dd?s=96&d=blank&r=g","url":"https:\/\/secure.gravatar.com\/avatar\/5cd83cadbada9c331a79952fcca177ed3d3be4c7ad3239b9d934bf84adff15dd?s=96&d=blank&r=g","contentUrl":"https:\/\/secure.gravatar.com\/avatar\/5cd83cadbada9c331a79952fcca177ed3d3be4c7ad3239b9d934bf84adff15dd?s=96&d=blank&r=g","caption":"Klaus Kunze"},"logo":{"@id":"https:\/\/secure.gravatar.com\/avatar\/5cd83cadbada9c331a79952fcca177ed3d3be4c7ad3239b9d934bf84adff15dd?s=96&d=blank&r=g"},"sameAs":["http:\/\/KlausKunze.com","https:\/\/x.com\/https:\/\/twitter.com\/KlausKunze3"]}]}},"post_mailing_queue_ids":[],"_links":{"self":[{"href":"https:\/\/klauskunze.com\/blog\/wp-json\/wp\/v2\/posts\/7521","targetHints":{"allow":["GET"]}}],"collection":[{"href":"https:\/\/klauskunze.com\/blog\/wp-json\/wp\/v2\/posts"}],"about":[{"href":"https:\/\/klauskunze.com\/blog\/wp-json\/wp\/v2\/types\/post"}],"author":[{"embeddable":true,"href":"https:\/\/klauskunze.com\/blog\/wp-json\/wp\/v2\/users\/1"}],"replies":[{"embeddable":true,"href":"https:\/\/klauskunze.com\/blog\/wp-json\/wp\/v2\/comments?post=7521"}],"version-history":[{"count":16,"href":"https:\/\/klauskunze.com\/blog\/wp-json\/wp\/v2\/posts\/7521\/revisions"}],"predecessor-version":[{"id":7546,"href":"https:\/\/klauskunze.com\/blog\/wp-json\/wp\/v2\/posts\/7521\/revisions\/7546"}],"wp:featuredmedia":[{"embeddable":true,"href":"https:\/\/klauskunze.com\/blog\/wp-json\/wp\/v2\/media\/7523"}],"wp:attachment":[{"href":"https:\/\/klauskunze.com\/blog\/wp-json\/wp\/v2\/media?parent=7521"}],"wp:term":[{"taxonomy":"category","embeddable":true,"href":"https:\/\/klauskunze.com\/blog\/wp-json\/wp\/v2\/categories?post=7521"},{"taxonomy":"post_tag","embeddable":true,"href":"https:\/\/klauskunze.com\/blog\/wp-json\/wp\/v2\/tags?post=7521"}],"curies":[{"name":"wp","href":"https:\/\/api.w.org\/{rel}","templated":true}]}}