{"id":844,"date":"2019-12-11T12:58:10","date_gmt":"2019-12-11T11:58:10","guid":{"rendered":"http:\/\/klauskunze.com\/blog\/?p=844"},"modified":"2025-08-23T16:07:16","modified_gmt":"2025-08-23T14:07:16","slug":"das-inspektoren-fruehstueck-und-der-koelner-polizeiskandal","status":"publish","type":"post","link":"https:\/\/klauskunze.com\/blog\/2019\/12\/11\/das-inspektoren-fruehstueck-und-der-koelner-polizeiskandal\/","title":{"rendered":"Das Inspektoren-Fr\u00fchst\u00fcck und der K\u00f6lner Polizeiskandal"},"content":{"rendered":"\n<h2 class=\"wp-block-heading has-text-align-center\">Als preu\u00dfisches Beamtenethos auf k\u00f6lsche Lebensart stie\u00df<\/h2>\n\n\n\n<p>Von 2019 zur\u00fcck ins Jahr 1919 ist nur ein kleiner Zeitsprung. Mitten im Gedr\u00e4ngel des Neumarktes finde ich, in einer von vielen \u00fcbersehenen dunklen Ecke zwischen zwei hell erleuchteten Marktst\u00e4nden, einen dunklen Vorhang. Er f\u00fchrt in eine schwach erleuchtete Markt-H\u00fctte. \u201eErleben Sie eine echte Zeitreise!\u201c hatte drau\u00dfen die Anpreisung gelautet. Ich betrete die H\u00fctte, bezahle, setze die Zeitmaschine in Gang und lasse mich 100 Jahre zur\u00fcckversetzen. <\/p>\n\n\n\n<figure class=\"wp-block-image size-large\"><img loading=\"lazy\" decoding=\"async\" width=\"1024\" height=\"768\" src=\"http:\/\/klauskunze.com\/blog\/wp-content\/uploads\/2019\/12\/K\u00f6ln-2019-12-07-09-1024x768.jpg\" alt=\"\" class=\"wp-image-846\" srcset=\"https:\/\/klauskunze.com\/blog\/wp-content\/uploads\/2019\/12\/K\u00f6ln-2019-12-07-09-1024x768.jpg 1024w, https:\/\/klauskunze.com\/blog\/wp-content\/uploads\/2019\/12\/K\u00f6ln-2019-12-07-09-300x225.jpg 300w, https:\/\/klauskunze.com\/blog\/wp-content\/uploads\/2019\/12\/K\u00f6ln-2019-12-07-09-768x576.jpg 768w, https:\/\/klauskunze.com\/blog\/wp-content\/uploads\/2019\/12\/K\u00f6ln-2019-12-07-09-1536x1151.jpg 1536w, https:\/\/klauskunze.com\/blog\/wp-content\/uploads\/2019\/12\/K\u00f6ln-2019-12-07-09-2048x1535.jpg 2048w, https:\/\/klauskunze.com\/blog\/wp-content\/uploads\/2019\/12\/K\u00f6ln-2019-12-07-09-900x675.jpg 900w, https:\/\/klauskunze.com\/blog\/wp-content\/uploads\/2019\/12\/K\u00f6ln-2019-12-07-09-1280x959.jpg 1280w\" sizes=\"auto, (max-width: 1024px) 100vw, 1024px\" \/><figcaption class=\"wp-element-caption\"> Im Gedr\u00e4ngel des Weihnachtsmarktes 2019 auf dem Neumarkt in K\u00f6ln <\/figcaption><\/figure>\n\n\n\n<p>Viel leerer finde ich den Weihnachtsmarkt vor, 1919 war ein Notjahr. Der Markt hei\u00dft noch Nicolaimarkt, benannt nach dem heiligen Nikolaus. Ich schauen mich um: Die T\u00fcrme von St. Aposteln gr\u00fc\u00dfen mich, wie ich sie seit Kindertagen kenne. <\/p>\n\n\n\n<p>St\u00e4dte k\u00f6nnen \u00fcber lange Zeitr\u00e4ume ihre Identit\u00e4t bewahren. Der rheinischen Metropole K\u00f6ln ist es gelungen.  Mein Besuch gilt der armen Witwe von Otto Landschulz. 1919 wohnte sie in K\u00f6ln-Nippes.<\/p>\n\n\n\n<figure class=\"wp-block-image size-large\"><img loading=\"lazy\" decoding=\"async\" width=\"1024\" height=\"657\" src=\"http:\/\/klauskunze.com\/blog\/wp-content\/uploads\/2019\/12\/K\u00f6ln-1919-1024x657.jpg\" alt=\"\" class=\"wp-image-847\" srcset=\"https:\/\/klauskunze.com\/blog\/wp-content\/uploads\/2019\/12\/K\u00f6ln-1919-1024x657.jpg 1024w, https:\/\/klauskunze.com\/blog\/wp-content\/uploads\/2019\/12\/K\u00f6ln-1919-300x193.jpg 300w, https:\/\/klauskunze.com\/blog\/wp-content\/uploads\/2019\/12\/K\u00f6ln-1919-768x493.jpg 768w, https:\/\/klauskunze.com\/blog\/wp-content\/uploads\/2019\/12\/K\u00f6ln-1919-1536x986.jpg 1536w, https:\/\/klauskunze.com\/blog\/wp-content\/uploads\/2019\/12\/K\u00f6ln-1919-900x578.jpg 900w, https:\/\/klauskunze.com\/blog\/wp-content\/uploads\/2019\/12\/K\u00f6ln-1919-1280x821.jpg 1280w, https:\/\/klauskunze.com\/blog\/wp-content\/uploads\/2019\/12\/K\u00f6ln-1919.jpg 1580w\" sizes=\"auto, (max-width: 1024px) 100vw, 1024px\" \/><figcaption class=\"wp-element-caption\"> Der weihnachtliche Nicolaimarkt auf dem Neumarkt in K\u00f6ln 1919 <\/figcaption><\/figure>\n\n\n\n<p>Otto Hermann Landschulz wurde am 1.2.1865 in Zehden,\nRegierungsbezirk Frankfurt\/ Oder, geboren und besuchte dort die\nElementarschule. Seine Eltern waren der M\u00fchlenmeister Ludwig Landschulz und\nWilhelmine geb. Engel. Am 7.10.1882 trat er als 3j\u00e4hriger Freiwilliger in die\nArmee ein und besuchte die Unteroffiziersschule in Biebrich. Am 31.3.1895 wurde\ner als halbinvalider Feldwebel entlassen. Ihm wurde die Pension eines\nFeldwebels 5.Klasse mit 15 Mark monatlich zuerkannt.<\/p>\n\n\n\n<figure class=\"wp-block-image size-large\"><img loading=\"lazy\" decoding=\"async\" width=\"1024\" height=\"814\" src=\"http:\/\/klauskunze.com\/blog\/wp-content\/uploads\/2019\/12\/014-1024x814.jpg\" alt=\"\" class=\"wp-image-848\" srcset=\"https:\/\/klauskunze.com\/blog\/wp-content\/uploads\/2019\/12\/014-1024x814.jpg 1024w, https:\/\/klauskunze.com\/blog\/wp-content\/uploads\/2019\/12\/014-300x239.jpg 300w, https:\/\/klauskunze.com\/blog\/wp-content\/uploads\/2019\/12\/014-768x611.jpg 768w, https:\/\/klauskunze.com\/blog\/wp-content\/uploads\/2019\/12\/014-1536x1222.jpg 1536w, https:\/\/klauskunze.com\/blog\/wp-content\/uploads\/2019\/12\/014-2048x1629.jpg 2048w, https:\/\/klauskunze.com\/blog\/wp-content\/uploads\/2019\/12\/014-900x716.jpg 900w, https:\/\/klauskunze.com\/blog\/wp-content\/uploads\/2019\/12\/014-1280x1018.jpg 1280w\" sizes=\"auto, (max-width: 1024px) 100vw, 1024px\" \/><figcaption class=\"wp-element-caption\">Aus dem Milit\u00e4rpa\u00df des Feldwebels Otto Landschulz<\/figcaption><\/figure>\n\n\n\n<p>Durch ihre freiwillige Dienstzeit von zw\u00f6lf Jahren hatten Soldaten einen gesetzlichen &#8222;Anspruch auf einen Zivilversorgungsschein, wenn sie zum Beamten w\u00fcrdig und brauchbar erschienen&#8220;. Bei der Einstellung von mittleren und Unterbeamten wurden sie bevorzugt.<\/p>\n\n\n\n<p>Am 8.10.1896 heiratete Otto Landschulz seine Frau\nKatharina (K\u00e4the) Scheib, Tochter des B\u00e4ckermeisters Heinrich Scheib in\nSobernheim. Aus der Ehe gingen am 28.8.1897 eine Tochter Erna und am 25.7.1905\nein Sohn Otto Helmuth hervor.<\/p>\n\n\n\n<p>1891 war Landschulz als Soldat nach K\u00f6ln zum Hohenzollernschen F\u00fcsilierregiment Nr.40 versetzt worden. Das Regiment stand 1871-1905 in K\u00f6ln. <\/p>\n\n\n<div class=\"wp-block-image\">\n<figure class=\"alignright size-large is-resized\"><img loading=\"lazy\" decoding=\"async\" width=\"1024\" height=\"722\" src=\"http:\/\/klauskunze.com\/blog\/wp-content\/uploads\/2019\/12\/titel0020-1024x722.jpg\" alt=\"\" class=\"wp-image-864\" style=\"width:539px;height:380px\" srcset=\"https:\/\/klauskunze.com\/blog\/wp-content\/uploads\/2019\/12\/titel0020-1024x722.jpg 1024w, https:\/\/klauskunze.com\/blog\/wp-content\/uploads\/2019\/12\/titel0020-300x212.jpg 300w, https:\/\/klauskunze.com\/blog\/wp-content\/uploads\/2019\/12\/titel0020-768x542.jpg 768w, https:\/\/klauskunze.com\/blog\/wp-content\/uploads\/2019\/12\/titel0020-1536x1083.jpg 1536w, https:\/\/klauskunze.com\/blog\/wp-content\/uploads\/2019\/12\/titel0020-2048x1445.jpg 2048w, https:\/\/klauskunze.com\/blog\/wp-content\/uploads\/2019\/12\/titel0020-900x635.jpg 900w, https:\/\/klauskunze.com\/blog\/wp-content\/uploads\/2019\/12\/titel0020-1280x903.jpg 1280w\" sizes=\"auto, (max-width: 1024px) 100vw, 1024px\" \/><figcaption class=\"wp-element-caption\">Der Neumarkt war der Paradeplatz der K\u00f6lner Garnison. <br>Rechts 1889 die damalige Neumarktkaserne.<\/figcaption><\/figure>\n<\/div>\n\n\n<p>Nach seiner Entlassung lag nah, sich beim Polizeipr\u00e4sidenten in K\u00f6ln zu bewerben. Dort wurde er, zun\u00e4chst von seinem Truppenteil nur abkommandiert, 1894 eingestellt. Zun\u00e4chst wurde er als B\u00fcrohilfsarbeiter besch\u00e4ftigt. Sein Vorgesetzter bescheinigte ihm geistig recht gute Veranlagung, gro\u00dfen Flei\u00df, gro\u00dfen \u00dcberblick und praktisches Geschick sowie seltene Gewissenhaftigkeit und P\u00fcnktlichkeit.<\/p>\n\n\n\n<p>Es waren die damals typischen preu\u00dfischen Tugenden.\nOtto war von Kindheit an in ihnen erzogen worden und hatte sie als Feldwebel\nvervollkommnet. Als die Preu\u00dfen 1814 die Franzosen aus K\u00f6ln verjagten und 1815\nals Landesherren blieben, prallten zwei Kulturwelten heftig gegeneinander.\nViele nach K\u00f6ln versetzte Preu\u00dfen erlagen schnell der k\u00f6lschen Lebensart. Der\nK\u00f6lner Tugendkatalog liest sich spiegelverkehrt zum preu\u00dfischen: Komm ich heut&#8216;\nnicht, komm ich morgen. Es ist noch immer alles gut gegangen. Wir kennen uns,\nund wir helfen uns. Eine Hand w\u00e4scht die andere.<\/p>\n\n\n<div class=\"wp-block-image\">\n<figure class=\"alignright size-large\"><img loading=\"lazy\" decoding=\"async\" width=\"374\" height=\"580\" src=\"http:\/\/klauskunze.com\/blog\/wp-content\/uploads\/2019\/12\/22841595282.jpg\" alt=\"\" class=\"wp-image-849\" srcset=\"https:\/\/klauskunze.com\/blog\/wp-content\/uploads\/2019\/12\/22841595282.jpg 374w, https:\/\/klauskunze.com\/blog\/wp-content\/uploads\/2019\/12\/22841595282-193x300.jpg 193w\" sizes=\"auto, (max-width: 374px) 100vw, 374px\" \/><figcaption class=\"wp-element-caption\">Ring-Caf\u00e8, K\u00f6ln, Hohenzollenring 25<\/figcaption><\/figure>\n<\/div>\n\n\n<p>Landschulz stieg schnell zum Polizeikommissar und\nschlie\u00dflich zum Inspektor auf. Doch K\u00f6ln wurde ihm zum Verh\u00e4ngnis. Wen Mutter\nColonia einmal an ihren Busen dr\u00fcckt, der kommt von ihr nicht mehr los. Es kam\ndas Ger\u00fccht auf, im Ring-Caf\u00e9 am Hohenzollernring 25 g\u00e4be es anscheinend so\netwas wie die gesetzliche Sperrstunde nicht. Die Polizisten dr\u00fcckten offenbar\ndort immer beide Augen zu. Ihr Vorgesetzter, Inspektor Landschulz, nahm dort\nregelm\u00e4\u00dfig ein kostenloses &#8222;Inspektoren-Fr\u00fchst\u00fcck&#8220; ein. <\/p>\n\n\n\n<p>Es kam, wie es kommen mu\u00dfte: Am 22.7.1914 entlie\u00df ihn die K\u00f6nigliche Regierung in K\u00f6ln aufgrund einer Plenarsitzung aus dem Dienst. Sie wu\u00dfte genau, da\u00df ein Beamter in K\u00f6ln besondere Charakterfestigkeit aufweisen mu\u00dfte. Diese<\/p>\n\n\n\n<blockquote class=\"wp-block-quote is-layout-flow wp-block-quote-is-layout-flow\">\n<p>&#8222;besa\u00df der Angeschuldigte offenbar\u00a0 nicht. Nach dem ganzen Eindruck seiner Person fehlt es ihm an Willensst\u00e4rke. Das Disziplinargericht hat auch seine lange straffreie Dienstzeit in Betracht gezogen, die Versuchungen, denen er in C\u00f6ln nun einmal in besonderem Ma\u00dfe ausgesetzt war, vor allem aber seine Krankheit.&#8220; <\/p>\n<cite><a href=\"http:\/\/klauskunze.com\/hf\/koeln\/landschulzurteil.pdf\">Urteil des Disziplinargerichts von 1914<\/a><\/cite><\/blockquote>\n\n\n\n<p>Noch als ich 1974 und 1975 als Polizeihauptwachtmeister in K\u00f6ln Streifenwagen gefahren und auch um den Neumarkt gekurvt bin, spekulierte der eine oder andere \u00e4ltere Kollegen bewu\u00dft darauf, beim Betreten eines Ladenlokals nicht bezahlen zu m\u00fcssen oder Waren billiger zu bekommen. Wenn Inspektor Landschulz eine Wirtschaft betrat, wurde er empfangen und verabschiedet wie ein kleiner K\u00f6nig. Der Wirt Peter Josef Fr\u00fch, Inhaber des Restaurants &#8222;Am Hof&#8220;, und der Sektvertreter Hobert lie\u00dfen ihm Hasen zukommen. Der Brauereibesitzer Kommerzienrat Bardenheuer schickte Hasen, Rebh\u00fchner und anderes Wild.<\/p>\n\n\n\n<p>Im Caf\u00e9 Palant brauchte er nicht zu bezahlen, wenn der Wirt H\u00fcnnes anwesend war. \u00d6fters gab es auch von ihm einen Hasen oder zu Weihnachten einen Schinken. Die Liste der Spender war lang, und es entsprach offenbar hergebrachtem Brauch, sich das Wohlwollen der Obrigkeit durch Geschenke zu erkaufen. \u00dcblich waren Pr\u00e4sentk\u00f6rbchen mit Delikatessen f\u00fcr die h\u00f6heren Beamten.<\/p>\n\n\n\n<blockquote class=\"wp-block-quote is-layout-flow wp-block-quote-is-layout-flow\">\n<p>&#8222;Um die Karnevalszeit herrschte im G\u00fcrzenich-Restaurant mittags reges Leben, besonders an den Tagen, wenn der Kartenverkauf f\u00fcr die G\u00fcrzenichb\u00e4lle stattfand. An einem Tische, an dem Wein- und Getr\u00e4nkevertreter verkehrten, fanden sich um die Mittagszeit die Polizeiinspektoren Kautz, Landschulz und Votsch ein. Sie wurden h\u00e4ufig bei opulenten Fr\u00fchst\u00fccken beobachtet, bei denen es Austern, Kaviar und Hummer gab und bessere Weinmarken und Sekt getrunken wurden. Nach Bekundung des Zeugen M\u00fcller fiel dies im Publikum allgemein auf und gab Veranlassung zu der Redensart vom &#8218;Inspektoren-Fr\u00fchst\u00fcck&#8216; als dem Gipfelpunkt der Schlemmerei.<\/p>\n<cite>Aus demselben Urteil<\/cite><\/blockquote>\n\n\n\n<p>Welche Gegenleistung von den Inspektoren erwartet\noder gew\u00e4hrt wurde, konnte nicht gekl\u00e4rt werden, doch<\/p>\n\n\n\n<blockquote class=\"wp-block-quote is-layout-flow wp-block-quote-is-layout-flow\">\n<p>&#8222;alle diese Personen hatten ein mehr oder minder gro\u00dfes Interesse daran, sich mit der Polizei gutzustellen, sei es da\u00df sie polizeilicher Conzessionen bedurften, sei es weil sie infolge besonderer f\u00fcr ihr Gewerbe erlassener polizeilicher Vorschriften h\u00e4ufiger Ber\u00fchrung mit der Polizei ausgesetzt waren.&#8220;<\/p>\n<\/blockquote>\n\n\n\n<p>Der vom Dienst schon suspendierte Landschulz war unterdessen\ndauerhaft erkrankt und dienstunf\u00e4hig, als er entlassen wurde. Tragbar war er\nnicht mehr. Seine Richter waren immerhin so milde, ihm drei Viertel seines\nRuhegehalts zu belassen.<\/p>\n\n\n\n<blockquote class=\"wp-block-quote is-layout-flow wp-block-quote-is-layout-flow\">\n<p>&#8222;Das Disziplinargericht ist zu der \u00dcberzeugung gelangt, da\u00df der Angeschuldigte sich durch sein Verhalten in allen vorgenannten F\u00e4llen in einem solchen Ma\u00dfe gegen seine Amtspflichten vergangen hat, da\u00df seines Bleibens im Amte nicht l\u00e4nger sein kann. Als Polizei-Inspektor war es seine Aufgabe, nicht nur das Verhalten seiner Untergebenen, Kommissare, Schutzleute zu kontrollieren und Verfehlungen ihrerseits zu ahnden oder zur Anzeige zu bringen, sondern mehr noch seinen Untergebenen durch tadellose Haltung in und au\u00dfer Dienst mit gutem Beispiel voranzugehen. Statt dessen hat er seine einflu\u00dfreiche Stellung dazu benutzt, sich systematisch, zum Teil von Leuten unter seinem Stande, einladen und beschenken zu lassen.<\/p>\n\n\n\n<p> Von einem derartigen Vorgesetzten kann kein Untergebener, vor einem  derartigen Polizeibeamten kann das Publikum keine Achtung haben. Er hat  nicht nur sein eigenes Ansehen, sondern auch das der gesamten  K\u00f6niglichen Polizei in C\u00f6ln schwer gesch\u00e4digt. <\/p>\n<\/blockquote>\n\n\n\n<p>Ohne jede Unterst\u00fctzung aber w\u00fcrde auch seine sonst mittellose Familie dem Elend preisgegeben, weshalb ihm ein Teil der Pension, 2859 Mark j\u00e4hrlich, belassen wurde. Diese aber st\u00fcrzte tats\u00e4chlich ins Elend, als Landschulz am 8.6.1916 in der Heil- und Pflegeanstalt Bonn starb. <\/p>\n\n\n\n<p>Seine Witwe und Kinder wohnten jetzt in K\u00f6ln-Nippes,\nKr\u00fcthstr.26. Die Tochter Erna war 1916 als Postanw\u00e4rterin 19 Jahre alt. Sie gab\nihren Verdienst bei der Mutter ab. Otto junior war 11 Jahre alt und besuchte\ndas Realgymnasium in Nippes. Die Mutter lebte von einer kleinen Ackerwirtschaft\nund 150 Mark Zinsen j\u00e4hrlich auf eine Kriegsanleihe von nominell 3000 Mark. Sie\nzahlte 600 Mark j\u00e4hrliche Miete und 144 Mark f\u00fcr ein zus\u00e4tzliches m\u00f6bliertes\nZimmer. Die Entlassung ihres Mannes war f\u00fcr sie ein Schicksalsschlag, den sie\nnicht verkraftet hat. 1908 bis 1909 befand sie sich mit zerr\u00fctteten Nerven in\nder Heilanstalt Lindenburg in K\u00f6ln. Sie schrieb am 20.7.1916:<\/p>\n\n\n\n<blockquote class=\"wp-block-quote is-layout-flow wp-block-quote-is-layout-flow\">\n<p>&#8222;In gro\u00dfer Not, von Kummer und Leid gequ\u00e4lt, durch dr\u00fcckende Sorgen um meinen und meiner Kinder Unterhalt, sowie um meine und meines j\u00fcngsten Kindes Zukunft be\u00e4ngstigt, gestatte ich mir das Nachstehende untert\u00e4nigst zu unterbreiten.<\/p>\n\n\n\n<p>Mein Mann, der fr\u00fchere K\u00f6nigliche Polizeiinspektor Otto Landschulz, wurde neben anderen Beamten ein Opfer des ungl\u00fcckseligen C\u00f6lner Polizeiprozesses und nach Einleitung des f\u00f6rmlichen Disziplinarverfahrens unter Zubilligung von drei Viertel seiner gesetzlichen Pension, einer Unterst\u00fctzung von 2859,75 Mark, aus dem Dienst entlassen.<\/p>\n\n\n\n<p>Dieser Schicksalsschlag hat unser bisheriges \u00a0Familiengl\u00fcck vernichtet; es herrschte seitdem nur Trauer und Elend in unserem Kreise. Von dem Ungl\u00fcck wurde mein Mann ganz besonders schwer betroffen. Wenn auch schon vorher geringere Anzeichen der Arterienverkalkung sich bei ihm bemerkbar machten, so haben doch die gro\u00dfen seelischen Anstrengungen des Prozesses so gesundheitssch\u00e4dlich auf ihn gewirkt, da\u00df er bald unter Schlaganf\u00e4llen leiden mu\u00dfte, denen eine rasch folgende Gehirnerweichung folgte. Sein Zustand verschlimmerte sich schnell, so da\u00df er im Mai d.J. in eine Irrenheilanstalt aufgenommen werden mu\u00dfte, woselbst nach wenigen Wochen &#8211; am 8. Juni 1916 &#8211; der Tod seinem Leben ein Ende setzte. [&#8230;]<\/p>\n\n\n\n<p>Mit ihm ist nicht nur meine letzte Hoffnung auf endliche Linderung unseres Ungl\u00fccks und Herannahen einer besseren Zeit ins Grab gesunken, sondern ich sehe, wenn mir keine Hilfe gew\u00e4hrt wird, mich mit meinen Kindern Not und Verderben ausgesetzt.<\/p>\n\n\n\n<p>Mein Mann wie auch ich waren ohne jedes Verm\u00f6gen. Von unseren sauer erworbenen Ersparnissen haben wir den uns noch gebliebenen Rest im Betrag von 3000 Mark, um unserer patriotischen Pflicht zu gen\u00fcgen, in Kriegsanleihen angelegt. Die Zinsen aus dieser Anleihe mit j\u00e4hrlich 150 M und der Verdienst meiner Tochter von t\u00e4glich 2,75 M, den diese f\u00fcr ihre T\u00e4tigkeit bei der Post erh\u00e4lt, sind die einzigen Einnahmen, \u00fcber die ich bei diesen teuren Zeiten zur Bestreitung unseres Unterhalts verf\u00fcge. [&#8230;]<\/p>\n\n\n\n<p>Mich h\u00e4lt in einer traurigen Stimmung das gro\u00dfe und feste Vertrauen auf den Gerechtigkeitssinn der hohen Staatsbeh\u00f6rden und die Hoffnung aufrecht, da\u00df man mich, die an dem schweren, uns getroffenen Schicksalsschlage nicht die allergeringste Schuld tr\u00e4gt, bez\u00fcglich Zuwendung einer dauernden Unterst\u00fctzung nicht ung\u00fcnstiger behandeln wird wie meinen verstorbenen Mann.<\/p>\n<cite>Personalakte Otto Landschulz, Brief der Witwe<\/cite><\/blockquote>\n\n\n\n<p>Am 31.8.1916 wurde ihr eine fortlaufende\nUnterst\u00fctzung von 360 Mark j\u00e4hrlich und f\u00fcr den Sohn bis zum 18.Lebensjahr eine\nj\u00e4hrliche Erziehungsbeihilfe von 240 Mark bewilligt. J\u00e4hrlich wurden die\nfinanziellen Verh\u00e4ltnisse durch Frageb\u00f6gen zum Ausf\u00fcllen \u00fcberpr\u00fcft. Drei Jahre\nsp\u00e4ter, 1919, steige ich sehr nachdenklich wieder in die Zeitmaschine und\nverlasse die Witwe Landkron.<\/p>\n\n\n\n<p>Oh &#8211; Panne! Aus Versehen drehte ich die Zeituhr auf 1963 statt auf 2019 und sehe mich selbst auf dem Neumarkt stehen, wie ich gerade mit einem Beutel Brotkrumen in der Hand die Tauben f\u00fcttern will. Mein j\u00fcngeres Selbst soll mich nicht sehen. Schnell zur\u00fcck! Jetzt springe ich vorw\u00e4rts in unser Jahr 2019 und schlendere wieder \u00fcber den weihnachtlichen Neumarkt, meine Heimat. Hier habe ich schon als kleines Kind gespielt.<\/p>\n\n\n<div class=\"wp-block-image\">\n<figure class=\"aligncenter size-large\"><img loading=\"lazy\" decoding=\"async\" width=\"1024\" height=\"736\" src=\"http:\/\/klauskunze.com\/blog\/wp-content\/uploads\/2019\/12\/titel0018a-1024x736.jpg\" alt=\"\" class=\"wp-image-850\" srcset=\"https:\/\/klauskunze.com\/blog\/wp-content\/uploads\/2019\/12\/titel0018a-1024x736.jpg 1024w, https:\/\/klauskunze.com\/blog\/wp-content\/uploads\/2019\/12\/titel0018a-300x215.jpg 300w, https:\/\/klauskunze.com\/blog\/wp-content\/uploads\/2019\/12\/titel0018a-768x552.jpg 768w, https:\/\/klauskunze.com\/blog\/wp-content\/uploads\/2019\/12\/titel0018a-900x646.jpg 900w, https:\/\/klauskunze.com\/blog\/wp-content\/uploads\/2019\/12\/titel0018a-1280x919.jpg 1280w, https:\/\/klauskunze.com\/blog\/wp-content\/uploads\/2019\/12\/titel0018a.jpg 1420w\" sizes=\"auto, (max-width: 1024px) 100vw, 1024px\" \/><figcaption class=\"wp-element-caption\">Der Verfasser 1963 auf dem Neumarkt mit Brotbeutelchen f\u00fcr die Tauben<\/figcaption><\/figure>\n<\/div>\n\n\n<p>&#8222;Ach, wat wor dat fr\u00f6her sch\u00f6n doch in Colonia&#8220; singt man hier. Na ja. Im Grund hat sich nicht viel ge\u00e4ndert. Ist K\u00f6ln nicht inzwischen \u00fcberall in Deutschland? Freilich waltet der Genius loci hier noch unverf\u00e4lscht. Der K\u00f6lner Soziologieprofessor Erwin Scheuch titelte eins seiner B\u00fccher 1992 &#8222;Cliquen, Kl\u00fcngel und Kar\u00adrieren&#8220;. Mit Hasen und Inspektoren-Fr\u00fchst\u00fccken gibt man sich allerdings nicht mehr zufrieden.  <\/p>\n\n\n\n<p>Scheuch berichtet von schriftli\u00adchen Ver\u00adtr\u00e4gen ein\u00adzelner Seil\u00adschaf\u00adten in\u00adnerhalb der K\u00f6lner CDU-Ratsfraktion mit kon\u00adkur\u00adrie\u00adren\u00adden Seil\u00adschaf\u00adten \u00fcber die Auftei\u00adlung aller erreich\u00adbaren Mandate.<a href=\"#_ftn1\">[1]<\/a> Kon\u00adkur\u00adren\u00ad\u00adten wer\u00adden aus\u00adgeboo\u00adtet oder nach Abspra\u00adche mit lu\u00adkrati\u00adven Po\u00adsten versorgt, um sie ru\u00adhig\u00adzu\u00adstel\u00adlen.<a href=\"#_ftn2\">[2]<\/a> Da ist eine Partei wie die andere. In K\u00f6ln sind alle k\u00f6lsch.  Die k\u00f6lsche Mentalit\u00e4t hat den Zusammenprall mit der hundert Jahre regierenden preu\u00dfischen Obrigkeit ebenso unbesch\u00e4digt \u00fcberstanden wie die Jahre zwischen den Weltkriegen. Bomben und h\u00e4\u00dflich-modernen Wiederaufbau konnten dem K\u00f6lner Lebensgef\u00fchl nichts anhaben.  <br><\/p>\n\n\n\n<p>Der Witwe Landschulz ging es finanziell so dreckig,\nwie es einem Menschen nur gehen kann. Aber K\u00f6ln hei\u00dft nicht blo\u00df, preu\u00dfische\nTugenden nicht ernst zu nehmen, es bedeutet auch: Lachen unter Tr\u00e4nen. Dazu\nhatten die K\u00f6lner oft genug allen Anla\u00df. Und wenn mich das Schicksal trifft? \u201eDo\nlaach ich do no mih!\u201c [Da lach ich doch noch mehr]<\/p>\n\n\n\n<p>In K\u00f6ln ist die Kunst der ironischen Brechung zur\nVollkommenheit gelangt. Ehe ich mich vom Schicksal brechen lasse, breche ich es\nironisch auf und singe ihm noch ein Spottlied hinterher. Man darf \u00fcber alles\nWitze machen, am liebsten \u00fcber sich selbst. Wer den anderen verspotten kann,\nist ihm \u00fcberlegen. Mutter Colonia hat ihre Kinder mit allem Humor ausgestattet,\nden man braucht, um nicht einzuknicken und seine Identit\u00e4t zu bewahren. Diese\nankert fest in der k\u00f6lschen Sprache: \u201eMer han uns Muttersproch noch nit verlore,\ndat es jet, wo mer stolz drop sin!\u201c (Will Ostermann).<\/p>\n\n\n\n<blockquote class=\"wp-block-quote is-layout-flow wp-block-quote-is-layout-flow\">\n<p>In K\u00f6ln am Rhing bin ich gebore,<br> ich han \u2013 un dat litt mir im Senn \u2013<br> ming Muttersproch noch nit verlore,<br> dat e\u00df jet, wo ich stolz drop ben.<\/p>\n\n\n\n<p>Wenn ich su an ming Heimat denke<br> un sinn d\u2019r Dom su v\u00fcr mer stonn,<br> m\u00f6\u00f6ch ich direck op heim an schwenke,<br> ich m\u00f6\u00f6ch zo Fo\u00df noh K\u00f6lle jon. <\/p>\n<cite><a href=\"https:\/\/www.kallendresser.de\/ostermann\/titel\/081.html\">Willy Ostermann<\/a><\/cite><\/blockquote>\n\n\n\n<p>Bisher vermochte die tief verwurzelte K\u00f6lner Identit\u00e4t alles Fremde in sich einzuschmelzen &#8211; nicht zuletzt den preu\u00dfischen Inspektor Landschulz. Wie lange ihr das noch gelingt, h\u00e4ngt davon ab, ob die K\u00f6lschen k\u00f6lsch bleiben oder sich anderen Lebensstilen ergeben wollen. Nur hundert Jahre war ich heute zur\u00fcckgereist, doch \u201ein 1900 Jahren leben andere Leute:<\/p>\n\n\n\n<blockquote class=\"wp-block-quote is-layout-flow wp-block-quote-is-layout-flow\">\n<p>N\u00fcngzehnhundert Johr steiht uns K\u00f6lle am Rhing.<br> N\u00fcngzehnhundert Johr sin mer jeck he am Rhing.<br> Laache, b\u00fctze, danze, springe dun mer jo h\u00fcck.<br> Noch ens hundert Johr levven andere L\u00fcck.<br> N\u00fcngzehnhundert Johr l\u00e4\u00e4v dr T\u00fcnnes un dr Sch\u00e4\u00e4l.<br> N\u00fcngzehnhundert Johr wehs do nit, leeve K\u00e4\u00e4l.<br> Stell die Flesch op d\u00b4r Desch,<br> noch han mer jet en d\u00b4r T\u00e4sch.<br> Dobei d\u00b4r k\u00f6lsche Klaaf.<br> Alaaf! Alaaf! Alaaf!<\/p>\n<cite><a href=\"https:\/\/www.liederkiste.com\/Karnevalslieder\/NuengzehnhundertJohr.html\">Toni Steingass<\/a><\/cite><\/blockquote>\n\n\n\n<hr class=\"wp-block-separator has-css-opacity\"\/>\n\n\n\n<p><a href=\"#_ftnref1\">[1]<\/a>\nScheuch, Cliquen, S.82 ff.<\/p>\n\n\n\n<p><a href=\"#_ftnref2\">[2]<\/a> Anonymus, in: Zeitschrift f\u00fcr Rechtspolitik, 1988, S.62 (65).<\/p>\n","protected":false},"excerpt":{"rendered":"<p>Als preu\u00dfisches Beamtenethos auf k\u00f6lsche Lebensart stie\u00df Von 2019 zur\u00fcck ins Jahr 1919 ist nur ein kleiner Zeitsprung. Mitten im Gedr\u00e4ngel des Neumarktes finde ich, in einer von vielen \u00fcbersehenen dunklen Ecke zwischen zwei hell erleuchteten Marktst\u00e4nden, einen dunklen Vorhang. Er f\u00fchrt in eine schwach erleuchtete Markt-H\u00fctte. \u201eErleben Sie eine echte Zeitreise!\u201c hatte drau\u00dfen die [&hellip;]<\/p>\n","protected":false},"author":1,"featured_media":851,"comment_status":"open","ping_status":"open","sticky":false,"template":"","format":"standard","meta":{"h5ap_radio_sources":[],"twitterCardType":"","cardImageID":0,"cardImage":"","cardTitle":"","cardDesc":"","cardImageAlt":"","cardPlayer":"","cardPlayerWidth":0,"cardPlayerHeight":0,"cardPlayerStream":"","cardPlayerCodec":"","footnotes":""},"categories":[1,13,17],"tags":[],"class_list":["post-844","post","type-post","status-publish","format-standard","has-post-thumbnail","hentry","category-allgemein","category-geschichte","category-politik"],"yoast_head":"<!-- This site is optimized with the Yoast SEO plugin v27.4 - https:\/\/yoast.com\/product\/yoast-seo-wordpress\/ -->\n<title>Das Inspektoren-Fr\u00fchst\u00fcck und der K\u00f6lner Polizeiskandal - Klaus Kunze<\/title>\n<meta name=\"robots\" content=\"index, follow, max-snippet:-1, max-image-preview:large, max-video-preview:-1\" \/>\n<link rel=\"canonical\" href=\"https:\/\/klauskunze.com\/blog\/2019\/12\/11\/das-inspektoren-fruehstueck-und-der-koelner-polizeiskandal\/\" \/>\n<meta property=\"og:locale\" content=\"de_DE\" \/>\n<meta property=\"og:type\" content=\"article\" \/>\n<meta property=\"og:title\" content=\"Das Inspektoren-Fr\u00fchst\u00fcck und der K\u00f6lner Polizeiskandal - Klaus Kunze\" \/>\n<meta property=\"og:description\" content=\"Als preu\u00dfisches Beamtenethos auf k\u00f6lsche Lebensart stie\u00df Von 2019 zur\u00fcck ins Jahr 1919 ist nur ein kleiner Zeitsprung. Mitten im Gedr\u00e4ngel des Neumarktes finde ich, in einer von vielen \u00fcbersehenen dunklen Ecke zwischen zwei hell erleuchteten Marktst\u00e4nden, einen dunklen Vorhang. Er f\u00fchrt in eine schwach erleuchtete Markt-H\u00fctte. \u201eErleben Sie eine echte Zeitreise!\u201c hatte drau\u00dfen die [&hellip;]\" \/>\n<meta property=\"og:url\" content=\"https:\/\/klauskunze.com\/blog\/2019\/12\/11\/das-inspektoren-fruehstueck-und-der-koelner-polizeiskandal\/\" \/>\n<meta property=\"og:site_name\" content=\"Klaus Kunze\" \/>\n<meta property=\"article:published_time\" content=\"2019-12-11T11:58:10+00:00\" \/>\n<meta property=\"article:modified_time\" content=\"2025-08-23T14:07:16+00:00\" \/>\n<meta property=\"og:image\" content=\"http:\/\/klauskunze.com\/blog\/wp-content\/uploads\/2019\/12\/K\u00f6ln-2019-12-07-09a.jpg\" \/>\n\t<meta property=\"og:image:width\" content=\"1244\" \/>\n\t<meta property=\"og:image:height\" content=\"670\" \/>\n\t<meta property=\"og:image:type\" content=\"image\/jpeg\" \/>\n<meta name=\"author\" content=\"Klaus Kunze\" \/>\n<meta name=\"twitter:label1\" content=\"Verfasst von\" \/>\n\t<meta name=\"twitter:data1\" content=\"Klaus Kunze\" \/>\n\t<meta name=\"twitter:label2\" content=\"Gesch\u00e4tzte Lesezeit\" \/>\n\t<meta name=\"twitter:data2\" content=\"10\u00a0Minuten\" \/>\n<script type=\"application\/ld+json\" class=\"yoast-schema-graph\">{\"@context\":\"https:\\\/\\\/schema.org\",\"@graph\":[{\"@type\":\"Article\",\"@id\":\"https:\\\/\\\/klauskunze.com\\\/blog\\\/2019\\\/12\\\/11\\\/das-inspektoren-fruehstueck-und-der-koelner-polizeiskandal\\\/#article\",\"isPartOf\":{\"@id\":\"https:\\\/\\\/klauskunze.com\\\/blog\\\/2019\\\/12\\\/11\\\/das-inspektoren-fruehstueck-und-der-koelner-polizeiskandal\\\/\"},\"author\":{\"name\":\"Klaus Kunze\",\"@id\":\"https:\\\/\\\/klauskunze.com\\\/blog\\\/#\\\/schema\\\/person\\\/9c091cf30ab68b897db6a517e3c3b11b\"},\"headline\":\"Das Inspektoren-Fr\u00fchst\u00fcck und der K\u00f6lner Polizeiskandal\",\"datePublished\":\"2019-12-11T11:58:10+00:00\",\"dateModified\":\"2025-08-23T14:07:16+00:00\",\"mainEntityOfPage\":{\"@id\":\"https:\\\/\\\/klauskunze.com\\\/blog\\\/2019\\\/12\\\/11\\\/das-inspektoren-fruehstueck-und-der-koelner-polizeiskandal\\\/\"},\"wordCount\":2406,\"commentCount\":2,\"publisher\":{\"@id\":\"https:\\\/\\\/klauskunze.com\\\/blog\\\/#\\\/schema\\\/person\\\/9c091cf30ab68b897db6a517e3c3b11b\"},\"image\":{\"@id\":\"https:\\\/\\\/klauskunze.com\\\/blog\\\/2019\\\/12\\\/11\\\/das-inspektoren-fruehstueck-und-der-koelner-polizeiskandal\\\/#primaryimage\"},\"thumbnailUrl\":\"https:\\\/\\\/klauskunze.com\\\/blog\\\/wp-content\\\/uploads\\\/2019\\\/12\\\/K\u00f6ln-2019-12-07-09a.jpg\",\"articleSection\":{\"1\":\"Geschichte\",\"2\":\"Politik\"},\"inLanguage\":\"de\",\"potentialAction\":[{\"@type\":\"CommentAction\",\"name\":\"Comment\",\"target\":[\"https:\\\/\\\/klauskunze.com\\\/blog\\\/2019\\\/12\\\/11\\\/das-inspektoren-fruehstueck-und-der-koelner-polizeiskandal\\\/#respond\"]}]},{\"@type\":\"WebPage\",\"@id\":\"https:\\\/\\\/klauskunze.com\\\/blog\\\/2019\\\/12\\\/11\\\/das-inspektoren-fruehstueck-und-der-koelner-polizeiskandal\\\/\",\"url\":\"https:\\\/\\\/klauskunze.com\\\/blog\\\/2019\\\/12\\\/11\\\/das-inspektoren-fruehstueck-und-der-koelner-polizeiskandal\\\/\",\"name\":\"Das Inspektoren-Fr\u00fchst\u00fcck und der K\u00f6lner Polizeiskandal - Klaus Kunze\",\"isPartOf\":{\"@id\":\"https:\\\/\\\/klauskunze.com\\\/blog\\\/#website\"},\"primaryImageOfPage\":{\"@id\":\"https:\\\/\\\/klauskunze.com\\\/blog\\\/2019\\\/12\\\/11\\\/das-inspektoren-fruehstueck-und-der-koelner-polizeiskandal\\\/#primaryimage\"},\"image\":{\"@id\":\"https:\\\/\\\/klauskunze.com\\\/blog\\\/2019\\\/12\\\/11\\\/das-inspektoren-fruehstueck-und-der-koelner-polizeiskandal\\\/#primaryimage\"},\"thumbnailUrl\":\"https:\\\/\\\/klauskunze.com\\\/blog\\\/wp-content\\\/uploads\\\/2019\\\/12\\\/K\u00f6ln-2019-12-07-09a.jpg\",\"datePublished\":\"2019-12-11T11:58:10+00:00\",\"dateModified\":\"2025-08-23T14:07:16+00:00\",\"breadcrumb\":{\"@id\":\"https:\\\/\\\/klauskunze.com\\\/blog\\\/2019\\\/12\\\/11\\\/das-inspektoren-fruehstueck-und-der-koelner-polizeiskandal\\\/#breadcrumb\"},\"inLanguage\":\"de\",\"potentialAction\":[{\"@type\":\"ReadAction\",\"target\":[\"https:\\\/\\\/klauskunze.com\\\/blog\\\/2019\\\/12\\\/11\\\/das-inspektoren-fruehstueck-und-der-koelner-polizeiskandal\\\/\"]}]},{\"@type\":\"ImageObject\",\"inLanguage\":\"de\",\"@id\":\"https:\\\/\\\/klauskunze.com\\\/blog\\\/2019\\\/12\\\/11\\\/das-inspektoren-fruehstueck-und-der-koelner-polizeiskandal\\\/#primaryimage\",\"url\":\"https:\\\/\\\/klauskunze.com\\\/blog\\\/wp-content\\\/uploads\\\/2019\\\/12\\\/K\u00f6ln-2019-12-07-09a.jpg\",\"contentUrl\":\"https:\\\/\\\/klauskunze.com\\\/blog\\\/wp-content\\\/uploads\\\/2019\\\/12\\\/K\u00f6ln-2019-12-07-09a.jpg\",\"width\":1244,\"height\":670},{\"@type\":\"BreadcrumbList\",\"@id\":\"https:\\\/\\\/klauskunze.com\\\/blog\\\/2019\\\/12\\\/11\\\/das-inspektoren-fruehstueck-und-der-koelner-polizeiskandal\\\/#breadcrumb\",\"itemListElement\":[{\"@type\":\"ListItem\",\"position\":1,\"name\":\"Startseite\",\"item\":\"https:\\\/\\\/klauskunze.com\\\/blog\\\/\"},{\"@type\":\"ListItem\",\"position\":2,\"name\":\"Das Inspektoren-Fr\u00fchst\u00fcck und der K\u00f6lner Polizeiskandal\"}]},{\"@type\":\"WebSite\",\"@id\":\"https:\\\/\\\/klauskunze.com\\\/blog\\\/#website\",\"url\":\"https:\\\/\\\/klauskunze.com\\\/blog\\\/\",\"name\":\"Klaus Kunze\",\"description\":\"Blog\",\"publisher\":{\"@id\":\"https:\\\/\\\/klauskunze.com\\\/blog\\\/#\\\/schema\\\/person\\\/9c091cf30ab68b897db6a517e3c3b11b\"},\"potentialAction\":[{\"@type\":\"SearchAction\",\"target\":{\"@type\":\"EntryPoint\",\"urlTemplate\":\"https:\\\/\\\/klauskunze.com\\\/blog\\\/?s={search_term_string}\"},\"query-input\":{\"@type\":\"PropertyValueSpecification\",\"valueRequired\":true,\"valueName\":\"search_term_string\"}}],\"inLanguage\":\"de\"},{\"@type\":[\"Person\",\"Organization\"],\"@id\":\"https:\\\/\\\/klauskunze.com\\\/blog\\\/#\\\/schema\\\/person\\\/9c091cf30ab68b897db6a517e3c3b11b\",\"name\":\"Klaus Kunze\",\"image\":{\"@type\":\"ImageObject\",\"inLanguage\":\"de\",\"@id\":\"https:\\\/\\\/secure.gravatar.com\\\/avatar\\\/5cd83cadbada9c331a79952fcca177ed3d3be4c7ad3239b9d934bf84adff15dd?s=96&d=blank&r=g\",\"url\":\"https:\\\/\\\/secure.gravatar.com\\\/avatar\\\/5cd83cadbada9c331a79952fcca177ed3d3be4c7ad3239b9d934bf84adff15dd?s=96&d=blank&r=g\",\"contentUrl\":\"https:\\\/\\\/secure.gravatar.com\\\/avatar\\\/5cd83cadbada9c331a79952fcca177ed3d3be4c7ad3239b9d934bf84adff15dd?s=96&d=blank&r=g\",\"caption\":\"Klaus Kunze\"},\"logo\":{\"@id\":\"https:\\\/\\\/secure.gravatar.com\\\/avatar\\\/5cd83cadbada9c331a79952fcca177ed3d3be4c7ad3239b9d934bf84adff15dd?s=96&d=blank&r=g\"},\"sameAs\":[\"http:\\\/\\\/KlausKunze.com\",\"https:\\\/\\\/x.com\\\/https:\\\/\\\/twitter.com\\\/KlausKunze3\"]}]}<\/script>\n<!-- \/ Yoast SEO plugin. -->","yoast_head_json":{"title":"Das Inspektoren-Fr\u00fchst\u00fcck und der K\u00f6lner Polizeiskandal - Klaus Kunze","robots":{"index":"index","follow":"follow","max-snippet":"max-snippet:-1","max-image-preview":"max-image-preview:large","max-video-preview":"max-video-preview:-1"},"canonical":"https:\/\/klauskunze.com\/blog\/2019\/12\/11\/das-inspektoren-fruehstueck-und-der-koelner-polizeiskandal\/","og_locale":"de_DE","og_type":"article","og_title":"Das Inspektoren-Fr\u00fchst\u00fcck und der K\u00f6lner Polizeiskandal - Klaus Kunze","og_description":"Als preu\u00dfisches Beamtenethos auf k\u00f6lsche Lebensart stie\u00df Von 2019 zur\u00fcck ins Jahr 1919 ist nur ein kleiner Zeitsprung. Mitten im Gedr\u00e4ngel des Neumarktes finde ich, in einer von vielen \u00fcbersehenen dunklen Ecke zwischen zwei hell erleuchteten Marktst\u00e4nden, einen dunklen Vorhang. Er f\u00fchrt in eine schwach erleuchtete Markt-H\u00fctte. \u201eErleben Sie eine echte Zeitreise!\u201c hatte drau\u00dfen die [&hellip;]","og_url":"https:\/\/klauskunze.com\/blog\/2019\/12\/11\/das-inspektoren-fruehstueck-und-der-koelner-polizeiskandal\/","og_site_name":"Klaus Kunze","article_published_time":"2019-12-11T11:58:10+00:00","article_modified_time":"2025-08-23T14:07:16+00:00","og_image":[{"width":1244,"height":670,"url":"http:\/\/klauskunze.com\/blog\/wp-content\/uploads\/2019\/12\/K\u00f6ln-2019-12-07-09a.jpg","type":"image\/jpeg"}],"author":"Klaus Kunze","twitter_misc":{"Verfasst von":"Klaus Kunze","Gesch\u00e4tzte Lesezeit":"10\u00a0Minuten"},"schema":{"@context":"https:\/\/schema.org","@graph":[{"@type":"Article","@id":"https:\/\/klauskunze.com\/blog\/2019\/12\/11\/das-inspektoren-fruehstueck-und-der-koelner-polizeiskandal\/#article","isPartOf":{"@id":"https:\/\/klauskunze.com\/blog\/2019\/12\/11\/das-inspektoren-fruehstueck-und-der-koelner-polizeiskandal\/"},"author":{"name":"Klaus Kunze","@id":"https:\/\/klauskunze.com\/blog\/#\/schema\/person\/9c091cf30ab68b897db6a517e3c3b11b"},"headline":"Das Inspektoren-Fr\u00fchst\u00fcck und der K\u00f6lner Polizeiskandal","datePublished":"2019-12-11T11:58:10+00:00","dateModified":"2025-08-23T14:07:16+00:00","mainEntityOfPage":{"@id":"https:\/\/klauskunze.com\/blog\/2019\/12\/11\/das-inspektoren-fruehstueck-und-der-koelner-polizeiskandal\/"},"wordCount":2406,"commentCount":2,"publisher":{"@id":"https:\/\/klauskunze.com\/blog\/#\/schema\/person\/9c091cf30ab68b897db6a517e3c3b11b"},"image":{"@id":"https:\/\/klauskunze.com\/blog\/2019\/12\/11\/das-inspektoren-fruehstueck-und-der-koelner-polizeiskandal\/#primaryimage"},"thumbnailUrl":"https:\/\/klauskunze.com\/blog\/wp-content\/uploads\/2019\/12\/K\u00f6ln-2019-12-07-09a.jpg","articleSection":{"1":"Geschichte","2":"Politik"},"inLanguage":"de","potentialAction":[{"@type":"CommentAction","name":"Comment","target":["https:\/\/klauskunze.com\/blog\/2019\/12\/11\/das-inspektoren-fruehstueck-und-der-koelner-polizeiskandal\/#respond"]}]},{"@type":"WebPage","@id":"https:\/\/klauskunze.com\/blog\/2019\/12\/11\/das-inspektoren-fruehstueck-und-der-koelner-polizeiskandal\/","url":"https:\/\/klauskunze.com\/blog\/2019\/12\/11\/das-inspektoren-fruehstueck-und-der-koelner-polizeiskandal\/","name":"Das Inspektoren-Fr\u00fchst\u00fcck und der K\u00f6lner Polizeiskandal - Klaus Kunze","isPartOf":{"@id":"https:\/\/klauskunze.com\/blog\/#website"},"primaryImageOfPage":{"@id":"https:\/\/klauskunze.com\/blog\/2019\/12\/11\/das-inspektoren-fruehstueck-und-der-koelner-polizeiskandal\/#primaryimage"},"image":{"@id":"https:\/\/klauskunze.com\/blog\/2019\/12\/11\/das-inspektoren-fruehstueck-und-der-koelner-polizeiskandal\/#primaryimage"},"thumbnailUrl":"https:\/\/klauskunze.com\/blog\/wp-content\/uploads\/2019\/12\/K\u00f6ln-2019-12-07-09a.jpg","datePublished":"2019-12-11T11:58:10+00:00","dateModified":"2025-08-23T14:07:16+00:00","breadcrumb":{"@id":"https:\/\/klauskunze.com\/blog\/2019\/12\/11\/das-inspektoren-fruehstueck-und-der-koelner-polizeiskandal\/#breadcrumb"},"inLanguage":"de","potentialAction":[{"@type":"ReadAction","target":["https:\/\/klauskunze.com\/blog\/2019\/12\/11\/das-inspektoren-fruehstueck-und-der-koelner-polizeiskandal\/"]}]},{"@type":"ImageObject","inLanguage":"de","@id":"https:\/\/klauskunze.com\/blog\/2019\/12\/11\/das-inspektoren-fruehstueck-und-der-koelner-polizeiskandal\/#primaryimage","url":"https:\/\/klauskunze.com\/blog\/wp-content\/uploads\/2019\/12\/K\u00f6ln-2019-12-07-09a.jpg","contentUrl":"https:\/\/klauskunze.com\/blog\/wp-content\/uploads\/2019\/12\/K\u00f6ln-2019-12-07-09a.jpg","width":1244,"height":670},{"@type":"BreadcrumbList","@id":"https:\/\/klauskunze.com\/blog\/2019\/12\/11\/das-inspektoren-fruehstueck-und-der-koelner-polizeiskandal\/#breadcrumb","itemListElement":[{"@type":"ListItem","position":1,"name":"Startseite","item":"https:\/\/klauskunze.com\/blog\/"},{"@type":"ListItem","position":2,"name":"Das Inspektoren-Fr\u00fchst\u00fcck und der K\u00f6lner Polizeiskandal"}]},{"@type":"WebSite","@id":"https:\/\/klauskunze.com\/blog\/#website","url":"https:\/\/klauskunze.com\/blog\/","name":"Klaus Kunze","description":"Blog","publisher":{"@id":"https:\/\/klauskunze.com\/blog\/#\/schema\/person\/9c091cf30ab68b897db6a517e3c3b11b"},"potentialAction":[{"@type":"SearchAction","target":{"@type":"EntryPoint","urlTemplate":"https:\/\/klauskunze.com\/blog\/?s={search_term_string}"},"query-input":{"@type":"PropertyValueSpecification","valueRequired":true,"valueName":"search_term_string"}}],"inLanguage":"de"},{"@type":["Person","Organization"],"@id":"https:\/\/klauskunze.com\/blog\/#\/schema\/person\/9c091cf30ab68b897db6a517e3c3b11b","name":"Klaus Kunze","image":{"@type":"ImageObject","inLanguage":"de","@id":"https:\/\/secure.gravatar.com\/avatar\/5cd83cadbada9c331a79952fcca177ed3d3be4c7ad3239b9d934bf84adff15dd?s=96&d=blank&r=g","url":"https:\/\/secure.gravatar.com\/avatar\/5cd83cadbada9c331a79952fcca177ed3d3be4c7ad3239b9d934bf84adff15dd?s=96&d=blank&r=g","contentUrl":"https:\/\/secure.gravatar.com\/avatar\/5cd83cadbada9c331a79952fcca177ed3d3be4c7ad3239b9d934bf84adff15dd?s=96&d=blank&r=g","caption":"Klaus Kunze"},"logo":{"@id":"https:\/\/secure.gravatar.com\/avatar\/5cd83cadbada9c331a79952fcca177ed3d3be4c7ad3239b9d934bf84adff15dd?s=96&d=blank&r=g"},"sameAs":["http:\/\/KlausKunze.com","https:\/\/x.com\/https:\/\/twitter.com\/KlausKunze3"]}]}},"post_mailing_queue_ids":[],"_links":{"self":[{"href":"https:\/\/klauskunze.com\/blog\/wp-json\/wp\/v2\/posts\/844","targetHints":{"allow":["GET"]}}],"collection":[{"href":"https:\/\/klauskunze.com\/blog\/wp-json\/wp\/v2\/posts"}],"about":[{"href":"https:\/\/klauskunze.com\/blog\/wp-json\/wp\/v2\/types\/post"}],"author":[{"embeddable":true,"href":"https:\/\/klauskunze.com\/blog\/wp-json\/wp\/v2\/users\/1"}],"replies":[{"embeddable":true,"href":"https:\/\/klauskunze.com\/blog\/wp-json\/wp\/v2\/comments?post=844"}],"version-history":[{"count":20,"href":"https:\/\/klauskunze.com\/blog\/wp-json\/wp\/v2\/posts\/844\/revisions"}],"predecessor-version":[{"id":7185,"href":"https:\/\/klauskunze.com\/blog\/wp-json\/wp\/v2\/posts\/844\/revisions\/7185"}],"wp:featuredmedia":[{"embeddable":true,"href":"https:\/\/klauskunze.com\/blog\/wp-json\/wp\/v2\/media\/851"}],"wp:attachment":[{"href":"https:\/\/klauskunze.com\/blog\/wp-json\/wp\/v2\/media?parent=844"}],"wp:term":[{"taxonomy":"category","embeddable":true,"href":"https:\/\/klauskunze.com\/blog\/wp-json\/wp\/v2\/categories?post=844"},{"taxonomy":"post_tag","embeddable":true,"href":"https:\/\/klauskunze.com\/blog\/wp-json\/wp\/v2\/tags?post=844"}],"curies":[{"name":"wp","href":"https:\/\/api.w.org\/{rel}","templated":true}]}}