{"id":887,"date":"2019-12-15T10:12:58","date_gmt":"2019-12-15T09:12:58","guid":{"rendered":"http:\/\/klauskunze.com\/blog\/?p=887"},"modified":"2020-01-23T16:44:50","modified_gmt":"2020-01-23T15:44:50","slug":"der-banker-der-rechtsradikale-und-der-asylant","status":"publish","type":"post","link":"https:\/\/klauskunze.com\/blog\/2019\/12\/15\/der-banker-der-rechtsradikale-und-der-asylant\/","title":{"rendered":"Der Banker, der Rechtsradikale und der Asylant"},"content":{"rendered":"\n<p>Auf einer Party ri\u00df ein Ostwestfale einen Witz. Vorher fragte er in die Runde: \u201eIst einer von euch Banker?\u201c Offenbar nicht.<\/p>\n\n\n\n<blockquote class=\"wp-block-quote is-layout-flow wp-block-quote-is-layout-flow\"><p>\u201eTreffen sich ein Banker, ein Rechtsradikaler und ein Asylant. Der Banker nimmt sich heimlich alle Kekse aus der Sch\u00fcssel bis auf einen. Dann sagte er zum Rechtsradikalen: \u201aDer Asylant hat dir nur einen \u00fcbergelassen!\u2018 \u201c<\/p><\/blockquote>\n\n\n\n<p>\u201eHahaha!\u201c, freute sich der Ostwestfale. \u201eTrifft\ngenau den Punkt!\u201c<\/p>\n\n\n\n<p>Nun lache ich als K\u00f6lner sowieso die meiste Zeit, manchmal auch \u00fcber Ostwestfalen, zumal wenn sie Witze drechseln. Der Witz hier erweckt allerdings eher Traurigkeit. Nicht \u00fcber Ostwestfalen &#8211; den arbeitsamen, ruhigen und bodenst\u00e4ndigen Volksstamm inmitten seiner Kuhweiden unter der Oberhirtschaft des Paderborner Erzbischofs halte ich in allen Ehren.<\/p>\n\n\n\n<figure class=\"wp-block-image size-large\"><img loading=\"lazy\" decoding=\"async\" width=\"1024\" height=\"768\" src=\"http:\/\/klauskunze.com\/blog\/wp-content\/uploads\/2019\/12\/20191215_095233-1024x768.jpg\" alt=\"\" class=\"wp-image-888\" srcset=\"https:\/\/klauskunze.com\/blog\/wp-content\/uploads\/2019\/12\/20191215_095233-1024x768.jpg 1024w, https:\/\/klauskunze.com\/blog\/wp-content\/uploads\/2019\/12\/20191215_095233-300x225.jpg 300w, https:\/\/klauskunze.com\/blog\/wp-content\/uploads\/2019\/12\/20191215_095233-768x576.jpg 768w, https:\/\/klauskunze.com\/blog\/wp-content\/uploads\/2019\/12\/20191215_095233-1536x1152.jpg 1536w, https:\/\/klauskunze.com\/blog\/wp-content\/uploads\/2019\/12\/20191215_095233-2048x1536.jpg 2048w, https:\/\/klauskunze.com\/blog\/wp-content\/uploads\/2019\/12\/20191215_095233-900x675.jpg 900w, https:\/\/klauskunze.com\/blog\/wp-content\/uploads\/2019\/12\/20191215_095233-1280x960.jpg 1280w\" sizes=\"auto, (max-width: 1024px) 100vw, 1024px\" \/><figcaption>Der b\u00f6se Banker nimmt fast alle Kekse f\u00fcr sich.<\/figcaption><\/figure>\n\n\n\n<p>Traurig macht mich der geistige Zustand der\ndeutschen Linken, der sich in jenem sogenannten Witz idealtypisch\nkristallisiert. Es ist ein linkspopulistischer Narrativ: die Geschichte vom\nb\u00f6sen Banker, vom sozialneidischen Rechtsradikalen und einem Asylanten, der\nsowieso nichts daf\u00fcr kann. <\/p>\n\n\n\n<p>\u201eDer Punkt\u201c, den \u201eder Witz\u201c angeblich \u201egenau trifft\u201c, entspricht einem grobk\u00f6rnigen, altlinken Weltbild. Prominenter Hauptb\u00f6sewicht ist \u201eder Banker\u201c. Er ist nat\u00fcrlich diebisch und raffgierig, der Erzkapitalist, wie wir ihn aus Karikaturen der KPD und der NSdAP gut kennen. Bei letzterer trug er erg\u00e4nzend eine auff\u00e4llige Nase. Diese fehlt in der heutigen antikapitalistischen Kritik aus historischer R\u00fccksicht und Zartgef\u00fchl &#8211; meistens jedenfalls. Er beklaut das Volk und stopft sich tagein, tagaus die Taschen voll.<\/p>\n\n\n\n<p>\u201eDem Rechtsradikalen\u201c aus dem Volk l\u00e4\u00dft er nicht viel zu Bei\u00dfen und zu Brechen \u00fcbrig und so schiebt der alle Schuld auf \u201eden Asylanten\u201c. Jetzt wissen wir auch, wie sich ein Linker rechtes Denken vorstellt: Weil alles linke Denken im tiefsten emotionalen Kern in Sozialneid und entsprechendem Ha\u00df auf \u201edie Besserverdienenden\u201c wurzelt, fehlt ihm jede Phantasie, sich andere politische Motive auch nur vorzustellen. <\/p>\n\n\n\n<p>So projiziert er seinen eigenen Sozialneid in \u201eRechtsradikale\u201c hinein und meint diese aus der Warte dieser, seiner eigenen, Emotionen zu verstehen. Sein ganzes Menschenbild schichtet sich nur in gute, aber Unterprivilegierte und b\u00f6se, zu Unrecht Privilegierte. Andere Motive als sozialneidische kann er sich gar nicht vorstellen. Also, so schlie\u00dft er messerscharf, kann es nur Sozialneid sein, der \u201eRechtsradikale gegen Asylanten\u201c motiviert: Sozialneid von \u201eModernisierungsverlierern\u201c, von sozial Abgeh\u00e4ngten, von sozial Unf\u00e4higen oder sonst zu kurz Gekommenen.<\/p>\n\n\n\n<p>Dieses Deutungsmuster unterlag schon unz\u00e4hligen\nsogenannten Studien, anmoderierenden \u201eFramings\u201c und Kommentaren im\nStaatsfernsehen. Besonders gern wurde es herangezogen, um Wahlerfolge der\nAlternative in \u00f6stlichen Bundesl\u00e4ndern zu erkl\u00e4ren, wo linkes Denken viele\nMenschen vermutet, die sich sozial deklassiert f\u00fchlen. <\/p>\n\n\n\n<p>Bei allem ist \u201eder Rechtsradikale\u201c jenes Witzes nicht sein eigentlicher B\u00f6sewicht, sogar an sich gar kein B\u00f6sewicht, sondern &#8211; scheinbar &#8211; gut zu verstehen, wenn er sich am Ende &#8211; schlie\u00dflich ist er ja dumm &#8211; &nbsp;gegen \u201eden Asylanten\u201c aufhetzen l\u00e4\u00dft.<\/p>\n\n\n\n<p>Die Moral von der Geschichte mag jeder selbst in\nlinksextremen Parteiprogrammen nachlesen: Enteignet die Banken, dann werden\nalle Menschen gl\u00fccklich! <\/p>\n\n\n\n<p>Das Erschreckende an diesem \u201eWitz\u201c, der \u201egenau den Punkt trifft\u201c, ist der v\u00f6llige Verfall einstmals linker Denkstrukturen. Ich kannte noch intelligente Linke mit gro\u00dfen, vision\u00e4ren Utopien. Sie schw\u00e4rmten vom dialektischen Materialismus, dem Absterben des Staates in der klassenlosen Gesellschaft und benutzten viele schwere W\u00f6rter mit -ismus. Um so viel schwer Verdauliches wie die Werke von Marx und Engels zu verstehen, mu\u00df man erst einmal einiges an Scharfsinn aufbringen. Vom fr\u00fcheren Scharfsinn ist nur noch Stumpfsinn geblieben.<\/p>\n\n\n\n<p>Oh Herr, schenk mir doch einen geistreichen Linken, mit dem man noch so trefflich diskutieren kann wie fr\u00fcher!<\/p>\n","protected":false},"excerpt":{"rendered":"<p>Auf einer Party ri\u00df ein Ostwestfale einen Witz. Vorher fragte er in die Runde: \u201eIst einer von euch Banker?\u201c Offenbar nicht. \u201eTreffen sich ein Banker, ein Rechtsradikaler und ein Asylant. Der Banker nimmt sich heimlich alle Kekse aus der Sch\u00fcssel bis auf einen. Dann sagte er zum Rechtsradikalen: \u201aDer Asylant hat dir nur einen \u00fcbergelassen!\u2018 [&hellip;]<\/p>\n","protected":false},"author":1,"featured_media":888,"comment_status":"open","ping_status":"open","sticky":false,"template":"","format":"standard","meta":{"h5ap_radio_sources":[],"twitterCardType":"","cardImageID":0,"cardImage":"","cardTitle":"","cardDesc":"","cardImageAlt":"","cardPlayer":"","cardPlayerWidth":0,"cardPlayerHeight":0,"cardPlayerStream":"","cardPlayerCodec":"","footnotes":""},"categories":[17],"tags":[],"class_list":["post-887","post","type-post","status-publish","format-standard","has-post-thumbnail","hentry","category-politik"],"yoast_head":"<!-- This site is optimized with the Yoast SEO plugin v27.4 - https:\/\/yoast.com\/product\/yoast-seo-wordpress\/ -->\n<title>Der Banker, der Rechtsradikale und der Asylant - Klaus Kunze<\/title>\n<meta name=\"robots\" content=\"index, follow, max-snippet:-1, max-image-preview:large, max-video-preview:-1\" \/>\n<link rel=\"canonical\" href=\"https:\/\/klauskunze.com\/blog\/2019\/12\/15\/der-banker-der-rechtsradikale-und-der-asylant\/\" \/>\n<meta property=\"og:locale\" content=\"de_DE\" \/>\n<meta property=\"og:type\" content=\"article\" \/>\n<meta property=\"og:title\" content=\"Der Banker, der Rechtsradikale und der Asylant - Klaus Kunze\" \/>\n<meta property=\"og:description\" content=\"Auf einer Party ri\u00df ein Ostwestfale einen Witz. Vorher fragte er in die Runde: \u201eIst einer von euch Banker?\u201c Offenbar nicht. \u201eTreffen sich ein Banker, ein Rechtsradikaler und ein Asylant. Der Banker nimmt sich heimlich alle Kekse aus der Sch\u00fcssel bis auf einen. Dann sagte er zum Rechtsradikalen: \u201aDer Asylant hat dir nur einen \u00fcbergelassen!\u2018 [&hellip;]\" \/>\n<meta property=\"og:url\" content=\"https:\/\/klauskunze.com\/blog\/2019\/12\/15\/der-banker-der-rechtsradikale-und-der-asylant\/\" \/>\n<meta property=\"og:site_name\" content=\"Klaus Kunze\" \/>\n<meta property=\"article:published_time\" content=\"2019-12-15T09:12:58+00:00\" \/>\n<meta property=\"article:modified_time\" content=\"2020-01-23T15:44:50+00:00\" \/>\n<meta property=\"og:image\" content=\"https:\/\/klauskunze.com\/blog\/wp-content\/uploads\/2019\/12\/20191215_095233-scaled.jpg\" \/>\n\t<meta property=\"og:image:width\" content=\"2560\" \/>\n\t<meta property=\"og:image:height\" content=\"1920\" \/>\n\t<meta property=\"og:image:type\" content=\"image\/jpeg\" \/>\n<meta name=\"author\" content=\"Klaus Kunze\" \/>\n<meta name=\"twitter:label1\" content=\"Verfasst von\" \/>\n\t<meta name=\"twitter:data1\" content=\"Klaus Kunze\" \/>\n\t<meta name=\"twitter:label2\" content=\"Gesch\u00e4tzte Lesezeit\" \/>\n\t<meta name=\"twitter:data2\" content=\"3\u00a0Minuten\" \/>\n<script type=\"application\/ld+json\" class=\"yoast-schema-graph\">{\"@context\":\"https:\\\/\\\/schema.org\",\"@graph\":[{\"@type\":\"Article\",\"@id\":\"https:\\\/\\\/klauskunze.com\\\/blog\\\/2019\\\/12\\\/15\\\/der-banker-der-rechtsradikale-und-der-asylant\\\/#article\",\"isPartOf\":{\"@id\":\"https:\\\/\\\/klauskunze.com\\\/blog\\\/2019\\\/12\\\/15\\\/der-banker-der-rechtsradikale-und-der-asylant\\\/\"},\"author\":{\"name\":\"Klaus Kunze\",\"@id\":\"https:\\\/\\\/klauskunze.com\\\/blog\\\/#\\\/schema\\\/person\\\/9c091cf30ab68b897db6a517e3c3b11b\"},\"headline\":\"Der Banker, der Rechtsradikale und der Asylant\",\"datePublished\":\"2019-12-15T09:12:58+00:00\",\"dateModified\":\"2020-01-23T15:44:50+00:00\",\"mainEntityOfPage\":{\"@id\":\"https:\\\/\\\/klauskunze.com\\\/blog\\\/2019\\\/12\\\/15\\\/der-banker-der-rechtsradikale-und-der-asylant\\\/\"},\"wordCount\":608,\"commentCount\":1,\"publisher\":{\"@id\":\"https:\\\/\\\/klauskunze.com\\\/blog\\\/#\\\/schema\\\/person\\\/9c091cf30ab68b897db6a517e3c3b11b\"},\"image\":{\"@id\":\"https:\\\/\\\/klauskunze.com\\\/blog\\\/2019\\\/12\\\/15\\\/der-banker-der-rechtsradikale-und-der-asylant\\\/#primaryimage\"},\"thumbnailUrl\":\"https:\\\/\\\/klauskunze.com\\\/blog\\\/wp-content\\\/uploads\\\/2019\\\/12\\\/20191215_095233-scaled.jpg\",\"articleSection\":[\"Politik\"],\"inLanguage\":\"de\",\"potentialAction\":[{\"@type\":\"CommentAction\",\"name\":\"Comment\",\"target\":[\"https:\\\/\\\/klauskunze.com\\\/blog\\\/2019\\\/12\\\/15\\\/der-banker-der-rechtsradikale-und-der-asylant\\\/#respond\"]}]},{\"@type\":\"WebPage\",\"@id\":\"https:\\\/\\\/klauskunze.com\\\/blog\\\/2019\\\/12\\\/15\\\/der-banker-der-rechtsradikale-und-der-asylant\\\/\",\"url\":\"https:\\\/\\\/klauskunze.com\\\/blog\\\/2019\\\/12\\\/15\\\/der-banker-der-rechtsradikale-und-der-asylant\\\/\",\"name\":\"Der Banker, der Rechtsradikale und der Asylant - Klaus Kunze\",\"isPartOf\":{\"@id\":\"https:\\\/\\\/klauskunze.com\\\/blog\\\/#website\"},\"primaryImageOfPage\":{\"@id\":\"https:\\\/\\\/klauskunze.com\\\/blog\\\/2019\\\/12\\\/15\\\/der-banker-der-rechtsradikale-und-der-asylant\\\/#primaryimage\"},\"image\":{\"@id\":\"https:\\\/\\\/klauskunze.com\\\/blog\\\/2019\\\/12\\\/15\\\/der-banker-der-rechtsradikale-und-der-asylant\\\/#primaryimage\"},\"thumbnailUrl\":\"https:\\\/\\\/klauskunze.com\\\/blog\\\/wp-content\\\/uploads\\\/2019\\\/12\\\/20191215_095233-scaled.jpg\",\"datePublished\":\"2019-12-15T09:12:58+00:00\",\"dateModified\":\"2020-01-23T15:44:50+00:00\",\"breadcrumb\":{\"@id\":\"https:\\\/\\\/klauskunze.com\\\/blog\\\/2019\\\/12\\\/15\\\/der-banker-der-rechtsradikale-und-der-asylant\\\/#breadcrumb\"},\"inLanguage\":\"de\",\"potentialAction\":[{\"@type\":\"ReadAction\",\"target\":[\"https:\\\/\\\/klauskunze.com\\\/blog\\\/2019\\\/12\\\/15\\\/der-banker-der-rechtsradikale-und-der-asylant\\\/\"]}]},{\"@type\":\"ImageObject\",\"inLanguage\":\"de\",\"@id\":\"https:\\\/\\\/klauskunze.com\\\/blog\\\/2019\\\/12\\\/15\\\/der-banker-der-rechtsradikale-und-der-asylant\\\/#primaryimage\",\"url\":\"https:\\\/\\\/klauskunze.com\\\/blog\\\/wp-content\\\/uploads\\\/2019\\\/12\\\/20191215_095233-scaled.jpg\",\"contentUrl\":\"https:\\\/\\\/klauskunze.com\\\/blog\\\/wp-content\\\/uploads\\\/2019\\\/12\\\/20191215_095233-scaled.jpg\",\"width\":2560,\"height\":1920},{\"@type\":\"BreadcrumbList\",\"@id\":\"https:\\\/\\\/klauskunze.com\\\/blog\\\/2019\\\/12\\\/15\\\/der-banker-der-rechtsradikale-und-der-asylant\\\/#breadcrumb\",\"itemListElement\":[{\"@type\":\"ListItem\",\"position\":1,\"name\":\"Startseite\",\"item\":\"https:\\\/\\\/klauskunze.com\\\/blog\\\/\"},{\"@type\":\"ListItem\",\"position\":2,\"name\":\"Der Banker, der Rechtsradikale und der Asylant\"}]},{\"@type\":\"WebSite\",\"@id\":\"https:\\\/\\\/klauskunze.com\\\/blog\\\/#website\",\"url\":\"https:\\\/\\\/klauskunze.com\\\/blog\\\/\",\"name\":\"Klaus Kunze\",\"description\":\"Blog\",\"publisher\":{\"@id\":\"https:\\\/\\\/klauskunze.com\\\/blog\\\/#\\\/schema\\\/person\\\/9c091cf30ab68b897db6a517e3c3b11b\"},\"potentialAction\":[{\"@type\":\"SearchAction\",\"target\":{\"@type\":\"EntryPoint\",\"urlTemplate\":\"https:\\\/\\\/klauskunze.com\\\/blog\\\/?s={search_term_string}\"},\"query-input\":{\"@type\":\"PropertyValueSpecification\",\"valueRequired\":true,\"valueName\":\"search_term_string\"}}],\"inLanguage\":\"de\"},{\"@type\":[\"Person\",\"Organization\"],\"@id\":\"https:\\\/\\\/klauskunze.com\\\/blog\\\/#\\\/schema\\\/person\\\/9c091cf30ab68b897db6a517e3c3b11b\",\"name\":\"Klaus Kunze\",\"image\":{\"@type\":\"ImageObject\",\"inLanguage\":\"de\",\"@id\":\"https:\\\/\\\/secure.gravatar.com\\\/avatar\\\/5cd83cadbada9c331a79952fcca177ed3d3be4c7ad3239b9d934bf84adff15dd?s=96&d=blank&r=g\",\"url\":\"https:\\\/\\\/secure.gravatar.com\\\/avatar\\\/5cd83cadbada9c331a79952fcca177ed3d3be4c7ad3239b9d934bf84adff15dd?s=96&d=blank&r=g\",\"contentUrl\":\"https:\\\/\\\/secure.gravatar.com\\\/avatar\\\/5cd83cadbada9c331a79952fcca177ed3d3be4c7ad3239b9d934bf84adff15dd?s=96&d=blank&r=g\",\"caption\":\"Klaus Kunze\"},\"logo\":{\"@id\":\"https:\\\/\\\/secure.gravatar.com\\\/avatar\\\/5cd83cadbada9c331a79952fcca177ed3d3be4c7ad3239b9d934bf84adff15dd?s=96&d=blank&r=g\"},\"sameAs\":[\"http:\\\/\\\/KlausKunze.com\",\"https:\\\/\\\/x.com\\\/https:\\\/\\\/twitter.com\\\/KlausKunze3\"]}]}<\/script>\n<!-- \/ Yoast SEO plugin. -->","yoast_head_json":{"title":"Der Banker, der Rechtsradikale und der Asylant - Klaus Kunze","robots":{"index":"index","follow":"follow","max-snippet":"max-snippet:-1","max-image-preview":"max-image-preview:large","max-video-preview":"max-video-preview:-1"},"canonical":"https:\/\/klauskunze.com\/blog\/2019\/12\/15\/der-banker-der-rechtsradikale-und-der-asylant\/","og_locale":"de_DE","og_type":"article","og_title":"Der Banker, der Rechtsradikale und der Asylant - Klaus Kunze","og_description":"Auf einer Party ri\u00df ein Ostwestfale einen Witz. Vorher fragte er in die Runde: \u201eIst einer von euch Banker?\u201c Offenbar nicht. \u201eTreffen sich ein Banker, ein Rechtsradikaler und ein Asylant. Der Banker nimmt sich heimlich alle Kekse aus der Sch\u00fcssel bis auf einen. Dann sagte er zum Rechtsradikalen: \u201aDer Asylant hat dir nur einen \u00fcbergelassen!\u2018 [&hellip;]","og_url":"https:\/\/klauskunze.com\/blog\/2019\/12\/15\/der-banker-der-rechtsradikale-und-der-asylant\/","og_site_name":"Klaus Kunze","article_published_time":"2019-12-15T09:12:58+00:00","article_modified_time":"2020-01-23T15:44:50+00:00","og_image":[{"width":2560,"height":1920,"url":"https:\/\/klauskunze.com\/blog\/wp-content\/uploads\/2019\/12\/20191215_095233-scaled.jpg","type":"image\/jpeg"}],"author":"Klaus Kunze","twitter_misc":{"Verfasst von":"Klaus Kunze","Gesch\u00e4tzte Lesezeit":"3\u00a0Minuten"},"schema":{"@context":"https:\/\/schema.org","@graph":[{"@type":"Article","@id":"https:\/\/klauskunze.com\/blog\/2019\/12\/15\/der-banker-der-rechtsradikale-und-der-asylant\/#article","isPartOf":{"@id":"https:\/\/klauskunze.com\/blog\/2019\/12\/15\/der-banker-der-rechtsradikale-und-der-asylant\/"},"author":{"name":"Klaus Kunze","@id":"https:\/\/klauskunze.com\/blog\/#\/schema\/person\/9c091cf30ab68b897db6a517e3c3b11b"},"headline":"Der Banker, der Rechtsradikale und der Asylant","datePublished":"2019-12-15T09:12:58+00:00","dateModified":"2020-01-23T15:44:50+00:00","mainEntityOfPage":{"@id":"https:\/\/klauskunze.com\/blog\/2019\/12\/15\/der-banker-der-rechtsradikale-und-der-asylant\/"},"wordCount":608,"commentCount":1,"publisher":{"@id":"https:\/\/klauskunze.com\/blog\/#\/schema\/person\/9c091cf30ab68b897db6a517e3c3b11b"},"image":{"@id":"https:\/\/klauskunze.com\/blog\/2019\/12\/15\/der-banker-der-rechtsradikale-und-der-asylant\/#primaryimage"},"thumbnailUrl":"https:\/\/klauskunze.com\/blog\/wp-content\/uploads\/2019\/12\/20191215_095233-scaled.jpg","articleSection":["Politik"],"inLanguage":"de","potentialAction":[{"@type":"CommentAction","name":"Comment","target":["https:\/\/klauskunze.com\/blog\/2019\/12\/15\/der-banker-der-rechtsradikale-und-der-asylant\/#respond"]}]},{"@type":"WebPage","@id":"https:\/\/klauskunze.com\/blog\/2019\/12\/15\/der-banker-der-rechtsradikale-und-der-asylant\/","url":"https:\/\/klauskunze.com\/blog\/2019\/12\/15\/der-banker-der-rechtsradikale-und-der-asylant\/","name":"Der Banker, der Rechtsradikale und der Asylant - Klaus Kunze","isPartOf":{"@id":"https:\/\/klauskunze.com\/blog\/#website"},"primaryImageOfPage":{"@id":"https:\/\/klauskunze.com\/blog\/2019\/12\/15\/der-banker-der-rechtsradikale-und-der-asylant\/#primaryimage"},"image":{"@id":"https:\/\/klauskunze.com\/blog\/2019\/12\/15\/der-banker-der-rechtsradikale-und-der-asylant\/#primaryimage"},"thumbnailUrl":"https:\/\/klauskunze.com\/blog\/wp-content\/uploads\/2019\/12\/20191215_095233-scaled.jpg","datePublished":"2019-12-15T09:12:58+00:00","dateModified":"2020-01-23T15:44:50+00:00","breadcrumb":{"@id":"https:\/\/klauskunze.com\/blog\/2019\/12\/15\/der-banker-der-rechtsradikale-und-der-asylant\/#breadcrumb"},"inLanguage":"de","potentialAction":[{"@type":"ReadAction","target":["https:\/\/klauskunze.com\/blog\/2019\/12\/15\/der-banker-der-rechtsradikale-und-der-asylant\/"]}]},{"@type":"ImageObject","inLanguage":"de","@id":"https:\/\/klauskunze.com\/blog\/2019\/12\/15\/der-banker-der-rechtsradikale-und-der-asylant\/#primaryimage","url":"https:\/\/klauskunze.com\/blog\/wp-content\/uploads\/2019\/12\/20191215_095233-scaled.jpg","contentUrl":"https:\/\/klauskunze.com\/blog\/wp-content\/uploads\/2019\/12\/20191215_095233-scaled.jpg","width":2560,"height":1920},{"@type":"BreadcrumbList","@id":"https:\/\/klauskunze.com\/blog\/2019\/12\/15\/der-banker-der-rechtsradikale-und-der-asylant\/#breadcrumb","itemListElement":[{"@type":"ListItem","position":1,"name":"Startseite","item":"https:\/\/klauskunze.com\/blog\/"},{"@type":"ListItem","position":2,"name":"Der Banker, der Rechtsradikale und der Asylant"}]},{"@type":"WebSite","@id":"https:\/\/klauskunze.com\/blog\/#website","url":"https:\/\/klauskunze.com\/blog\/","name":"Klaus Kunze","description":"Blog","publisher":{"@id":"https:\/\/klauskunze.com\/blog\/#\/schema\/person\/9c091cf30ab68b897db6a517e3c3b11b"},"potentialAction":[{"@type":"SearchAction","target":{"@type":"EntryPoint","urlTemplate":"https:\/\/klauskunze.com\/blog\/?s={search_term_string}"},"query-input":{"@type":"PropertyValueSpecification","valueRequired":true,"valueName":"search_term_string"}}],"inLanguage":"de"},{"@type":["Person","Organization"],"@id":"https:\/\/klauskunze.com\/blog\/#\/schema\/person\/9c091cf30ab68b897db6a517e3c3b11b","name":"Klaus Kunze","image":{"@type":"ImageObject","inLanguage":"de","@id":"https:\/\/secure.gravatar.com\/avatar\/5cd83cadbada9c331a79952fcca177ed3d3be4c7ad3239b9d934bf84adff15dd?s=96&d=blank&r=g","url":"https:\/\/secure.gravatar.com\/avatar\/5cd83cadbada9c331a79952fcca177ed3d3be4c7ad3239b9d934bf84adff15dd?s=96&d=blank&r=g","contentUrl":"https:\/\/secure.gravatar.com\/avatar\/5cd83cadbada9c331a79952fcca177ed3d3be4c7ad3239b9d934bf84adff15dd?s=96&d=blank&r=g","caption":"Klaus Kunze"},"logo":{"@id":"https:\/\/secure.gravatar.com\/avatar\/5cd83cadbada9c331a79952fcca177ed3d3be4c7ad3239b9d934bf84adff15dd?s=96&d=blank&r=g"},"sameAs":["http:\/\/KlausKunze.com","https:\/\/x.com\/https:\/\/twitter.com\/KlausKunze3"]}]}},"post_mailing_queue_ids":[],"_links":{"self":[{"href":"https:\/\/klauskunze.com\/blog\/wp-json\/wp\/v2\/posts\/887","targetHints":{"allow":["GET"]}}],"collection":[{"href":"https:\/\/klauskunze.com\/blog\/wp-json\/wp\/v2\/posts"}],"about":[{"href":"https:\/\/klauskunze.com\/blog\/wp-json\/wp\/v2\/types\/post"}],"author":[{"embeddable":true,"href":"https:\/\/klauskunze.com\/blog\/wp-json\/wp\/v2\/users\/1"}],"replies":[{"embeddable":true,"href":"https:\/\/klauskunze.com\/blog\/wp-json\/wp\/v2\/comments?post=887"}],"version-history":[{"count":7,"href":"https:\/\/klauskunze.com\/blog\/wp-json\/wp\/v2\/posts\/887\/revisions"}],"predecessor-version":[{"id":1354,"href":"https:\/\/klauskunze.com\/blog\/wp-json\/wp\/v2\/posts\/887\/revisions\/1354"}],"wp:featuredmedia":[{"embeddable":true,"href":"https:\/\/klauskunze.com\/blog\/wp-json\/wp\/v2\/media\/888"}],"wp:attachment":[{"href":"https:\/\/klauskunze.com\/blog\/wp-json\/wp\/v2\/media?parent=887"}],"wp:term":[{"taxonomy":"category","embeddable":true,"href":"https:\/\/klauskunze.com\/blog\/wp-json\/wp\/v2\/categories?post=887"},{"taxonomy":"post_tag","embeddable":true,"href":"https:\/\/klauskunze.com\/blog\/wp-json\/wp\/v2\/tags?post=887"}],"curies":[{"name":"wp","href":"https:\/\/api.w.org\/{rel}","templated":true}]}}