{"id":984,"date":"2019-12-21T17:53:54","date_gmt":"2019-12-21T16:53:54","guid":{"rendered":"http:\/\/klauskunze.com\/blog\/?p=984"},"modified":"2019-12-22T09:51:37","modified_gmt":"2019-12-22T08:51:37","slug":"die-sache-mit-dem-neger","status":"publish","type":"post","link":"https:\/\/klauskunze.com\/blog\/2019\/12\/21\/die-sache-mit-dem-neger\/","title":{"rendered":"Die Sache mit dem Neger"},"content":{"rendered":"\n<p>Wer die Sprache regelt, lenkt das Denken. Das wu\u00dfte schon George Orwell. Er lebte in der Zeit des Totalitarismus. Stalinistische und nationalsozialistische Herrschaftstechniken suchten Worte aus dem allgemeinen Sprachgebrauch zu verdr\u00e4ngen und dadurch das Bewu\u00dftsein zu ver\u00e4ndern. In Orwells weltber\u00fchmten Klassiker \u201e1984\u201c m\u00fcssen die Menschen \u201eNeusprech\u201c benutzen. Es gibt vorgeschriebene und verbotene Worte.<\/p>\n\n\n\n<p>Auch Hunde k\u00f6nnen denken, wenngleich nicht begrifflich. Wir Menschen verm\u00f6gen uns durch abstrakte Symbole ausdr\u00fccken: als Worte und Begriffe stehen  sie f\u00fcr eine Sache. Jeder sprachliche Begriff beinhaltet zugleich eine bestimmte Denkweise. Ohne das jeweils passende Wort k\u00f6nnen wir einen bestimmten Gedanken gar nicht denken und ein ein Gef\u00fchl nicht mehr nachempfinden, das uns jemand durch ein Wort nahebringen m\u00f6chte.<\/p>\n\n\n\n<blockquote class=\"wp-block-quote is-layout-flow wp-block-quote-is-layout-flow\"><p>In vielen Sprachen gibt es W\u00f6rter f\u00fcr Emotionen, die sich nur schwer in eine andere Sprache \u00fcbersetzen lassen. So bezeichnet etwa der portugiesische Begriff \u00bbsaudade\u00ab ein Gef\u00fchl der tiefen Melancholie, das durch das Verlangen nach etwas entsteht, was abwesend oder verloren ist. Auf Deutsch w\u00fcrde man dazu am ehesten \u00bbSehnsucht\u00ab sagen, was wiederum ebenfalls keine genaue Entsprechung im Englischen hat.<\/p><cite><a href=\"https:\/\/www.spektrum.de\/news\/andere-sprachen-andere-gefuehle\/1694338\"> Daniela Zeibig, Andere Sprache, andere Gef\u00fchle <\/a>, Spektrum vom 19.12.2019<\/cite><\/blockquote>\n\n\n\n<p>&nbsp;Wer das\nDenken seiner Untertanen manipulieren will, mu\u00df bei ihrer Sprache anfangen. Im\n3. Reich gab es viele offizielle Euphemismen. Sie sollten verhindern, da\u00df bestimmte\nWorte ausgesprochen wurden, weil niemand den Inhalt dieser Worte denken sollte.\nAus dem R\u00fcckzug der Truppe im Krieg wurde eine harmlose Frontbegradigung, aus\nder Massenvernichtung eine harmlose Endl\u00f6sung.<\/p>\n\n\n\n<figure class=\"wp-block-image alignwide size-large\"><img loading=\"lazy\" decoding=\"async\" width=\"461\" height=\"528\" src=\"http:\/\/klauskunze.com\/blog\/wp-content\/uploads\/2019\/12\/Francisca_Christina_of_the_Palatinate-Sulzbach._Princess-Abbess_of_Essen_and_Thorn.jpg\" alt=\"\" class=\"wp-image-990\" srcset=\"https:\/\/klauskunze.com\/blog\/wp-content\/uploads\/2019\/12\/Francisca_Christina_of_the_Palatinate-Sulzbach._Princess-Abbess_of_Essen_and_Thorn.jpg 461w, https:\/\/klauskunze.com\/blog\/wp-content\/uploads\/2019\/12\/Francisca_Christina_of_the_Palatinate-Sulzbach._Princess-Abbess_of_Essen_and_Thorn-262x300.jpg 262w\" sizes=\"auto, (max-width: 461px) 100vw, 461px\" \/><figcaption><a href=\"https:\/\/upload.wikimedia.org\/wikipedia\/commons\/5\/51\/Francisca_Christina_of_the_Palatinate-Sulzbach._Princess-Abbess_of_Essen_and_Thorn.jpg\">Ignatius Fortuna war Kammermohr von  Franziska Christine von Pfalz-Sulzbach <\/a><br>Das Wort Neger wurde im 17. Jahrhundert aus dem franz\u00f6sischen n\u00e8gre entlehnt.<\/figcaption><\/figure>\n\n\n\n<p>Darum sind begriffliche Positionen auch heute ein hei\u00df umk\u00e4mpfter Bereich der politischen Auseinandersetzung. Ich erinnere mich gut, wie der Ausl\u00e4nder meiner Kindheit zum Gastarbeiter wurde. Sp\u00e4ter mutierte er, gern auch ohne deutschen Pa\u00df und B\u00fcrgerstatus, zum ausl\u00e4ndischen Mitb\u00fcrger. Als das wieder nicht mehr pa\u00dfte, hie\u00dfen illegale Einwanderer pl\u00f6tzlich auch dann Fl\u00fcchtlinge, wenn sie nirgends geflohen waren. Nach dem Ende der Nahostkriege, werden sie pl\u00f6tzlich Migranten genannt. Immer geht es darum, mit der Verwendung des Begriffs eine positive Assoziation zu wecken und eine abwehrende zu vermeiden. Der fr\u00fchere Propagandaminister w\u00e4re stolz auf seine Epigonen.<\/p>\n\n\n\n<div class=\"wp-block-image\"><figure class=\"alignright size-large\"><img loading=\"lazy\" decoding=\"async\" width=\"675\" height=\"1024\" src=\"http:\/\/klauskunze.com\/blog\/wp-content\/uploads\/2019\/12\/20191222_094416-675x1024.jpg\" alt=\"\" class=\"wp-image-1001\" srcset=\"https:\/\/klauskunze.com\/blog\/wp-content\/uploads\/2019\/12\/20191222_094416-675x1024.jpg 675w, https:\/\/klauskunze.com\/blog\/wp-content\/uploads\/2019\/12\/20191222_094416-198x300.jpg 198w, https:\/\/klauskunze.com\/blog\/wp-content\/uploads\/2019\/12\/20191222_094416-768x1165.jpg 768w, https:\/\/klauskunze.com\/blog\/wp-content\/uploads\/2019\/12\/20191222_094416-1012x1536.jpg 1012w, https:\/\/klauskunze.com\/blog\/wp-content\/uploads\/2019\/12\/20191222_094416-1350x2048.jpg 1350w, https:\/\/klauskunze.com\/blog\/wp-content\/uploads\/2019\/12\/20191222_094416-900x1366.jpg 900w, https:\/\/klauskunze.com\/blog\/wp-content\/uploads\/2019\/12\/20191222_094416-1280x1942.jpg 1280w, https:\/\/klauskunze.com\/blog\/wp-content\/uploads\/2019\/12\/20191222_094416-scaled.jpg 1687w\" sizes=\"auto, (max-width: 675px) 100vw, 675px\" \/><\/figure><\/div>\n\n\n\n<p>Auf der anderen Seite sollen bestimmte Vorstellungen aus dem Denken verschwinden, weshalb man die Bezeichnungen f\u00fcr bestimmte Worte verbieten will. Wer etwas nicht mehr auf den Begriff zu bringen vermag, kann es noch nicht einmal mehr denken. Schon der blo\u00dfe Gedanke an etwas Verbotenes &#8211; das Gedankenverbrechen &#8211; wird dem Unterworfenen unm\u00f6glich. <\/p>\n\n\n\n<blockquote class=\"wp-block-quote is-layout-flow wp-block-quote-is-layout-flow\"><p>Siehst du denn nicht, da\u00df die Neusprache kein anderes Ziel hat, als die Reichweite des Gedankens zu verk\u00fcrzen? Zum Schlu\u00df werden wir Gedankenverbrechen buchst\u00e4blich unm\u00f6glich gemacht haben, da es keine Worte mehr gibt, in denen man sie ausdr\u00fccken k\u00f6nnte.<\/p><cite>George Orwell, Neunzehnhundertvierundachtzig, Z\u00fcrich 1950, zitiert nach der 13.Aufl.1964, S.50<\/cite><\/blockquote>\n\n\n\n<p>Eines der bekanntesten Beispiele daf\u00fcr bildet das Wort Neger. Als ich im evangelischen Kindergarten das Lied von den \u201eZehn kleinen Negerlein\u201c lernte, dachte sich dabei kein Mensch irgend etwas Schlimmes. Im Roman \u201eTom Sawyer\u201c von Mark Twain las ich irgendwann, da\u00df es f\u00fcr Neger in den USA auch das abwertende Schimpfwort Nigger gibt. Mein Lateinlehrer erg\u00e4nzte meine Kenntnisse durch die Vokabel niger &#8211; schwarz. Meine begriffliche Welt schien mir damit vern\u00fcnftig sortiert zu sein.<\/p>\n\n\n\n<p>In den USA beginnend und schlie\u00dflich auch in Deutschland fanden viele, meistens Wei\u00dfe, es irgendwann diskriminierend, einen Neger als einen Neger zu bezeichnen. Ich habe nie verstanden, was schlimm daran sein soll, ein Neger zu sein. Aber aus ideologischer Warte einer in bestimmter Weise gemeinten Gleichheitsforderung schien die Verwendung von Worten wie Neger, Wei\u00dfer und dergleichen der Behauptung zu widersprechen, alle Menschen seien nicht nur in ihrem Menschsein gleich, sondern faktisch v\u00f6llig gleich. Der Begriff Neger mu\u00dfte darum fallen, und mit ihm alle Negerk\u00fcsse &#8211; und die Mohren-Apotheken vorsichtshalber gleich hinterdrein.<\/p>\n\n\n\n<p>Heute wissen die meisten Leute nicht mehr genau, ob man noch Neger sagen darf oder nicht. Schwierig k\u00f6nnte es zum Beispiel werden, wenn ein Zeuge vor Gericht aussagen soll. Er mu\u00df die Wahrheit sagen! Nehmen wir den Fall, wie er beobachtet hat, wie ein hilfsbereiter Neger das am Boden liegende Opfer vor den Tritten von Angreifern sch\u00fctzte. Dessen Namen kennt er nat\u00fcrlich nicht. Sagt er in seiner Verlegenheit, der Retter sei ein Afrikaner gewesen sein, w\u00e4re das schon eine Falschaussage. Ein Zeuge darf nicht fabulieren und nichts dazuerfinden. Der Retter k\u00f6nnte n\u00e4mlich in Wahrheit auch ein dunkelh\u00e4utiger US-Soldat gewesen sein. <\/p>\n\n\n\n<p>Aber auch \u201eDunkelh\u00e4utiger\u201c k\u00f6nnte den Richter irref\u00fchren, weil es auch braungebrannte Wei\u00dfe und dunkelh\u00e4uige S\u00fcdasiaten gibt. Wie also soll er wahrheitsgem\u00e4\u00df die Tatsache bezeugen, da\u00df der nette Retter nun einmal ein Neger war? Es gibt kein passendes Ersatzwort daf\u00fcr in der deutschen Sprache. Begriffe wie Schwarzer oder Farbiger k\u00f6nnten ihrerseits als beleidigende Verh\u00f6hnung empfunden werden. Ich habe au\u00dfer im Karneval noch nie einen &#8222;Farbigen&#8220; gesehen. In den USA hat man das schon bemerkt, wo der dumme Begriff \u201eFarbiger\u201c inzwischen als \u201einkorrekt\u201c gilt.<\/p>\n\n\n\n<p>Wie jedes Wort kann man auch das Wort Neger in\nbeleidigendem Zusammenhang verwenden. Das Amtsgericht G\u00f6ttingen sah es als\nstrafbare Beleidigung an, jemandem zu sagen: \u201eHau ab, du Neger, sonst hole ich\ndie NPD!\u201c Es ist immer der Ton, der die Musik macht.<\/p>\n\n\n\n<p>Das Landesverfassungsgericht Mecklenburg-Vorpommern urteilte am 19.12.2019 \u00fcber einen Fall, in dem ein Abgeordneter das Wort Neger mehrfach im Plenum benutzt hatte. Er erhielt daf\u00fcr einen Ordnungsruf von einer Linken-Politikerin, welche die Sitzung leitete. Dieser Ordnungsruf verstie\u00df aber gegen die Landesverfassung.<\/p>\n\n\n\n<blockquote class=\"wp-block-quote is-layout-flow wp-block-quote-is-layout-flow\"><p>&#8222;Unabh\u00e4ngig von dem konkreten Zusammenhang, in dem ein Wort verwendet wird, kann es allenfalls dann mit einem Ordnungsruf beanstandet werden, wenn es in keinem denkbaren Zusammenhang geeignet w\u00e4re, etwas zur inhaltlichen Auseinandersetzung beizutragen oder in den Kontext einer inhaltlichen Stellungnahme eingebettet zu werden, wenn es also ausschlie\u00dflich der Provokation oder der Herabw\u00fcrdigung anderer dienen kann.&#8220;<\/p><cite> <a href=\"https:\/\/www.mv-justiz.de\/static\/MVJ\/Gerichte\/Landesverfassungsgericht\/Entscheidungen\/2019\/1%20-%2019%20Urteil%2019.12.2019.pdf\">LVerfG M.-V. Urteil vom 19.12.2019 -LVerfG 1\/19-<\/a> <\/cite><\/blockquote>\n\n\n\n<p>Der Ordnungsruf der Linken hatte die Verwendung des\nWortes ger\u00fcgt, die schon f\u00fcr sich genommen unzul\u00e4ssig sei:<\/p>\n\n\n\n<blockquote class=\"wp-block-quote is-layout-flow wp-block-quote-is-layout-flow\"><p>Der nachtr\u00e4glich erteilte Ordnungsruf r\u00fcgt nach seinem Wortlaut die Verwendung des Wortes \u201eNeger\u201c allgemein und unabh\u00e4ngig vom Zusammenhang. Die Vizepr\u00e4sidentin h\u00e4lt dem Antragsteller mit dem Ordnungsruf vor, dass er ein Wort benutzt habe, das von der Gesellschaft als Schimpfwort und als abwertende Bezeichnung f\u00fcr Menschen mit dunkler Hautfarbe verstanden werde. Dagegen kn\u00fcpft sie nicht an die konkreten \u00c4u\u00dferungen des Antragstellers an. Sie geht insbesondere nicht der Frage nach, welchen vollst\u00e4ndigen Inhalt der erste den Begriff \u201eNeger\u201c verwendende Zwischenruf des Antragstellers hatte, der entweder inhaltlich unvollst\u00e4ndig war oder nur unvollst\u00e4ndig verstanden und protokolliert worden ist. Vielmehr erteilt sie f\u00fcr die mehrfache Verwendung des Wortes \u201eNeger\u201c pauschal einen Ordnungsruf, ohne n\u00e4her zu differenzieren. Der Ordnungsruf erfa\u00dft damit auch die \u00c4u\u00dferung, in der er das Wort \u201eNeger\u201c verwendet hat, um zu erkl\u00e4ren, dass er der Auffassung sei, dieses Wort verwenden zu d\u00fcrfen. Beanstandet werden nicht einzelne, in ihren Zusammenh\u00e4ngen durchaus unterschiedliche \u00c4u\u00dferungen; vielmehr richtet sich der Ordnungsruf ausdr\u00fccklich nur gegen die Verwendung des Wortes selbst.<\/p><cite>  <a href=\"https:\/\/www.mv-justiz.de\/static\/MVJ\/Gerichte\/Landesverfassungsgericht\/Entscheidungen\/2019\/1%20-%2019%20Urteil%2019.12.2019.pdf\">LVerfG M.-V. Urteil vom 19.12.2019 -LVerfG 1\/19-<\/a>  <\/cite><\/blockquote>\n\n\n\n<p>Die Greifswalder Verfassungsrichter meinten zwar,\ndie Verwendung des Wortes Neger geschehe heute in der Regel abwertend.<\/p>\n\n\n\n<blockquote class=\"wp-block-quote is-layout-flow wp-block-quote-is-layout-flow\"><p>Das Wort \u201eNeger\u201c wird von dieser \u00dcberlegung nicht erfa\u00dft. Es wird zwar nach heutigem Sprachgebrauch in der Regel als abwertend verstanden (vgl. OLG K\u00f6ln, Urt. v. 19.01.2010 \u2013 24 U 51\/09 \u2013 juris Rn. 15; LG Karlsruhe, Beschl. v. 20.07.2016 \u2013 4 Qs 25\/16 \u2013 juris Rn. 16). Ob es tats\u00e4chlich abwertend gemeint ist, kann jedoch nur aus dem Zusammenhang beurteilt werden. Das Wort kann zitierend oder ironisch verwendet werden, oder es kann benutzt werden, um \u00fcber das Wort, seine Verwendung und seine Verwendbarkeit zu sprechen (vgl. OLG Brandenburg, Beschlu\u00df vom 1.10.2018 \u2013 1 W 41\/18 \u2013 bei juris). Es kann dann geeignet sein, zur inhaltlichen Auseinandersetzung beizutragen. Wenn ein Abgeordneter in einem solchen Zusammenhang \u2013 also etwa im Rahmen einer Diskussion \u00fcber \u201epolitische Korrektheit\u201c, \u00fcber \u201eSprache, Diskriminierung und Rassismus\u201c oder \u00e4hnliches \u2013 von der Verwendbarkeit des Wortes \u201eNeger\u201c, von einem Bedeutungswandel des Wortes und dessen Ursachen spricht, so kann er das Wort selbst benutzen, anstatt es zu umschreiben. Die Verwendung des Wortes kann in einem solchen Kontext nicht ohne weiteres als blo\u00dfe Provokation oder Herabw\u00fcrdigung aufgefa\u00dft werden; sie kann vielmehr Bestandteil einer inhaltlichen Stellungnahme sein.<\/p><cite>  <a href=\"https:\/\/www.mv-justiz.de\/static\/MVJ\/Gerichte\/Landesverfassungsgericht\/Entscheidungen\/2019\/1%20-%2019%20Urteil%2019.12.2019.pdf\">LVerfG M.-V. Urteil vom 19.12.2019 -LVerfG 1\/19-<\/a>  <\/cite><\/blockquote>\n\n\n\n<p>Damit ist gekl\u00e4rt, da\u00df das Wort Neger &#8211; ebenso wie\nandere, eine Tatsache ausdr\u00fcckende Begriffe, nicht verboten sind und nicht\nverboten werden k\u00f6nnen. Auf einem anderen Blatt steht, da\u00df der Grat zur\nVolksverhetzung \u00e4u\u00dferst schmal ist, wenn man Negern als Teil der Bev\u00f6lkerung\npauschal negative Eigenschaften zuschreibt. Wer das wagt, beginnt einen\njuristischen Spie\u00dfrutenlauf.<\/p>\n","protected":false},"excerpt":{"rendered":"<p>Wer die Sprache regelt, lenkt das Denken. Das wu\u00dfte schon George Orwell. Er lebte in der Zeit des Totalitarismus. Stalinistische und nationalsozialistische Herrschaftstechniken suchten Worte aus dem allgemeinen Sprachgebrauch zu verdr\u00e4ngen und dadurch das Bewu\u00dftsein zu ver\u00e4ndern. In Orwells weltber\u00fchmten Klassiker \u201e1984\u201c m\u00fcssen die Menschen \u201eNeusprech\u201c benutzen. Es gibt vorgeschriebene und verbotene Worte. Auch Hunde [&hellip;]<\/p>\n","protected":false},"author":1,"featured_media":989,"comment_status":"open","ping_status":"open","sticky":false,"template":"","format":"standard","meta":{"h5ap_radio_sources":[],"twitterCardType":"","cardImageID":0,"cardImage":"","cardTitle":"","cardDesc":"","cardImageAlt":"","cardPlayer":"","cardPlayerWidth":0,"cardPlayerHeight":0,"cardPlayerStream":"","cardPlayerCodec":"","footnotes":""},"categories":[1,17],"tags":[],"class_list":["post-984","post","type-post","status-publish","format-standard","has-post-thumbnail","hentry","category-allgemein","category-politik"],"yoast_head":"<!-- This site is optimized with the Yoast SEO plugin v27.5 - https:\/\/yoast.com\/product\/yoast-seo-wordpress\/ -->\n<title>Die Sache mit dem Neger - Klaus Kunze<\/title>\n<meta name=\"robots\" content=\"index, follow, max-snippet:-1, max-image-preview:large, max-video-preview:-1\" \/>\n<link rel=\"canonical\" href=\"https:\/\/klauskunze.com\/blog\/2019\/12\/21\/die-sache-mit-dem-neger\/\" \/>\n<meta property=\"og:locale\" content=\"de_DE\" \/>\n<meta property=\"og:type\" content=\"article\" \/>\n<meta property=\"og:title\" content=\"Die Sache mit dem Neger - Klaus Kunze\" \/>\n<meta property=\"og:description\" content=\"Wer die Sprache regelt, lenkt das Denken. Das wu\u00dfte schon George Orwell. Er lebte in der Zeit des Totalitarismus. Stalinistische und nationalsozialistische Herrschaftstechniken suchten Worte aus dem allgemeinen Sprachgebrauch zu verdr\u00e4ngen und dadurch das Bewu\u00dftsein zu ver\u00e4ndern. In Orwells weltber\u00fchmten Klassiker \u201e1984\u201c m\u00fcssen die Menschen \u201eNeusprech\u201c benutzen. Es gibt vorgeschriebene und verbotene Worte. Auch Hunde [&hellip;]\" \/>\n<meta property=\"og:url\" content=\"https:\/\/klauskunze.com\/blog\/2019\/12\/21\/die-sache-mit-dem-neger\/\" \/>\n<meta property=\"og:site_name\" content=\"Klaus Kunze\" \/>\n<meta property=\"article:published_time\" content=\"2019-12-21T16:53:54+00:00\" \/>\n<meta property=\"article:modified_time\" content=\"2019-12-22T08:51:37+00:00\" \/>\n<meta property=\"og:image\" content=\"https:\/\/klauskunze.com\/blog\/wp-content\/uploads\/2019\/12\/a_Thorn.jpg\" \/>\n\t<meta property=\"og:image:width\" content=\"700\" \/>\n\t<meta property=\"og:image:height\" content=\"678\" \/>\n\t<meta property=\"og:image:type\" content=\"image\/jpeg\" \/>\n<meta name=\"author\" content=\"Klaus Kunze\" \/>\n<meta name=\"twitter:label1\" content=\"Verfasst von\" \/>\n\t<meta name=\"twitter:data1\" content=\"Klaus Kunze\" \/>\n\t<meta name=\"twitter:label2\" content=\"Gesch\u00e4tzte Lesezeit\" \/>\n\t<meta name=\"twitter:data2\" content=\"7\u00a0Minuten\" \/>\n<script type=\"application\/ld+json\" class=\"yoast-schema-graph\">{\"@context\":\"https:\\\/\\\/schema.org\",\"@graph\":[{\"@type\":\"Article\",\"@id\":\"https:\\\/\\\/klauskunze.com\\\/blog\\\/2019\\\/12\\\/21\\\/die-sache-mit-dem-neger\\\/#article\",\"isPartOf\":{\"@id\":\"https:\\\/\\\/klauskunze.com\\\/blog\\\/2019\\\/12\\\/21\\\/die-sache-mit-dem-neger\\\/\"},\"author\":{\"name\":\"Klaus Kunze\",\"@id\":\"https:\\\/\\\/klauskunze.com\\\/blog\\\/#\\\/schema\\\/person\\\/9c091cf30ab68b897db6a517e3c3b11b\"},\"headline\":\"Die Sache mit dem Neger\",\"datePublished\":\"2019-12-21T16:53:54+00:00\",\"dateModified\":\"2019-12-22T08:51:37+00:00\",\"mainEntityOfPage\":{\"@id\":\"https:\\\/\\\/klauskunze.com\\\/blog\\\/2019\\\/12\\\/21\\\/die-sache-mit-dem-neger\\\/\"},\"wordCount\":1484,\"commentCount\":4,\"publisher\":{\"@id\":\"https:\\\/\\\/klauskunze.com\\\/blog\\\/#\\\/schema\\\/person\\\/9c091cf30ab68b897db6a517e3c3b11b\"},\"image\":{\"@id\":\"https:\\\/\\\/klauskunze.com\\\/blog\\\/2019\\\/12\\\/21\\\/die-sache-mit-dem-neger\\\/#primaryimage\"},\"thumbnailUrl\":\"https:\\\/\\\/klauskunze.com\\\/blog\\\/wp-content\\\/uploads\\\/2019\\\/12\\\/a_Thorn.jpg\",\"articleSection\":{\"1\":\"Politik\"},\"inLanguage\":\"de\",\"potentialAction\":[{\"@type\":\"CommentAction\",\"name\":\"Comment\",\"target\":[\"https:\\\/\\\/klauskunze.com\\\/blog\\\/2019\\\/12\\\/21\\\/die-sache-mit-dem-neger\\\/#respond\"]}]},{\"@type\":\"WebPage\",\"@id\":\"https:\\\/\\\/klauskunze.com\\\/blog\\\/2019\\\/12\\\/21\\\/die-sache-mit-dem-neger\\\/\",\"url\":\"https:\\\/\\\/klauskunze.com\\\/blog\\\/2019\\\/12\\\/21\\\/die-sache-mit-dem-neger\\\/\",\"name\":\"Die Sache mit dem Neger - Klaus Kunze\",\"isPartOf\":{\"@id\":\"https:\\\/\\\/klauskunze.com\\\/blog\\\/#website\"},\"primaryImageOfPage\":{\"@id\":\"https:\\\/\\\/klauskunze.com\\\/blog\\\/2019\\\/12\\\/21\\\/die-sache-mit-dem-neger\\\/#primaryimage\"},\"image\":{\"@id\":\"https:\\\/\\\/klauskunze.com\\\/blog\\\/2019\\\/12\\\/21\\\/die-sache-mit-dem-neger\\\/#primaryimage\"},\"thumbnailUrl\":\"https:\\\/\\\/klauskunze.com\\\/blog\\\/wp-content\\\/uploads\\\/2019\\\/12\\\/a_Thorn.jpg\",\"datePublished\":\"2019-12-21T16:53:54+00:00\",\"dateModified\":\"2019-12-22T08:51:37+00:00\",\"breadcrumb\":{\"@id\":\"https:\\\/\\\/klauskunze.com\\\/blog\\\/2019\\\/12\\\/21\\\/die-sache-mit-dem-neger\\\/#breadcrumb\"},\"inLanguage\":\"de\",\"potentialAction\":[{\"@type\":\"ReadAction\",\"target\":[\"https:\\\/\\\/klauskunze.com\\\/blog\\\/2019\\\/12\\\/21\\\/die-sache-mit-dem-neger\\\/\"]}]},{\"@type\":\"ImageObject\",\"inLanguage\":\"de\",\"@id\":\"https:\\\/\\\/klauskunze.com\\\/blog\\\/2019\\\/12\\\/21\\\/die-sache-mit-dem-neger\\\/#primaryimage\",\"url\":\"https:\\\/\\\/klauskunze.com\\\/blog\\\/wp-content\\\/uploads\\\/2019\\\/12\\\/a_Thorn.jpg\",\"contentUrl\":\"https:\\\/\\\/klauskunze.com\\\/blog\\\/wp-content\\\/uploads\\\/2019\\\/12\\\/a_Thorn.jpg\",\"width\":700,\"height\":678},{\"@type\":\"BreadcrumbList\",\"@id\":\"https:\\\/\\\/klauskunze.com\\\/blog\\\/2019\\\/12\\\/21\\\/die-sache-mit-dem-neger\\\/#breadcrumb\",\"itemListElement\":[{\"@type\":\"ListItem\",\"position\":1,\"name\":\"Startseite\",\"item\":\"https:\\\/\\\/klauskunze.com\\\/blog\\\/\"},{\"@type\":\"ListItem\",\"position\":2,\"name\":\"Die Sache mit dem Neger\"}]},{\"@type\":\"WebSite\",\"@id\":\"https:\\\/\\\/klauskunze.com\\\/blog\\\/#website\",\"url\":\"https:\\\/\\\/klauskunze.com\\\/blog\\\/\",\"name\":\"Klaus Kunze\",\"description\":\"Blog\",\"publisher\":{\"@id\":\"https:\\\/\\\/klauskunze.com\\\/blog\\\/#\\\/schema\\\/person\\\/9c091cf30ab68b897db6a517e3c3b11b\"},\"potentialAction\":[{\"@type\":\"SearchAction\",\"target\":{\"@type\":\"EntryPoint\",\"urlTemplate\":\"https:\\\/\\\/klauskunze.com\\\/blog\\\/?s={search_term_string}\"},\"query-input\":{\"@type\":\"PropertyValueSpecification\",\"valueRequired\":true,\"valueName\":\"search_term_string\"}}],\"inLanguage\":\"de\"},{\"@type\":[\"Person\",\"Organization\"],\"@id\":\"https:\\\/\\\/klauskunze.com\\\/blog\\\/#\\\/schema\\\/person\\\/9c091cf30ab68b897db6a517e3c3b11b\",\"name\":\"Klaus Kunze\",\"image\":{\"@type\":\"ImageObject\",\"inLanguage\":\"de\",\"@id\":\"https:\\\/\\\/secure.gravatar.com\\\/avatar\\\/5cd83cadbada9c331a79952fcca177ed3d3be4c7ad3239b9d934bf84adff15dd?s=96&d=blank&r=g\",\"url\":\"https:\\\/\\\/secure.gravatar.com\\\/avatar\\\/5cd83cadbada9c331a79952fcca177ed3d3be4c7ad3239b9d934bf84adff15dd?s=96&d=blank&r=g\",\"contentUrl\":\"https:\\\/\\\/secure.gravatar.com\\\/avatar\\\/5cd83cadbada9c331a79952fcca177ed3d3be4c7ad3239b9d934bf84adff15dd?s=96&d=blank&r=g\",\"caption\":\"Klaus Kunze\"},\"logo\":{\"@id\":\"https:\\\/\\\/secure.gravatar.com\\\/avatar\\\/5cd83cadbada9c331a79952fcca177ed3d3be4c7ad3239b9d934bf84adff15dd?s=96&d=blank&r=g\"},\"sameAs\":[\"http:\\\/\\\/KlausKunze.com\",\"https:\\\/\\\/x.com\\\/https:\\\/\\\/twitter.com\\\/KlausKunze3\"]}]}<\/script>\n<!-- \/ Yoast SEO plugin. -->","yoast_head_json":{"title":"Die Sache mit dem Neger - Klaus Kunze","robots":{"index":"index","follow":"follow","max-snippet":"max-snippet:-1","max-image-preview":"max-image-preview:large","max-video-preview":"max-video-preview:-1"},"canonical":"https:\/\/klauskunze.com\/blog\/2019\/12\/21\/die-sache-mit-dem-neger\/","og_locale":"de_DE","og_type":"article","og_title":"Die Sache mit dem Neger - Klaus Kunze","og_description":"Wer die Sprache regelt, lenkt das Denken. Das wu\u00dfte schon George Orwell. Er lebte in der Zeit des Totalitarismus. Stalinistische und nationalsozialistische Herrschaftstechniken suchten Worte aus dem allgemeinen Sprachgebrauch zu verdr\u00e4ngen und dadurch das Bewu\u00dftsein zu ver\u00e4ndern. In Orwells weltber\u00fchmten Klassiker \u201e1984\u201c m\u00fcssen die Menschen \u201eNeusprech\u201c benutzen. Es gibt vorgeschriebene und verbotene Worte. Auch Hunde [&hellip;]","og_url":"https:\/\/klauskunze.com\/blog\/2019\/12\/21\/die-sache-mit-dem-neger\/","og_site_name":"Klaus Kunze","article_published_time":"2019-12-21T16:53:54+00:00","article_modified_time":"2019-12-22T08:51:37+00:00","og_image":[{"width":700,"height":678,"url":"https:\/\/klauskunze.com\/blog\/wp-content\/uploads\/2019\/12\/a_Thorn.jpg","type":"image\/jpeg"}],"author":"Klaus Kunze","twitter_misc":{"Verfasst von":"Klaus Kunze","Gesch\u00e4tzte Lesezeit":"7\u00a0Minuten"},"schema":{"@context":"https:\/\/schema.org","@graph":[{"@type":"Article","@id":"https:\/\/klauskunze.com\/blog\/2019\/12\/21\/die-sache-mit-dem-neger\/#article","isPartOf":{"@id":"https:\/\/klauskunze.com\/blog\/2019\/12\/21\/die-sache-mit-dem-neger\/"},"author":{"name":"Klaus Kunze","@id":"https:\/\/klauskunze.com\/blog\/#\/schema\/person\/9c091cf30ab68b897db6a517e3c3b11b"},"headline":"Die Sache mit dem Neger","datePublished":"2019-12-21T16:53:54+00:00","dateModified":"2019-12-22T08:51:37+00:00","mainEntityOfPage":{"@id":"https:\/\/klauskunze.com\/blog\/2019\/12\/21\/die-sache-mit-dem-neger\/"},"wordCount":1484,"commentCount":4,"publisher":{"@id":"https:\/\/klauskunze.com\/blog\/#\/schema\/person\/9c091cf30ab68b897db6a517e3c3b11b"},"image":{"@id":"https:\/\/klauskunze.com\/blog\/2019\/12\/21\/die-sache-mit-dem-neger\/#primaryimage"},"thumbnailUrl":"https:\/\/klauskunze.com\/blog\/wp-content\/uploads\/2019\/12\/a_Thorn.jpg","articleSection":{"1":"Politik"},"inLanguage":"de","potentialAction":[{"@type":"CommentAction","name":"Comment","target":["https:\/\/klauskunze.com\/blog\/2019\/12\/21\/die-sache-mit-dem-neger\/#respond"]}]},{"@type":"WebPage","@id":"https:\/\/klauskunze.com\/blog\/2019\/12\/21\/die-sache-mit-dem-neger\/","url":"https:\/\/klauskunze.com\/blog\/2019\/12\/21\/die-sache-mit-dem-neger\/","name":"Die Sache mit dem Neger - Klaus Kunze","isPartOf":{"@id":"https:\/\/klauskunze.com\/blog\/#website"},"primaryImageOfPage":{"@id":"https:\/\/klauskunze.com\/blog\/2019\/12\/21\/die-sache-mit-dem-neger\/#primaryimage"},"image":{"@id":"https:\/\/klauskunze.com\/blog\/2019\/12\/21\/die-sache-mit-dem-neger\/#primaryimage"},"thumbnailUrl":"https:\/\/klauskunze.com\/blog\/wp-content\/uploads\/2019\/12\/a_Thorn.jpg","datePublished":"2019-12-21T16:53:54+00:00","dateModified":"2019-12-22T08:51:37+00:00","breadcrumb":{"@id":"https:\/\/klauskunze.com\/blog\/2019\/12\/21\/die-sache-mit-dem-neger\/#breadcrumb"},"inLanguage":"de","potentialAction":[{"@type":"ReadAction","target":["https:\/\/klauskunze.com\/blog\/2019\/12\/21\/die-sache-mit-dem-neger\/"]}]},{"@type":"ImageObject","inLanguage":"de","@id":"https:\/\/klauskunze.com\/blog\/2019\/12\/21\/die-sache-mit-dem-neger\/#primaryimage","url":"https:\/\/klauskunze.com\/blog\/wp-content\/uploads\/2019\/12\/a_Thorn.jpg","contentUrl":"https:\/\/klauskunze.com\/blog\/wp-content\/uploads\/2019\/12\/a_Thorn.jpg","width":700,"height":678},{"@type":"BreadcrumbList","@id":"https:\/\/klauskunze.com\/blog\/2019\/12\/21\/die-sache-mit-dem-neger\/#breadcrumb","itemListElement":[{"@type":"ListItem","position":1,"name":"Startseite","item":"https:\/\/klauskunze.com\/blog\/"},{"@type":"ListItem","position":2,"name":"Die Sache mit dem Neger"}]},{"@type":"WebSite","@id":"https:\/\/klauskunze.com\/blog\/#website","url":"https:\/\/klauskunze.com\/blog\/","name":"Klaus Kunze","description":"Blog","publisher":{"@id":"https:\/\/klauskunze.com\/blog\/#\/schema\/person\/9c091cf30ab68b897db6a517e3c3b11b"},"potentialAction":[{"@type":"SearchAction","target":{"@type":"EntryPoint","urlTemplate":"https:\/\/klauskunze.com\/blog\/?s={search_term_string}"},"query-input":{"@type":"PropertyValueSpecification","valueRequired":true,"valueName":"search_term_string"}}],"inLanguage":"de"},{"@type":["Person","Organization"],"@id":"https:\/\/klauskunze.com\/blog\/#\/schema\/person\/9c091cf30ab68b897db6a517e3c3b11b","name":"Klaus Kunze","image":{"@type":"ImageObject","inLanguage":"de","@id":"https:\/\/secure.gravatar.com\/avatar\/5cd83cadbada9c331a79952fcca177ed3d3be4c7ad3239b9d934bf84adff15dd?s=96&d=blank&r=g","url":"https:\/\/secure.gravatar.com\/avatar\/5cd83cadbada9c331a79952fcca177ed3d3be4c7ad3239b9d934bf84adff15dd?s=96&d=blank&r=g","contentUrl":"https:\/\/secure.gravatar.com\/avatar\/5cd83cadbada9c331a79952fcca177ed3d3be4c7ad3239b9d934bf84adff15dd?s=96&d=blank&r=g","caption":"Klaus Kunze"},"logo":{"@id":"https:\/\/secure.gravatar.com\/avatar\/5cd83cadbada9c331a79952fcca177ed3d3be4c7ad3239b9d934bf84adff15dd?s=96&d=blank&r=g"},"sameAs":["http:\/\/KlausKunze.com","https:\/\/x.com\/https:\/\/twitter.com\/KlausKunze3"]}]}},"post_mailing_queue_ids":[],"_links":{"self":[{"href":"https:\/\/klauskunze.com\/blog\/wp-json\/wp\/v2\/posts\/984","targetHints":{"allow":["GET"]}}],"collection":[{"href":"https:\/\/klauskunze.com\/blog\/wp-json\/wp\/v2\/posts"}],"about":[{"href":"https:\/\/klauskunze.com\/blog\/wp-json\/wp\/v2\/types\/post"}],"author":[{"embeddable":true,"href":"https:\/\/klauskunze.com\/blog\/wp-json\/wp\/v2\/users\/1"}],"replies":[{"embeddable":true,"href":"https:\/\/klauskunze.com\/blog\/wp-json\/wp\/v2\/comments?post=984"}],"version-history":[{"count":10,"href":"https:\/\/klauskunze.com\/blog\/wp-json\/wp\/v2\/posts\/984\/revisions"}],"predecessor-version":[{"id":1002,"href":"https:\/\/klauskunze.com\/blog\/wp-json\/wp\/v2\/posts\/984\/revisions\/1002"}],"wp:featuredmedia":[{"embeddable":true,"href":"https:\/\/klauskunze.com\/blog\/wp-json\/wp\/v2\/media\/989"}],"wp:attachment":[{"href":"https:\/\/klauskunze.com\/blog\/wp-json\/wp\/v2\/media?parent=984"}],"wp:term":[{"taxonomy":"category","embeddable":true,"href":"https:\/\/klauskunze.com\/blog\/wp-json\/wp\/v2\/categories?post=984"},{"taxonomy":"post_tag","embeddable":true,"href":"https:\/\/klauskunze.com\/blog\/wp-json\/wp\/v2\/tags?post=984"}],"curies":[{"name":"wp","href":"https:\/\/api.w.org\/{rel}","templated":true}]}}